{"id":490636,"date":"2023-02-17T23:07:44","date_gmt":"2023-02-17T23:07:44","guid":{"rendered":"https:\/\/dimensionturistica.com\/es\/?p=490636"},"modified":"2023-02-17T23:07:44","modified_gmt":"2023-02-17T23:07:44","slug":"crucero-de-vela-mas-grande-del-mundo-llega-por-primera-vez-a-yucatan","status":"publish","type":"post","link":"https:\/\/dimensionturistica.com\/es\/crucero-de-vela-mas-grande-del-mundo-llega-por-primera-vez-a-yucatan\/","title":{"rendered":"Crucero de vela m\u00e1s grande del mundo llega por primera vez a Yucat\u00e1n"},"content":{"rendered":"<p> <br \/>\n<\/p>\n<div id=\"cuerpo-nota\">\n<p style=\"text-align: justify;\">El <strong>Sea Cloud Spirit<\/strong>, conocido como uno de los <strong>cruceros de vela m\u00e1s grandes del mundo<\/strong>, lleg\u00f3 por primera vez al puerto de <strong>Progreso <\/strong>en <strong>Yucat\u00e1n<\/strong>.<\/p>\n<p style=\"text-align: justify;\">Su arribo es parte de la promoci\u00f3n nacional e internacional que se le ha dado a Yucat\u00e1n como parte de los trabajos de promoci\u00f3n a cargo del <strong>gobernador Mauricio Vila Dosal<\/strong>.\u00a0<\/p>\n<aside class=\"htmlinline\"\/>\n<aside class=\"relacionadas con-foto\"><strong class=\"relacionadas-titulo-gral\">Noticias Relacionadas<\/strong><\/aside>\n<p class=\"image-align-center\"><img decoding=\"async\" alt=\"\" height=\"511\" src=\"https:\/\/dimensionturistica.com\/es\/wp-content\/uploads\/2023\/02\/Crucero-de-vela-mas-grande-del-mundo-llega-por-primera.jpeg\" width=\"768\"\/><\/p>\n<p style=\"text-align: justify;\">Dicho nav\u00edo de <strong>Hamburgo <\/strong>proveniente de <strong>Cozumel <\/strong>en Quintana Roo, lleg\u00f3 este viernes a las 7:00 de la ma\u00f1ana en la\u00a0Terminal Internacional de Cruceros, en el Puerto de Altura en Progreso.\u00a0<\/p>\n<aside class=\"htmlinline\"\/>\n<aside class=\"relacionadas con-foto\"><strong class=\"relacionadas-titulo-gral\">Noticias Relacionadas<\/strong><\/aside>\n<p style=\"text-align: justify;\">Posteriormente, el\u00a0Sea Cloud Spirit continuar\u00e1 con su agenda hacia<strong>\u00a0Bimini, Bahamas<\/strong>, y concluir\u00e1 este viaje de 17 d\u00edas en <strong>Miami, Florida<\/strong>.<\/p>\n<p class=\"image-align-center\"><img decoding=\"async\" alt=\"\" height=\"432\" src=\"https:\/\/dimensionturistica.com\/es\/wp-content\/uploads\/2023\/02\/1676675260_793_Crucero-de-vela-mas-grande-del-mundo-llega-por-primera.jpeg\" width=\"768\"\/><\/p>\n<p style=\"text-align: justify;\">Cabe se\u00f1alar que con\u00a0penas 2 a\u00f1os de existencia, ofrece lo m\u00e1s moderno en amenidades, como su propio complejo de masajes y relajaci\u00f3n, piscina, biblioteca, hospital y varios restaurantes.<\/p>\n<p style=\"text-align: justify;\">Durante el 2022, Progreso se mantuvo en el tercer lugar en la llegada de cruceros en la regi\u00f3n del Golfo-Caribe, de acuerdo con la informaci\u00f3n de la Secretar\u00eda de Marina, colocando a Yucat\u00e1n con un 67.7% de llegadas, as\u00ed como un 54.4% de pasajeros comparado con cifras registradas en 2019.\u00a0\n<\/p>\n<p style=\"text-align: justify;\">S\u00edguenos en<a rel=\"nofollow noopener\" target=\"_blank\" href=\"https:\/\/news.google.com\/publications\/CAAqBwgKMMLDmwswhs6zAw?oc=3&amp;ceid=MX:es-419&amp;hl=es-419&amp;gl=MX\"> Google News <\/a>y recibe la mejor informaci\u00f3n\n<\/p>\n<p style=\"text-align: justify;\">GC<\/p>\n<\/div>\n<p><script>\n      window.fbAsyncInit = function() {\n        FB.init({\n          appId      : '{292213061927134}',\n          status     : true,\n\t\t  version:  'v2.7',\n          xfbml      : true\n        });\nFB.Event.subscribe('comment.create', function (response) {grabacom_compa(371770)});\t\nFB.Event.subscribe('comment.remove',  function (response) {grabacom_compa(371770)});\t\nFB.Event.subscribe('edge.create',  function (response) {grabacom_compa(371770)});\nFB.Event.subscribe('edge.remove',  function (response) {grabacom_compa(371770)});\n      };\n(function(d, s, id) {\n  var js, fjs = d.getElementsByTagName(s)[0];\n  if (d.getElementById(id)) return;\n  js = d.createElement(s); js.id = id;\n  js.src = \"\/\/connect.facebook.net\/es_LA\/sdk.js#xfbml=1&version=v2.7&appId=292213061927134\";\n  fjs.parentNode.insertBefore(js, fjs);\n}(document, 'script', 'facebook-jssdk'));\n    <\/script><br \/>\n<br \/><\/p>\n<p><em> &#8221; Fuentes www.poresto.net &#8221; <\/em><\/p>\n","protected":false},"excerpt":{"rendered":"<p>El Sea Cloud Spirit, conocido como uno de los cruceros de vela m\u00e1s grandes del mundo, lleg\u00f3 por primera vez al puerto de Progreso en Yucat\u00e1n. Su arribo es parte de la promoci\u00f3n nacional e internacional que se le ha dado a Yucat\u00e1n como parte de los trabajos de promoci\u00f3n a cargo del gobernador Mauricio [&hellip;]<\/p>\n","protected":false},"author":4,"featured_media":490637,"comment_status":"open","ping_status":"closed","sticky":false,"template":"","format":"standard","meta":{"om_disable_all_campaigns":false,"jnews-multi-image_gallery":[],"jnews_single_post":[],"jnews_primary_category":[],"jnews_social_meta":[],"footnotes":""},"categories":[41],"tags":[7125,2504],"class_list":["post-490636","post","type-post","status-publish","format-standard","has-post-thumbnail","hentry","category-cruceros","tag-progreso","tag-yucatan"],"_links":{"self":[{"href":"https:\/\/dimensionturistica.com\/es\/wp-json\/wp\/v2\/posts\/490636","targetHints":{"allow":["GET"]}}],"collection":[{"href":"https:\/\/dimensionturistica.com\/es\/wp-json\/wp\/v2\/posts"}],"about":[{"href":"https:\/\/dimensionturistica.com\/es\/wp-json\/wp\/v2\/types\/post"}],"author":[{"embeddable":true,"href":"https:\/\/dimensionturistica.com\/es\/wp-json\/wp\/v2\/users\/4"}],"replies":[{"embeddable":true,"href":"https:\/\/dimensionturistica.com\/es\/wp-json\/wp\/v2\/comments?post=490636"}],"version-history":[{"count":0,"href":"https:\/\/dimensionturistica.com\/es\/wp-json\/wp\/v2\/posts\/490636\/revisions"}],"wp:featuredmedia":[{"embeddable":true,"href":"https:\/\/dimensionturistica.com\/es\/wp-json\/wp\/v2\/media\/490637"}],"wp:attachment":[{"href":"https:\/\/dimensionturistica.com\/es\/wp-json\/wp\/v2\/media?parent=490636"}],"wp:term":[{"taxonomy":"category","embeddable":true,"href":"https:\/\/dimensionturistica.com\/es\/wp-json\/wp\/v2\/categories?post=490636"},{"taxonomy":"post_tag","embeddable":true,"href":"https:\/\/dimensionturistica.com\/es\/wp-json\/wp\/v2\/tags?post=490636"}],"curies":[{"name":"wp","href":"https:\/\/api.w.org\/{rel}","templated":true}]}}