{"id":490627,"date":"2023-02-17T22:51:35","date_gmt":"2023-02-17T22:51:35","guid":{"rendered":"https:\/\/dimensionturistica.com\/es\/?p=490627"},"modified":"2023-02-17T22:51:35","modified_gmt":"2023-02-17T22:51:35","slug":"empleado-de-un-crucero-sufre-congestion-etilica-en-cozumel","status":"publish","type":"post","link":"https:\/\/dimensionturistica.com\/es\/empleado-de-un-crucero-sufre-congestion-etilica-en-cozumel\/","title":{"rendered":"Empleado de un crucero sufre congesti\u00f3n et\u00edlica en Cozumel"},"content":{"rendered":"<p> <br \/>\n<\/p>\n<div id=\"cuerpo-nota\">\n<p>Mart\u00edn Joseph Pastri Prepare dinner, <strong>empleado del crucero <\/strong>Oasis of the Seas, de la l\u00ednea Royal Caribean, fue trasladado en <strong>estado cr\u00edtico <\/strong>a un <strong>hospital<\/strong>, luego que aparentemente sufriera una <strong>congesti\u00f3n alcoh\u00f3lica <\/strong>mientras nadaba. Clientes de un membership de playa que se percataron de los hechos lograron sacarlo del mar, aunque inconsciente.<\/p>\n<p>La informaci\u00f3n recabada se\u00f1ala que el n\u00famero de emergencias <strong>911 <\/strong>recibi\u00f3 el reporte de una persona que hab\u00edan sacado hasta la orilla del mar y que se encontraba inconsciente, mismo a quien se le observ\u00f3 compartiendo una mesa con dos personas m\u00e1s e ingiriendo <strong>bebidas alcoh\u00f3licas<\/strong>.<\/p>\n<aside class=\"htmlinline\"\/>\n<aside class=\"relacionadas con-foto\"><strong class=\"relacionadas-titulo-gral\">Noticias Relacionadas<\/strong><\/aside>\n<p>Param\u00e9dicos de una cl\u00ednica privada arribaron al lugar y le dieron los primeros auxilios al trabajador del crucero, quien permanec\u00eda inerte sobre el piso y cubierto de enviornment, para su traslado hospitalario.<\/p>\n<p><img decoding=\"async\" alt=\"\" height=\"576\" src=\"https:\/\/dimensionturistica.com\/es\/wp-content\/uploads\/2023\/02\/Empleado-de-un-crucero-sufre-congestion-etilica-en-Cozumel.png\" width=\"768\"\/><\/p>\n<aside class=\"htmlinline\"\/>\n<aside class=\"relacionadas con-foto\"><strong class=\"relacionadas-titulo-gral\">Noticias Relacionadas<\/strong><\/aside>\n<p>En el lugar, una mujer entreg\u00f3 a los elementos policiacos una mochila negra con las pertenencias del hombre y que lo identificaban como <strong>Mart\u00edn Joseph Pastri Prepare dinner <\/strong>y parte de la brigada laboral del <strong>crucero Oasis of the Seas<\/strong>, de la l\u00ednea Royal Caribean.<\/p>\n<p>Private de la agencia consignataria lleg\u00f3 al hospital y les indicaron a los polic\u00edas y private de la cl\u00ednica que se har\u00edan cargo de la situaci\u00f3n, brind\u00e1ndole todo el apoyo al paciente.<\/p>\n<p>Hasta el cierre de esta edici\u00f3n, se inform\u00f3 que el hombre, de 32 a\u00f1os, fue estabilizado y se encontraba fuera de peligro.<\/p>\n<p>S\u00edguenos en <a rel=\"nofollow noopener\" target=\"_blank\" href=\"https:\/\/news.google.com\/publications\/CAAqBwgKMMLDmwswhs6zAw\/sections\/CAQqEAgAKgcICjDCw5sLMIbOswMw3rLeBg?hl=es-419&amp;gl=MX&amp;ceid=MX%3Aes-419\">Google News <\/a>y recibe la mejor informaci\u00f3n\n<\/p>\n<p>NR<\/p>\n<\/div>\n<p><script>\n      window.fbAsyncInit = function() {\n        FB.init({\n          appId      : '{292213061927134}',\n          status     : true,\n\t\t  version:  'v2.7',\n          xfbml      : true\n        });\nFB.Event.subscribe('comment.create', function (response) {grabacom_compa(371728)});\t\nFB.Event.subscribe('comment.remove',  function (response) {grabacom_compa(371728)});\t\nFB.Event.subscribe('edge.create',  function (response) {grabacom_compa(371728)});\nFB.Event.subscribe('edge.remove',  function (response) {grabacom_compa(371728)});\n      };\n(function(d, s, id) {\n  var js, fjs = d.getElementsByTagName(s)[0];\n  if (d.getElementById(id)) return;\n  js = d.createElement(s); js.id = id;\n  js.src = \"\/\/connect.facebook.net\/es_LA\/sdk.js#xfbml=1&version=v2.7&appId=292213061927134\";\n  fjs.parentNode.insertBefore(js, fjs);\n}(document, 'script', 'facebook-jssdk'));\n    <\/script><br \/>\n<br \/><\/p>\n<p><em> &#8221; Fuentes www.poresto.net &#8221; <\/em><\/p>\n","protected":false},"excerpt":{"rendered":"<p>Mart\u00edn Joseph Pastri Prepare dinner, empleado del crucero Oasis of the Seas, de la l\u00ednea Royal Caribean, fue trasladado en estado cr\u00edtico a un hospital, luego que aparentemente sufriera una congesti\u00f3n alcoh\u00f3lica mientras nadaba. Clientes de un membership de playa que se percataron de los hechos lograron sacarlo del mar, aunque inconsciente. La informaci\u00f3n recabada [&hellip;]<\/p>\n","protected":false},"author":4,"featured_media":490628,"comment_status":"open","ping_status":"closed","sticky":false,"template":"","format":"standard","meta":{"om_disable_all_campaigns":false,"jnews-multi-image_gallery":[],"jnews_single_post":[],"jnews_primary_category":[],"jnews_social_meta":[],"footnotes":""},"categories":[41],"tags":[63779,1065,3316],"class_list":["post-490627","post","type-post","status-publish","format-standard","has-post-thumbnail","hentry","category-cruceros","tag-congestion-etilica","tag-cozumel","tag-hospital"],"_links":{"self":[{"href":"https:\/\/dimensionturistica.com\/es\/wp-json\/wp\/v2\/posts\/490627","targetHints":{"allow":["GET"]}}],"collection":[{"href":"https:\/\/dimensionturistica.com\/es\/wp-json\/wp\/v2\/posts"}],"about":[{"href":"https:\/\/dimensionturistica.com\/es\/wp-json\/wp\/v2\/types\/post"}],"author":[{"embeddable":true,"href":"https:\/\/dimensionturistica.com\/es\/wp-json\/wp\/v2\/users\/4"}],"replies":[{"embeddable":true,"href":"https:\/\/dimensionturistica.com\/es\/wp-json\/wp\/v2\/comments?post=490627"}],"version-history":[{"count":0,"href":"https:\/\/dimensionturistica.com\/es\/wp-json\/wp\/v2\/posts\/490627\/revisions"}],"wp:featuredmedia":[{"embeddable":true,"href":"https:\/\/dimensionturistica.com\/es\/wp-json\/wp\/v2\/media\/490628"}],"wp:attachment":[{"href":"https:\/\/dimensionturistica.com\/es\/wp-json\/wp\/v2\/media?parent=490627"}],"wp:term":[{"taxonomy":"category","embeddable":true,"href":"https:\/\/dimensionturistica.com\/es\/wp-json\/wp\/v2\/categories?post=490627"},{"taxonomy":"post_tag","embeddable":true,"href":"https:\/\/dimensionturistica.com\/es\/wp-json\/wp\/v2\/tags?post=490627"}],"curies":[{"name":"wp","href":"https:\/\/api.w.org\/{rel}","templated":true}]}}