{"id":490474,"date":"2023-02-17T19:48:02","date_gmt":"2023-02-17T19:48:02","guid":{"rendered":"https:\/\/dimensionturistica.com\/es\/?p=490474"},"modified":"2023-02-17T19:48:02","modified_gmt":"2023-02-17T19:48:02","slug":"san-luis-capital-sera-sede-de-world-meetings-forum-summit-2023","status":"publish","type":"post","link":"https:\/\/dimensionturistica.com\/es\/san-luis-capital-sera-sede-de-world-meetings-forum-summit-2023\/","title":{"rendered":"San Luis Capital, ser\u00e1 sede de World Meetings Forum Summit 2023"},"content":{"rendered":"<p>Bajo el firme compromiso de dinamizar la industria tur\u00edstica en San Luis Capital y dando continuidad a los esfuerzos para su proyecci\u00f3n a nivel internacional, el alcalde de la entidad, Enrique Galindo Ceballos dio a conocer que la ciudad ser\u00e1<img decoding=\"async\" class=\"size-medium wp-image-490480 alignright\" src=\"https:\/\/dimensionturistica.com\/es\/wp-content\/uploads\/2023\/02\/WMF-ReimagineSL-Capital-3-300x200.jpeg\" alt=\"\" width=\"300\" height=\"200\" srcset=\"https:\/\/dimensionturistica.com\/es\/wp-content\/uploads\/2023\/02\/WMF-ReimagineSL-Capital-3-300x200.jpeg 300w, https:\/\/dimensionturistica.com\/es\/wp-content\/uploads\/2023\/02\/WMF-ReimagineSL-Capital-3-1024x682.jpeg 1024w, https:\/\/dimensionturistica.com\/es\/wp-content\/uploads\/2023\/02\/WMF-ReimagineSL-Capital-3-768x512.jpeg 768w, https:\/\/dimensionturistica.com\/es\/wp-content\/uploads\/2023\/02\/WMF-ReimagineSL-Capital-3-1536x1023.jpeg 1536w, https:\/\/dimensionturistica.com\/es\/wp-content\/uploads\/2023\/02\/WMF-ReimagineSL-Capital-3-750x500.jpeg 750w, https:\/\/dimensionturistica.com\/es\/wp-content\/uploads\/2023\/02\/WMF-ReimagineSL-Capital-3-1140x760.jpeg 1140w, https:\/\/dimensionturistica.com\/es\/wp-content\/uploads\/2023\/02\/WMF-ReimagineSL-Capital-3.jpeg 1600w\" sizes=\"(max-width: 300px) 100vw, 300px\" \/> sede de World Meetings Forum Summit Reimagine San Luis Capital en su onceava edici\u00f3n.<br \/>\n#ReimagineSL Capital ser\u00e1 el lema de este encuentro que se llevar\u00e1 cabo del 26 al 29 de julio del presente a\u00f1o y en el cual se tienen contemplados 50 compradores especializados lo cual se traduce en una clara oportunidad de negocios de manera directa e indirecta, en el fortalecimiento del sector y una ventana para dar a conocer la capital como un destino para todos.<br \/>\nEste evento de alto impacto en la industria de reuniones permitir\u00e1 a San Luis Capital dar a conocer a los asistentes sus fortalezas en el segmento MICE y al mismo tiempo, dar\u00e1 acceso a los participantes locales a los contenidos durante el evento como las conferencias magistrales, eventos sociales, oportunidades comerciales y de networking entre los protagonistas de la industria global de eventos en un ambiente de inclusi\u00f3n de personas con discapacidad.<br \/>\n\u201cEstamos trabajando en una promoci\u00f3n integral de nuestra ciudad y nos enorgullece ser sede de este evento que fortalece a nuestra industria tur\u00edstica y nos proyecta como un destino ideal para la organizaci\u00f3n de eventos. Estamos preparados para recibir a la industria de reuniones y seguir impulsando eventos y convenciones en San Luis Capital, un destino para todos, en donde adem\u00e1s de disfrutar por su belleza y tradiciones, se puede hacer negocio\u201d, afirm\u00f3 el alcalde Enrique Galindo al respecto.<br \/>\nPor su parte, Rafael Hernandez, chairman de World Meetings Forum a\u00f1adi\u00f3: \u201cWMF Summit Reimagine San Luis Capital llega a este gran destino para conectar a compradores que traen en sus manos la decisi\u00f3n de eventos, congresos<img decoding=\"async\" class=\"size-medium wp-image-490479 alignright\" src=\"https:\/\/dimensionturistica.com\/es\/wp-content\/uploads\/2023\/02\/WMF-ReimagineSL-Capital-2-300x200.jpeg\" alt=\"\" width=\"300\" height=\"200\" srcset=\"https:\/\/dimensionturistica.com\/es\/wp-content\/uploads\/2023\/02\/WMF-ReimagineSL-Capital-2-300x200.jpeg 300w, https:\/\/dimensionturistica.com\/es\/wp-content\/uploads\/2023\/02\/WMF-ReimagineSL-Capital-2-1024x682.jpeg 1024w, https:\/\/dimensionturistica.com\/es\/wp-content\/uploads\/2023\/02\/WMF-ReimagineSL-Capital-2-768x512.jpeg 768w, https:\/\/dimensionturistica.com\/es\/wp-content\/uploads\/2023\/02\/WMF-ReimagineSL-Capital-2-1536x1023.jpeg 1536w, https:\/\/dimensionturistica.com\/es\/wp-content\/uploads\/2023\/02\/WMF-ReimagineSL-Capital-2-750x500.jpeg 750w, https:\/\/dimensionturistica.com\/es\/wp-content\/uploads\/2023\/02\/WMF-ReimagineSL-Capital-2-1140x760.jpeg 1140w, https:\/\/dimensionturistica.com\/es\/wp-content\/uploads\/2023\/02\/WMF-ReimagineSL-Capital-2.jpeg 1600w\" sizes=\"(max-width: 300px) 100vw, 300px\" \/> convenciones, eventos corporativos, grupos de incentivo para poderles ense\u00f1ar toda la magia de la cultura, de la historia, de la tradici\u00f3n, de la riqueza culinaria que puede ser esencial para los eventos\u201d<br \/>\nLa celebraci\u00f3n de WMF Summit en San Luis Capital se alinea con los pilares de promoci\u00f3n tur\u00edstica de la entidad la cual seguir\u00e1 de manera intensa durante este a\u00f1o, promoviendo la industria de la hospitalidad a trav\u00e9s de acciones que se traducen en una nutrida cartera de eventos que se esperan sigan atrayendo visitantes y que generan resultados como el incremento de turistas del 29.1 por ciento en 2022 con respecto al a\u00f1o 2021, porcentaje que se refleja en una derrama econ\u00f3mica de 33 puntos porcentuales de acuerdo con informaci\u00f3n de Datatur.<\/p>\n","protected":false},"excerpt":{"rendered":"<p>Bajo el firme compromiso de dinamizar la industria tur\u00edstica en San Luis Capital y dando continuidad a los esfuerzos para su proyecci\u00f3n a nivel internacional, el alcalde de la entidad, Enrique Galindo Ceballos dio a conocer que la ciudad ser\u00e1 sede de World Meetings Forum Summit Reimagine San Luis Capital en su onceava edici\u00f3n. #ReimagineSL [&hellip;]<\/p>\n","protected":false},"author":1,"featured_media":490478,"comment_status":"open","ping_status":"closed","sticky":false,"template":"","format":"standard","meta":{"om_disable_all_campaigns":false,"jnews-multi-image_gallery":[],"jnews_single_post":{"source_name":"","source_url":"","via_name":"","via_url":"","override_template":"0","override":[{"template":"1","single_blog_custom":"","parallax":"1","fullscreen":"1","layout":"right-sidebar","sidebar":"default-sidebar","second_sidebar":"default-sidebar","sticky_sidebar":"1","share_position":"top","share_float_style":"share-monocrhome","show_share_counter":"1","show_view_counter":"1","show_featured":"1","show_post_meta":"1","show_post_author":"1","show_post_author_image":"1","show_post_date":"1","post_date_format":"default","post_date_format_custom":"Y\/m\/d","show_post_category":"1","show_post_reading_time":"0","post_reading_time_wpm":"300","show_zoom_button":"0","zoom_button_out_step":"2","zoom_button_in_step":"3","show_post_tag":"1","show_prev_next_post":"1","show_popup_post":"1","number_popup_post":"1","show_author_box":"0","show_post_related":"0","show_inline_post_related":"0"}],"override_image_size":"0","image_override":[{"single_post_thumbnail_size":"crop-500","single_post_gallery_size":"crop-500"}],"trending_post":"0","trending_post_position":"meta","trending_post_label":"Trending","sponsored_post":"0","sponsored_post_label":"Sponsored by","sponsored_post_name":"","sponsored_post_url":"","sponsored_post_logo_enable":"0","sponsored_post_logo":"","sponsored_post_desc":"","disable_ad":"0"},"jnews_primary_category":{"id":"","hide":""},"jnews_social_meta":{"fb_title":"","fb_description":"","fb_image":"","twitter_title":"","twitter_description":"","twitter_image":""},"footnotes":""},"categories":[39],"tags":[],"class_list":["post-490474","post","type-post","status-publish","format-standard","has-post-thumbnail","hentry","category-viajes"],"_links":{"self":[{"href":"https:\/\/dimensionturistica.com\/es\/wp-json\/wp\/v2\/posts\/490474","targetHints":{"allow":["GET"]}}],"collection":[{"href":"https:\/\/dimensionturistica.com\/es\/wp-json\/wp\/v2\/posts"}],"about":[{"href":"https:\/\/dimensionturistica.com\/es\/wp-json\/wp\/v2\/types\/post"}],"author":[{"embeddable":true,"href":"https:\/\/dimensionturistica.com\/es\/wp-json\/wp\/v2\/users\/1"}],"replies":[{"embeddable":true,"href":"https:\/\/dimensionturistica.com\/es\/wp-json\/wp\/v2\/comments?post=490474"}],"version-history":[{"count":0,"href":"https:\/\/dimensionturistica.com\/es\/wp-json\/wp\/v2\/posts\/490474\/revisions"}],"wp:featuredmedia":[{"embeddable":true,"href":"https:\/\/dimensionturistica.com\/es\/wp-json\/wp\/v2\/media\/490478"}],"wp:attachment":[{"href":"https:\/\/dimensionturistica.com\/es\/wp-json\/wp\/v2\/media?parent=490474"}],"wp:term":[{"taxonomy":"category","embeddable":true,"href":"https:\/\/dimensionturistica.com\/es\/wp-json\/wp\/v2\/categories?post=490474"},{"taxonomy":"post_tag","embeddable":true,"href":"https:\/\/dimensionturistica.com\/es\/wp-json\/wp\/v2\/tags?post=490474"}],"curies":[{"name":"wp","href":"https:\/\/api.w.org\/{rel}","templated":true}]}}