{"id":489885,"date":"2023-02-17T00:28:14","date_gmt":"2023-02-17T00:28:14","guid":{"rendered":"https:\/\/dimensionturistica.com\/es\/?p=489885"},"modified":"2023-02-17T00:28:14","modified_gmt":"2023-02-17T00:28:14","slug":"lideres-de-la-aviacion-mexicana-lanzan-concurso-para-acelerar-el-desarrollo-de-combustibles-de-aviacion-sostenible-saf-en-el-pais-2","status":"publish","type":"post","link":"https:\/\/dimensionturistica.com\/es\/lideres-de-la-aviacion-mexicana-lanzan-concurso-para-acelerar-el-desarrollo-de-combustibles-de-aviacion-sostenible-saf-en-el-pais-2\/","title":{"rendered":"L\u00edderes de la aviaci\u00f3n mexicana lanzan concurso para acelerar el desarrollo de Combustibles de Aviaci\u00f3n Sostenible (SAF) en el pa\u00eds"},"content":{"rendered":"<p>Las principales compa\u00f1\u00edas y asociaciones de aviaci\u00f3n en M\u00e9xico convocan a la academia y a las instituciones de investigaci\u00f3n del pa\u00eds a presentar propuestas sobre las formas de acelerar la producci\u00f3n y escalabilidad de los Combustibles de Aviaci\u00f3n Sostenible (SAF). Las inscripciones al concurso ser\u00e1n aceptadas hasta el 31 de enero de 2023, y los proyectos ganadores ser\u00e1n revelados durante el<img decoding=\"async\" class=\"size-medium wp-image-489893 alignright\" src=\"https:\/\/dimensionturistica.com\/es\/wp-content\/uploads\/2023\/02\/VOLCARIS-300x172.jpg\" alt=\"\" width=\"300\" height=\"172\" srcset=\"https:\/\/dimensionturistica.com\/es\/wp-content\/uploads\/2023\/02\/VOLCARIS-300x172.jpg 300w, https:\/\/dimensionturistica.com\/es\/wp-content\/uploads\/2023\/02\/VOLCARIS.jpg 474w\" sizes=\"(max-width: 300px) 100vw, 300px\" \/> pr\u00f3ximo FAMEX Airshow en abril.<br \/>\nLos principales actores de la industria de la aviaci\u00f3n, incluyendo el Consejo Mexicano de Educaci\u00f3n Aeroespacial (COMEA), la Federaci\u00f3n Mexicana de la Industria Aeroespacial (FEMIA), la Asociaci\u00f3n A\u00e9rea Internacional (IATA), la Iniciativa para los Combustibles Sostenibles de Aviaci\u00f3n en M\u00e9xico (ICSA), la C\u00e1mara Nacional de Aerotransportes (CANAERO), la Feria Aeroespacial M\u00e9xico (FAMEX), Viva Aerobus y Volaris se han asociado con Airbus para consolidar la experiencia de M\u00e9xico y evaluar c\u00f3mo el pa\u00eds puede acelerar la producci\u00f3n de combustible y la diversidad de biomasa como fuente de<br \/>\ninnovaci\u00f3n y crecimiento econ\u00f3mico sostenible.<br \/>\nLa aviaci\u00f3n representa entre el 2 y 3 por ciento de las emisiones mundiales de CO<img decoding=\"async\" class=\"size-medium wp-image-489894 alignright\" src=\"https:\/\/dimensionturistica.com\/es\/wp-content\/uploads\/2023\/02\/VIVAEROBUS-300x203.jpg\" alt=\"\" width=\"300\" height=\"203\" srcset=\"https:\/\/dimensionturistica.com\/es\/wp-content\/uploads\/2023\/02\/VIVAEROBUS-300x203.jpg 300w, https:\/\/dimensionturistica.com\/es\/wp-content\/uploads\/2023\/02\/VIVAEROBUS-1024x694.jpg 1024w, https:\/\/dimensionturistica.com\/es\/wp-content\/uploads\/2023\/02\/VIVAEROBUS-768x520.jpg 768w, https:\/\/dimensionturistica.com\/es\/wp-content\/uploads\/2023\/02\/VIVAEROBUS-750x508.jpg 750w, https:\/\/dimensionturistica.com\/es\/wp-content\/uploads\/2023\/02\/VIVAEROBUS-1140x772.jpg 1140w, https:\/\/dimensionturistica.com\/es\/wp-content\/uploads\/2023\/02\/VIVAEROBUS.jpg 1500w\" sizes=\"(max-width: 300px) 100vw, 300px\" \/> 2 . Actores de todo el mundo interesados en la aviaci\u00f3n est\u00e1n trabajando para alcanzar el objetivo de cero emisiones de carbono para 2050, tal y como se comprometi\u00f3 durante la 41\u00aa sesi\u00f3n de la Asamblea de la OACI celebrada en Montreal en octubre pasado. Las autoridades y los organismos reguladores de la aviaci\u00f3n internacional consideran que el SAF es un pilar clave de la descarbonizaci\u00f3n para alcanzar las ambiciones mundiales de cero emisiones netas y se espera que represente hasta el 65 por ciento del objetivo de 2050.<\/p>\n","protected":false},"excerpt":{"rendered":"<p>Las principales compa\u00f1\u00edas y asociaciones de aviaci\u00f3n en M\u00e9xico convocan a la academia y a las instituciones de investigaci\u00f3n del pa\u00eds a presentar propuestas sobre las formas de acelerar la producci\u00f3n y escalabilidad de los Combustibles de Aviaci\u00f3n Sostenible (SAF). Las inscripciones al concurso ser\u00e1n aceptadas hasta el 31 de enero de 2023, y los [&hellip;]<\/p>\n","protected":false},"author":1,"featured_media":489892,"comment_status":"open","ping_status":"closed","sticky":false,"template":"","format":"standard","meta":{"om_disable_all_campaigns":false,"jnews-multi-image_gallery":[],"jnews_single_post":{"source_name":"","source_url":"","via_name":"","via_url":"","override_template":"0","override":[{"template":"1","single_blog_custom":"","parallax":"1","fullscreen":"1","layout":"right-sidebar","sidebar":"default-sidebar","second_sidebar":"default-sidebar","sticky_sidebar":"1","share_position":"top","share_float_style":"share-monocrhome","show_share_counter":"1","show_view_counter":"1","show_featured":"1","show_post_meta":"1","show_post_author":"1","show_post_author_image":"1","show_post_date":"1","post_date_format":"default","post_date_format_custom":"Y\/m\/d","show_post_category":"1","show_post_reading_time":"0","post_reading_time_wpm":"300","show_zoom_button":"0","zoom_button_out_step":"2","zoom_button_in_step":"3","show_post_tag":"1","show_prev_next_post":"1","show_popup_post":"1","number_popup_post":"1","show_author_box":"0","show_post_related":"0","show_inline_post_related":"0"}],"override_image_size":"0","image_override":[{"single_post_thumbnail_size":"crop-500","single_post_gallery_size":"crop-500"}],"trending_post":"0","trending_post_position":"meta","trending_post_label":"Trending","sponsored_post":"0","sponsored_post_label":"Sponsored by","sponsored_post_name":"","sponsored_post_url":"","sponsored_post_logo_enable":"0","sponsored_post_logo":"","sponsored_post_desc":"","disable_ad":"0"},"jnews_primary_category":{"id":"","hide":""},"jnews_social_meta":{"fb_title":"","fb_description":"","fb_image":"","twitter_title":"","twitter_description":"","twitter_image":""},"footnotes":""},"categories":[40],"tags":[],"class_list":["post-489885","post","type-post","status-publish","format-standard","has-post-thumbnail","hentry","category-industria"],"_links":{"self":[{"href":"https:\/\/dimensionturistica.com\/es\/wp-json\/wp\/v2\/posts\/489885","targetHints":{"allow":["GET"]}}],"collection":[{"href":"https:\/\/dimensionturistica.com\/es\/wp-json\/wp\/v2\/posts"}],"about":[{"href":"https:\/\/dimensionturistica.com\/es\/wp-json\/wp\/v2\/types\/post"}],"author":[{"embeddable":true,"href":"https:\/\/dimensionturistica.com\/es\/wp-json\/wp\/v2\/users\/1"}],"replies":[{"embeddable":true,"href":"https:\/\/dimensionturistica.com\/es\/wp-json\/wp\/v2\/comments?post=489885"}],"version-history":[{"count":0,"href":"https:\/\/dimensionturistica.com\/es\/wp-json\/wp\/v2\/posts\/489885\/revisions"}],"wp:featuredmedia":[{"embeddable":true,"href":"https:\/\/dimensionturistica.com\/es\/wp-json\/wp\/v2\/media\/489892"}],"wp:attachment":[{"href":"https:\/\/dimensionturistica.com\/es\/wp-json\/wp\/v2\/media?parent=489885"}],"wp:term":[{"taxonomy":"category","embeddable":true,"href":"https:\/\/dimensionturistica.com\/es\/wp-json\/wp\/v2\/categories?post=489885"},{"taxonomy":"post_tag","embeddable":true,"href":"https:\/\/dimensionturistica.com\/es\/wp-json\/wp\/v2\/tags?post=489885"}],"curies":[{"name":"wp","href":"https:\/\/api.w.org\/{rel}","templated":true}]}}