{"id":489800,"date":"2023-02-16T22:57:55","date_gmt":"2023-02-16T22:57:55","guid":{"rendered":"https:\/\/dimensionturistica.com\/es\/?p=489800"},"modified":"2023-02-16T22:57:56","modified_gmt":"2023-02-16T22:57:56","slug":"mejores-ciudades-para-festejarlo-en-eeuu","status":"publish","type":"post","link":"https:\/\/dimensionturistica.com\/es\/mejores-ciudades-para-festejarlo-en-eeuu\/","title":{"rendered":"Mejores ciudades para festejarlo en EEUU"},"content":{"rendered":"<p> <br \/>\n<\/p>\n<div>\n<div class=\"jsx-91c286bdcd2a0da6 block parragraph\">\n<p class=\"jsx-35581a4411711607 capital\">\u00bfFestajar\u00e1s tu primer<strong> D\u00eda de San Patricio o simplemente quieres viajar para conocer esta festividad tan well-liked<\/strong>? Estos son los detalles para <strong>vivir un San Patrick&#8217;s Day inolvidable en Estados Unidos.<\/strong><\/p>\n<\/div>\n<div class=\"jsx-91c286bdcd2a0da6 block parragraph\">\n<p class=\"jsx-35581a4411711607 \">Pero antes de comenzar con los mejores consejos para lograr un d\u00eda verde inolvidable, debes conocer el <strong>origen <\/strong>del mismo: este conmemora al <strong>Santo patrono de Irlanda\u00a0Patricio<\/strong>, un santo que con\u00a016 a\u00f1os, cristianiz\u00f3 a toda Irlanda, luego de llegar al pa\u00eds como esclavo de Escocia en el siglo V.<\/p>\n<\/div>\n<div class=\"jsx-91c286bdcd2a0da6 block parragraph\">\n<p class=\"jsx-35581a4411711607 \"><strong>\u00bfCu\u00e1ndo se celebra el D\u00eda de San Patricio?<\/strong><\/p>\n<\/div>\n<div class=\"jsx-91c286bdcd2a0da6 block parragraph\">\n<p class=\"jsx-35581a4411711607 \"><strong>\u00bfQu\u00e9 tiene que ver el tr\u00e9bol verde caracter\u00edstica? <\/strong><\/p>\n<\/div>\n<div class=\"jsx-91c286bdcd2a0da6 block parragraph\">\n<p class=\"jsx-35581a4411711607 \"><strong>Simboliza al Padre, Hijo y Esp\u00edritu Santo<\/strong>, y fue utilizado para explicar la sant\u00edsima trinidad\u00a0durante las edificaciones de iglesias, escuelas y monasterios.<\/p>\n<\/div>\n<div class=\"jsx-91c286bdcd2a0da6 block parragraph\">\n<p class=\"jsx-35581a4411711607 \"><strong>\u00bfPor qu\u00e9 se celebra en EEUU?<\/strong><\/p>\n<\/div>\n<div class=\"jsx-91c286bdcd2a0da6 block parragraph\">\n<p class=\"jsx-35581a4411711607 \">En\u00a0Estados Unidos\u00a0ha sido apropiada <strong>debido al gran impulso de migrantes irlandeses que se establecieron en ese territorio<\/strong>, aunque al inicio se festejaba con\u00a0misas especiales y servicios religiosos, con el paso de los a\u00f1os se integraron desfiles,\u00a0fiestas y mucha cerveza.<\/p>\n<\/div>\n<div class=\"jsx-91c286bdcd2a0da6 block parragraph\">\n<p class=\"jsx-35581a4411711607 \"><strong>\u00bfC\u00f3mo festejar San Patrick&#8217;s Day?<\/strong><\/p>\n<\/div>\n<div class=\"jsx-91c286bdcd2a0da6 block parragraph\">\n<p class=\"jsx-35581a4411711607 \">Entre las tradiciones m\u00e1s emblem\u00e1ticas est\u00e1\u00a0la &#8216;obligaci\u00f3n&#8217; de<strong> ir vestido de verde o la de llevar un tr\u00e9bol de tres hojas prendido en la ropa.<\/strong><\/p>\n<\/div>\n<div class=\"jsx-91c286bdcd2a0da6 block parragraph\">\n<p class=\"jsx-35581a4411711607 \"><strong>\u00bfQu\u00e9 pasa si no visto de verde en el D\u00eda de San Patricio?<\/strong><\/p>\n<\/div>\n<div class=\"jsx-91c286bdcd2a0da6 block parragraph\">\n<p class=\"jsx-35581a4411711607 \">Para empezar, debes saber que debido a que el tr\u00e9bol se liga a los maliciosos <strong>duendes irlandeses<\/strong>, cualquiera que no vista de verde\u00a0el D\u00eda de San Patricio, se expone a que<strong>\u00a0lo pellizquen\u00a0estas peque\u00f1as criaturas (o los aficionados a celebrar este d\u00eda)<\/strong>.<\/p>\n<\/div>\n<div class=\"jsx-91c286bdcd2a0da6 block parragraph\">\n<p class=\"jsx-35581a4411711607 \">Como <strong>dato<\/strong>: los irlandeses creen que el coloration verde los hace invisibles a los duendes.<\/p>\n<\/div>\n<p><h2 class=\"jsx-800a9505ed2cdf05\">Mejores ciudades para festejar San Patricio en EEUU<\/h2>\n<\/p>\n<div class=\"jsx-91c286bdcd2a0da6 block list\">\n<div class=\"jsx-9abaab66e858297e list\">\n<ul class=\"jsx-9abaab66e858297e\">\n<li class=\"jsx-9abaab66e858297e\">El\u00a0lugar\u00a0se transforma en una de las ciudades m\u00e1s verdes del mundo, incluso el\u00a0r\u00edo de la ciudad es te\u00f1ido de verde desde la ma\u00f1ana.<\/li>\n<li class=\"jsx-9abaab66e858297e\">La ciudad tambi\u00e9n acoge\u00a0tres desfiles conmemorativos, a los que asisten unos\u00a02 millones de personas.<\/li>\n<\/ul>\n<\/div>\n<\/div>\n<div class=\"jsx-91c286bdcd2a0da6 block list\">\n<div class=\"jsx-9abaab66e858297e list\">\n<ul class=\"jsx-9abaab66e858297e\">\n<li class=\"jsx-9abaab66e858297e\">Aqu\u00ed los irlandeses-estadounidenses representan alrededor del 20% de la poblaci\u00f3n<\/li>\n<li class=\"jsx-9abaab66e858297e\">Encontrar\u00e1s a casi\u00a01 mill\u00f3n de personas reunidas\u00a0para el desfile anual del D\u00eda de San Patricio, lleno de coloridas carrozas, bandas de m\u00fasica, comida ga\u00e9lica y actuaciones musicales de bandas de rock-folk irlandesas.<\/li>\n<\/ul>\n<\/div>\n<\/div>\n<div class=\"jsx-91c286bdcd2a0da6 block list\">\n<div class=\"jsx-9abaab66e858297e list\">\n<ul class=\"jsx-9abaab66e858297e\">\n<li class=\"jsx-9abaab66e858297e\">Aqu\u00ed se celebr\u00f3 por primera vez en 1762 el desfile de San Patricio\u00a0y es el\u00a0mayor de Estados Unidos junto con el de Chicago.<\/li>\n<li class=\"jsx-9abaab66e858297e\">El desfile pasar\u00e1 por la Catedral de San Patricio en la Quinta Avenida y terminar\u00e1 en la Sociedad Hist\u00f3rica Irlandesa Americana.<\/li>\n<li class=\"jsx-9abaab66e858297e\">Muchos pubs y restaurantes de la ciudad organizan fiestas con tem\u00e1tica irlandesa, con comida y\u00a0bebidas t\u00edpicas.<\/li>\n<li class=\"jsx-9abaab66e858297e\">Ve a McSorley&#8217;s, el pub irland\u00e9s m\u00e1s antiguo de la Gran Manzana.<\/li>\n<\/ul>\n<\/div>\n<\/div>\n<div class=\"jsx-91c286bdcd2a0da6 block list\">\n<div class=\"jsx-9abaab66e858297e list\">\n<ul class=\"jsx-9abaab66e858297e\">\n<li class=\"jsx-9abaab66e858297e\">Es la mayor celebraci\u00f3n llevada a cabo cerca de la frontera sur del pa\u00eds.<\/li>\n<li class=\"jsx-9abaab66e858297e\">La ciudad tiene una fuerte conexi\u00f3n con Irlanda, ya que los irlandeses fueron algunos de los primeros colonos que llegaron aqu\u00ed en 1734.<\/li>\n<li class=\"jsx-9abaab66e858297e\">La ciudad se dedica a largas celebraciones al son de la m\u00fasica irlandesa, los platos y las bebidas t\u00edpicas.<\/li>\n<\/ul>\n<\/div>\n<\/div>\n<div class=\"jsx-91c286bdcd2a0da6 block parragraph\">\n<p class=\"jsx-35581a4411711607 \">M\u00e1s contenido en la secci\u00f3n de <a rel=\"nofollow noopener\" target=\"_blank\" href=\"https:\/\/www.mibolsillo.us\/seccion\/tips\">TIPS<\/a><\/p>\n<\/div>\n<\/div>\n\n<p><em> &#8221; Fuentes www.mibolsillo.us &#8221; <\/em><\/p>\n","protected":false},"excerpt":{"rendered":"<p>\u00bfFestajar\u00e1s tu primer D\u00eda de San Patricio o simplemente quieres viajar para conocer esta festividad tan well-liked? Estos son los detalles para vivir un San Patrick&#8217;s Day inolvidable en Estados Unidos. Pero antes de comenzar con los mejores consejos para lograr un d\u00eda verde inolvidable, debes conocer el origen del mismo: este conmemora al Santo [&hellip;]<\/p>\n","protected":false},"author":4,"featured_media":489801,"comment_status":"open","ping_status":"closed","sticky":false,"template":"","format":"standard","meta":{"om_disable_all_campaigns":false,"jnews-multi-image_gallery":[],"jnews_single_post":[],"jnews_primary_category":[],"jnews_social_meta":[],"footnotes":""},"categories":[39],"tags":[1363],"class_list":["post-489800","post","type-post","status-publish","format-standard","has-post-thumbnail","hentry","category-viajes","tag-estados-unidos"],"_links":{"self":[{"href":"https:\/\/dimensionturistica.com\/es\/wp-json\/wp\/v2\/posts\/489800","targetHints":{"allow":["GET"]}}],"collection":[{"href":"https:\/\/dimensionturistica.com\/es\/wp-json\/wp\/v2\/posts"}],"about":[{"href":"https:\/\/dimensionturistica.com\/es\/wp-json\/wp\/v2\/types\/post"}],"author":[{"embeddable":true,"href":"https:\/\/dimensionturistica.com\/es\/wp-json\/wp\/v2\/users\/4"}],"replies":[{"embeddable":true,"href":"https:\/\/dimensionturistica.com\/es\/wp-json\/wp\/v2\/comments?post=489800"}],"version-history":[{"count":0,"href":"https:\/\/dimensionturistica.com\/es\/wp-json\/wp\/v2\/posts\/489800\/revisions"}],"wp:featuredmedia":[{"embeddable":true,"href":"https:\/\/dimensionturistica.com\/es\/wp-json\/wp\/v2\/media\/489801"}],"wp:attachment":[{"href":"https:\/\/dimensionturistica.com\/es\/wp-json\/wp\/v2\/media?parent=489800"}],"wp:term":[{"taxonomy":"category","embeddable":true,"href":"https:\/\/dimensionturistica.com\/es\/wp-json\/wp\/v2\/categories?post=489800"},{"taxonomy":"post_tag","embeddable":true,"href":"https:\/\/dimensionturistica.com\/es\/wp-json\/wp\/v2\/tags?post=489800"}],"curies":[{"name":"wp","href":"https:\/\/api.w.org\/{rel}","templated":true}]}}