{"id":489378,"date":"2023-02-16T15:03:52","date_gmt":"2023-02-16T15:03:52","guid":{"rendered":"https:\/\/dimensionturistica.com\/es\/?p=489378"},"modified":"2023-02-16T15:03:52","modified_gmt":"2023-02-16T15:03:52","slug":"nuevos-hoteles-en-2023-las-inauguraciones-mas-esperadas-3","status":"publish","type":"post","link":"https:\/\/dimensionturistica.com\/es\/nuevos-hoteles-en-2023-las-inauguraciones-mas-esperadas-3\/","title":{"rendered":"Nuevos hoteles en 2023: las inauguraciones m\u00e1s esperadas"},"content":{"rendered":"<p> <br \/>\n<\/p>\n<div>\n<p><a rel=\"nofollow noopener\" target=\"_blank\" data-offer-url=\"https:\/\/capkaroso.com\" class=\"external-link\" data-event-click=\"{&quot;element&quot;:&quot;ExternalLink&quot;,&quot;outgoingURL&quot;:&quot;https:\/\/capkaroso.com&quot;}\" href=\"https:\/\/capkaroso.com\"><strong>CAP KAROSO, SUMBA, INDONESIA<\/strong><\/a><\/p>\n<p>Este refugio ecol\u00f3gico se encuentra en <strong>Sumba, una de las zonas de surf m\u00e1s apreciadas.<\/strong> Es la primera propiedad de <strong>Eve y Fabrice Ivara,<\/strong>\u00a0que se han incorporado a la escena hotelera hace poco con la compra de este terreno, que decidieron adquirir tras conocer la regi\u00f3n en una visita en 2017. Pero antes de ponerse en serio con el proyecto, <strong>su equipo solicit\u00f3 todos los permisos posibles para garantizar que el negocio no causaba problemas en la regi\u00f3n.<\/strong> Con la aprobaci\u00f3n de m\u00e1s de 600 personas, se puso en marcha y estamos muy cerca de verlo completado.<\/p>\n<p>El galardonado <strong>arquitecto Gary Fell y el estudio yakart\u00e9s\u00a0Bitte Design Studio<\/strong> han empleado <strong>materiales locales y sostenibles para las suites y villas,<\/strong> que han dise\u00f1ado con un gui\u00f1o al origen parisino de los Ivara. Contar\u00e1 con <strong>membership de playa, cine al aire libre,<\/strong> <a rel=\"nofollow noopener\" target=\"_blank\" href=\"https:\/\/www.traveler.es\/galerias\/mejores-spa-mundo\"><strong>spa<\/strong><\/a> <strong>y restaurante,<\/strong> y los ingredientes utilizados en sus men\u00fas proceder\u00e1n del <strong>huerto propio,<\/strong> que contar\u00e1 con una <strong>escuela de agricultura, un membership infantil y un centro de actividades para hu\u00e9spedes.<\/strong>\u00a0<\/p>\n<p>Su pol\u00edtica centrada en la <strong>sostenibilidad<\/strong> y la inclusi\u00f3n es parte de la esencia del lodge: la mitad de la energ\u00eda que utilice ser\u00e1 generada por su <strong>parque photo voltaic,<\/strong> y al menos el <strong>80% del private contratado ser\u00e1 native.<\/strong> <em>Sarah James<\/em><\/p>\n<p><strong>Inauguraci\u00f3n en enero de 2023<\/strong><\/p>\n<figure class=\"AssetEmbedWrapper-iKrtVW eYPQkA asset-embed\">\n<div class=\"AssetEmbedAssetContainer-fpksBS deXOlp asset-embed__asset-container\"><span class=\"SpanWrapper-kGOugJ dtBwjW responsive-asset AssetEmbedResponsiveAsset-feWtx fnHGrH asset-embed__responsive-asset\"><picture class=\"ResponsiveImagePicture-jJyKit mrcDn AssetEmbedResponsiveAsset-feWtx fnHGrH asset-embed__responsive-asset responsive-image\"><noscript><img decoding=\"async\" alt=\"Vermelho Melides\" class=\"ResponsiveImageContainer-dmlCKO hWKgYV responsive-image__image\" src=\"https:\/\/media.traveler.es\/photos\/63c15b520d5b4469fc40562f\/master\/w_1600%2Cc_limit\/DSC8589destination-1.png\" srcset=\"https:\/\/media.traveler.es\/photos\/63c15b520d5b4469fc40562f\/master\/w_120,c_limit\/DSC8589destination-1.png 120w, https:\/\/media.traveler.es\/photos\/63c15b520d5b4469fc40562f\/master\/w_240,c_limit\/DSC8589destination-1.png 240w, https:\/\/media.traveler.es\/photos\/63c15b520d5b4469fc40562f\/master\/w_320,c_limit\/DSC8589destination-1.png 320w, https:\/\/media.traveler.es\/photos\/63c15b520d5b4469fc40562f\/master\/w_640,c_limit\/DSC8589destination-1.png 640w, https:\/\/media.traveler.es\/photos\/63c15b520d5b4469fc40562f\/master\/w_960,c_limit\/DSC8589destination-1.png 960w, https:\/\/media.traveler.es\/photos\/63c15b520d5b4469fc40562f\/master\/w_1280,c_limit\/DSC8589destination-1.png 1280w, https:\/\/media.traveler.es\/photos\/63c15b520d5b4469fc40562f\/master\/w_1600,c_limit\/DSC8589destination-1.png 1600w\" sizes=\"100vw\"\/><\/noscript><\/picture><\/span><\/div>\n<p><span class=\"BaseWrap-sc-UrHlS BaseText-fFrHpW CaptionText-cOiTlR boMZdO gFejhT gsdLeN caption__text\">Vermelho, Melides<\/span><span class=\"BaseWrap-sc-UrHlS BaseText-fFrHpW CaptionCredit-cRZQOh boMZdO dufQWp LGmsj caption__credit\">Vermelho Resort<\/span><\/p>\n<\/figure>\n<p><a rel=\"nofollow noopener\" target=\"_blank\" data-offer-url=\"https:\/\/www.vermelhohotel.com\/\" class=\"external-link\" data-event-click=\"{&quot;element&quot;:&quot;ExternalLink&quot;,&quot;outgoingURL&quot;:&quot;https:\/\/www.vermelhohotel.com\/&quot;}\" href=\"https:\/\/www.vermelhohotel.com\/\"><strong>VERMELHO, MELIDES, PORTUGAL<\/strong><\/a><\/p>\n<p>Si tuvi\u00e9semos que quedarnos solo con las cinco aperturas m\u00e1s esperadas del a\u00f1o\u2026 no faltar\u00eda Vermelho, en realidad, la cr\u00f3nica de una inauguraci\u00f3n ansiada desde hace tiempo. <strong>Christian Louboutin, el dise\u00f1ador de los zapatos<\/strong> de la ic\u00f3nica suela roja, cumple por fin su sue\u00f1o de abrir un lodge en su querido <a rel=\"nofollow noopener\" target=\"_blank\" href=\"https:\/\/www.traveler.es\/galerias\/mejores-destinos-espana-y-portugal-viajar-2023\"><strong>Melides<\/strong><\/a><strong>, peque\u00f1o pueblo de la costa alentejana<\/strong> cercano a la ya medi\u00e1tica <a rel=\"nofollow noopener\" target=\"_blank\" href=\"https:\/\/www.traveler.es\/experiencias\/articulos\/viajar-a-comporta-guia-que-se-puede-hacer\/21482\">Comporta<\/a>. \u201cUn lugar como ning\u00fan otro para gente como ninguna otra\u201d, cube ya su p\u00e1gina net mientras deja ver la evoluci\u00f3n de un <strong>trabajo colosal<\/strong> que pudimos ver in situ hace un par de meses. <strong>Una oda a la tradici\u00f3n portuguesa y al sobrado gusto de Louboutin<\/strong> materializada en la <strong>cl\u00e1sica arquitectura<\/strong> alentejana de la casa, los bell\u00edsimos azulejos, los m\u00e1rmoles y los gui\u00f1os, c\u00f3mo no, al <em>vermelho<\/em> (rojo en portugu\u00e9s). <strong>Con la garant\u00eda de Marugal Resort Administration,<\/strong> promete ser el lodge m\u00e1s deseado de la temporada. <em>David Moralejo<\/em>\u00a0<\/p>\n<\/div>\n\n<p><em> &#8221; Fuentes www.traveler.es &#8221; <\/em><\/p>\n","protected":false},"excerpt":{"rendered":"<p>CAP KAROSO, SUMBA, INDONESIA Este refugio ecol\u00f3gico se encuentra en Sumba, una de las zonas de surf m\u00e1s apreciadas. Es la primera propiedad de Eve y Fabrice Ivara,\u00a0que se han incorporado a la escena hotelera hace poco con la compra de este terreno, que decidieron adquirir tras conocer la regi\u00f3n en una visita en 2017. [&hellip;]<\/p>\n","protected":false},"author":4,"featured_media":468664,"comment_status":"open","ping_status":"closed","sticky":false,"template":"","format":"standard","meta":{"om_disable_all_campaigns":false,"jnews-multi-image_gallery":[],"jnews_single_post":[],"jnews_primary_category":[],"jnews_social_meta":[],"footnotes":""},"categories":[39],"tags":[707,1289,20607,2096],"class_list":["post-489378","post","type-post","status-publish","format-standard","has-post-thumbnail","hentry","category-viajes","tag-actualidad","tag-hoteles","tag-inspiracion","tag-lujo"],"_links":{"self":[{"href":"https:\/\/dimensionturistica.com\/es\/wp-json\/wp\/v2\/posts\/489378","targetHints":{"allow":["GET"]}}],"collection":[{"href":"https:\/\/dimensionturistica.com\/es\/wp-json\/wp\/v2\/posts"}],"about":[{"href":"https:\/\/dimensionturistica.com\/es\/wp-json\/wp\/v2\/types\/post"}],"author":[{"embeddable":true,"href":"https:\/\/dimensionturistica.com\/es\/wp-json\/wp\/v2\/users\/4"}],"replies":[{"embeddable":true,"href":"https:\/\/dimensionturistica.com\/es\/wp-json\/wp\/v2\/comments?post=489378"}],"version-history":[{"count":0,"href":"https:\/\/dimensionturistica.com\/es\/wp-json\/wp\/v2\/posts\/489378\/revisions"}],"wp:featuredmedia":[{"embeddable":true,"href":"https:\/\/dimensionturistica.com\/es\/wp-json\/wp\/v2\/media\/468664"}],"wp:attachment":[{"href":"https:\/\/dimensionturistica.com\/es\/wp-json\/wp\/v2\/media?parent=489378"}],"wp:term":[{"taxonomy":"category","embeddable":true,"href":"https:\/\/dimensionturistica.com\/es\/wp-json\/wp\/v2\/categories?post=489378"},{"taxonomy":"post_tag","embeddable":true,"href":"https:\/\/dimensionturistica.com\/es\/wp-json\/wp\/v2\/tags?post=489378"}],"curies":[{"name":"wp","href":"https:\/\/api.w.org\/{rel}","templated":true}]}}