{"id":489322,"date":"2023-02-16T13:34:37","date_gmt":"2023-02-16T13:34:37","guid":{"rendered":"https:\/\/dimensionturistica.com\/es\/?p=489322"},"modified":"2023-02-16T13:34:37","modified_gmt":"2023-02-16T13:34:37","slug":"rafa-jaime-y-omar-alvarez-listos-para-subir-el-everest","status":"publish","type":"post","link":"https:\/\/dimensionturistica.com\/es\/rafa-jaime-y-omar-alvarez-listos-para-subir-el-everest\/","title":{"rendered":"Rafa Jaime y Omar \u00c1lvarez listos para subir el Everest"},"content":{"rendered":"<p> <br \/>\n<\/p>\n<div>\n<p>Con la mente siempre puesta en metas claras que establecieron hace casi tres a\u00f1os cuando empezaron a hacer equipo, Rafael Jaime y Omar \u00c1lvarez se preparan ahora para viajar a Nepal, en el sur de Asia, y ponerse en marcha en abril para alcanzar casi dos meses despu\u00e9s la m\u00e1s grande aventura: hacer cima en el Monte Everest.<\/p>\n<p>Como comparti\u00f3 en \u201c<a rel=\"nofollow noopener\" target=\"_blank\" href=\"https:\/\/www.yotambien.mx\/actualidad\/mi-mejor-herramienta-para-hacer-esto-es-mi-ceguera-rafael-jaime\/\" title=\"\" data-wpel-link=\"internal\">Mi mejor herramienta para hacer esto es mi ceguera<\/a>\u201d, Rafa y Omar han sabido compaginar sus mejores capacidades y fortalezas, y entender las debilidades de cada uno para aprovecharlas en su prop\u00f3sito de alcanzar The Seven Summits de cada continente y hacer cima en el Monte Everest es, sin duda, uno de los mayores retos..\u00a0<\/p>\n<p>\u201cUna cordada dentro del mundo de la monta\u00f1a son personas que van atadas entre una misma cuerda\u201d, explic\u00f3 Rafa a Milenio. \u201cSi algo nos identifica a nosotros como equipo de mexicanos es que dentro de este equipo hay un ciego, y ese soy yo\u201d.<\/p>\n<p>Rafa y Omar, de 34 y 46 a\u00f1os, respectivamente, ya alcanzaron cuatro de las cimas m\u00e1s altas: Denali, en Alaska; Aconcagua, en Argentina; Monte Elbr\u00fas, en Rusia; y Kilimanjaro, en Tanzania, y de este \u00faltimo nos compartieron su aventura en <a rel=\"nofollow noopener\" target=\"_blank\" href=\"https:\/\/www.yotambien.mx\/actualidad\/cordada-obscuras-con-rafa-jaime-primer-ciego-latinoamericano-alcanza-el-punto-mas-alto-de-africa\/\" title=\"\" data-wpel-link=\"internal\">Cordada Obscuras alcanza el punto m\u00e1s alto de \u00c1frica<\/a>.<\/p>\n<p>A la dupla, le falta conquistar tres cumbres y el Everest es el siguiente destino.<\/p>\n<blockquote class=\"wp-block-quote\">\n<p>\u201cE\u200b\u200bstamos hablando de una monta\u00f1a que tiene una altitud de 8 mil 844 metros sobre el nivel del mar. Cuando hablamos de una altitud que rebasa los 8 mil metros, pr\u00e1cticamente te pone en el punto donde el ser humano no est\u00e1 dise\u00f1ado para sobrevivir esa altitud\u201d,<\/p>\n<p><cite> dijo Omar, cuya voz y una cuadra atada a la cintura ayudan a guiar a Rafa por los angostos y filosos tramos de las monta\u00f1as.<\/cite><\/p><\/blockquote>\n<p>Pero como Rafa siempre ha dicho \u201cla verdadera cumbre es llegar a casa sanos y salvos\u201d.<\/p>\n<div class=\"wp-block-image\">\n<figure class=\"aligncenter size-large is-resized\"><img decoding=\"async\" src=\"https:\/\/www.yotambien.mx\/wp-content\/uploads\/2023\/02\/rafa-jaime-omar-alvarez-tercera-cumbre-edited.jpg\" alt=\"Rafa Jaime y Omar \u00c1lvarez en la cima del monte Elbruz\" class=\"wp-image-43290\" width=\"506\" height=\"506\" srcset=\"https:\/\/www.yotambien.mx\/wp-content\/uploads\/2023\/02\/rafa-jaime-omar-alvarez-tercera-cumbre-edited.jpg 675w, https:\/\/www.yotambien.mx\/wp-content\/uploads\/2023\/02\/rafa-jaime-omar-alvarez-tercera-cumbre-edited-300x300.jpg 300w, https:\/\/www.yotambien.mx\/wp-content\/uploads\/2023\/02\/rafa-jaime-omar-alvarez-tercera-cumbre-edited-150x150.jpg 150w\" sizes=\"(max-width: 506px) 100vw, 506px\"\/><\/figure>\n<\/div>\n<p>Para el Everest, los atletas refuerzan su preparaci\u00f3n y saben que deben escalar y descender la monta\u00f1a poco a poco hasta que sus cuerpos se \u201caclimaten\u201d al monte. Ese proceso podr\u00eda tomarles hasta dos meses, es decir, lograr\u00edan su meta a finales de mayo.<\/p>\n<blockquote class=\"wp-block-quote\">\n<p>\u201cEsto no es algo que tenga seis meses, esto no es algo que estemos preparando en las \u00faltimas semanas. Esto viene de muchos a\u00f1os atr\u00e1s, de preparaci\u00f3n como equipo, como deportistas de alto rendimiento\u201d,<\/p>\n<p><cite> detall\u00f3.<\/cite><\/p><\/blockquote>\n<p>Ambos deportistas han dedicado tiempo, dinero y gran parte de sus vidas a esta meta. Completar \u201cThe Seven Summits\u201d es adem\u00e1s de riesgoso, muy costoso. Seg\u00fan Rafael, llevar a una persona hasta el Everest puede costar hasta 60 mil d\u00f3lares.<\/p>\n<p>Es por esta raz\u00f3n que los alpinistas buscan alianzas o patrocinios para sustentar sus cordadas. Ellos no reciben ayuda de ning\u00fan ente del gobierno.<\/p>\n<p>\u201cNecesitamos muchos apoyos econ\u00f3micos de marcas que se quieran sumar a este proyecto, a contar esta historia, transmitir valores de esfuerzo de lucha, de trabajo en equipo. Por persona, en promedio, el costo de un Everest es de 60 mil d\u00f3lares\u201d, precis\u00f3 Rafa.<\/p>\n<blockquote class=\"wp-block-quote\">\n<p>\u201cQueremos ondear esa bandera mexicana y preguntar \u2018\u00bfsi nosotros podemos, si un chico que es ciego puede, t\u00fa qu\u00e9 pretexto tienes?, \u00bfqu\u00e9 pretexto le pones a la vida?\u2019\u201d.<\/p>\n<\/blockquote>\n<p>Por Redacci\u00f3n Yo Tambi\u00e9n<\/p>\n<pre class=\"wp-block-verse\"><strong>Te interesa:<\/strong><\/pre>\n<\/div>\n\n<p><em> &#8221; Fuentes www.yotambien.mx &#8221; <\/em><\/p>\n","protected":false},"excerpt":{"rendered":"<p>Con la mente siempre puesta en metas claras que establecieron hace casi tres a\u00f1os cuando empezaron a hacer equipo, Rafael Jaime y Omar \u00c1lvarez se preparan ahora para viajar a Nepal, en el sur de Asia, y ponerse en marcha en abril para alcanzar casi dos meses despu\u00e9s la m\u00e1s grande aventura: hacer cima en [&hellip;]<\/p>\n","protected":false},"author":4,"featured_media":489323,"comment_status":"open","ping_status":"closed","sticky":false,"template":"","format":"standard","meta":{"om_disable_all_campaigns":false,"jnews-multi-image_gallery":[],"jnews_single_post":[],"jnews_primary_category":[],"jnews_social_meta":[],"footnotes":""},"categories":[39],"tags":[707,63628,708,22066,63629,63630,63631],"class_list":["post-489322","post","type-post","status-publish","format-standard","has-post-thumbnail","hentry","category-viajes","tag-actualidad","tag-alpinista-ciego","tag-deportes","tag-monte-everest","tag-omar-alvarez","tag-rafa-jaime","tag-siete-cumbres"],"_links":{"self":[{"href":"https:\/\/dimensionturistica.com\/es\/wp-json\/wp\/v2\/posts\/489322","targetHints":{"allow":["GET"]}}],"collection":[{"href":"https:\/\/dimensionturistica.com\/es\/wp-json\/wp\/v2\/posts"}],"about":[{"href":"https:\/\/dimensionturistica.com\/es\/wp-json\/wp\/v2\/types\/post"}],"author":[{"embeddable":true,"href":"https:\/\/dimensionturistica.com\/es\/wp-json\/wp\/v2\/users\/4"}],"replies":[{"embeddable":true,"href":"https:\/\/dimensionturistica.com\/es\/wp-json\/wp\/v2\/comments?post=489322"}],"version-history":[{"count":0,"href":"https:\/\/dimensionturistica.com\/es\/wp-json\/wp\/v2\/posts\/489322\/revisions"}],"wp:featuredmedia":[{"embeddable":true,"href":"https:\/\/dimensionturistica.com\/es\/wp-json\/wp\/v2\/media\/489323"}],"wp:attachment":[{"href":"https:\/\/dimensionturistica.com\/es\/wp-json\/wp\/v2\/media?parent=489322"}],"wp:term":[{"taxonomy":"category","embeddable":true,"href":"https:\/\/dimensionturistica.com\/es\/wp-json\/wp\/v2\/categories?post=489322"},{"taxonomy":"post_tag","embeddable":true,"href":"https:\/\/dimensionturistica.com\/es\/wp-json\/wp\/v2\/tags?post=489322"}],"curies":[{"name":"wp","href":"https:\/\/api.w.org\/{rel}","templated":true}]}}