{"id":489257,"date":"2023-02-16T12:20:21","date_gmt":"2023-02-16T12:20:21","guid":{"rendered":"https:\/\/dimensionturistica.com\/es\/?p=489257"},"modified":"2023-02-16T12:20:21","modified_gmt":"2023-02-16T12:20:21","slug":"el-negocio-de-un-influencer-que-termino-en-denuncias-por-estafas-2","status":"publish","type":"post","link":"https:\/\/dimensionturistica.com\/es\/el-negocio-de-un-influencer-que-termino-en-denuncias-por-estafas-2\/","title":{"rendered":"el negocio de un influencer que termin\u00f3 en denuncias por estafas"},"content":{"rendered":"<p> <br \/>\n<\/p>\n<div>\n<div class=\"paragraph\" mlnid=\"idcon=41726251;order=7.0\">\n<p>Daniela Amador y su familia ten\u00edan la ilusi\u00f3n de visitar Par\u00eds, Turqu\u00eda, Egipto, Dubai y la India. Sin embargo, dicen que su viaje so\u00f1ado termin\u00f3 en un fiasco, gracias a la Agencia La Vuelta al Mundo, del <b>influenciador @Juan.LaVueltaAlMundo.<\/b><\/p>\n<\/p><\/div>\n<div class=\"html_apoyo\">\n<blockquote class=\"twitter-tweet\">\n<p lang=\"es\" dir=\"ltr\">Imag\u00ednense que pagan $32 millones por un viaje a Europa y Asia, y cuando llegan al destino se dan cuenta de que no que hay nada a su nombre. Esa fue la pesadilla que vivieron Daniela Amador y su familia, gracias a un famoso influencer. Va hilo para contarles la historia &#x1f9f5;&#x2b07;&#xfe0f; <a rel=\"nofollow noopener\" target=\"_blank\" href=\"https:\/\/t.co\/cNMkb4XWvr\">pic.twitter.com\/cNMkb4XWvr<\/a><\/p>\n<p>\u2014 El Colombiano (@elcolombiano)<br \/>\n             <a rel=\"nofollow noopener\" target=\"_blank\" href=\"https:\/\/twitter.com\/elcolombiano\/status\/1626003650253299714?ref_src=twsrc%5Etfw\">February 15, 2023<\/a> <\/p><\/blockquote><\/div>\n<div class=\"paragraph\" mlnid=\"idcon=41726275;order=9.0\">\n<p>Los Amador le pagaron a Juan Dair Vergara Pe\u00f1a (un influencer con 84 mil seguidores en Instagram)<b> 32 millones de pesos por una expedici\u00f3n a 5 pa\u00edses.<\/b> El plan ten\u00eda dos momentos, los padres de Daniela viajar\u00edan en octubre del 2022, y ella lo har\u00eda con su esposo en abril de este a\u00f1o. El precio inclu\u00eda el hospedaje, la alimentaci\u00f3n completa y los tiquetes.<\/p>\n<\/p><\/div>\n<div class=\"paragraph\" mlnid=\"idcon=41726252;order=10.0\">\n<p>La primera alarma de que algo estaba mal lleg\u00f3 un d\u00eda antes de viajar. Las cosas empezaron a verse sospechosas porque los Amador no ten\u00edan nada claro. Ya period media noche y<b> \u201cno ten\u00edan itinerario, no ten\u00edan tiquetes, no ten\u00edan seguros, no ten\u00edan visas, no ten\u00edan absolutamente nada para viajar\u201d<\/b>, cont\u00f3 Daniela en redes sociales.<\/p>\n<\/p><\/div>\n<div class=\"paragraph\" mlnid=\"idcon=41726273;order=11.0\">\n<p>Apenas a las 4:00 de la ma\u00f1ana, los padres de Daniela recibieron los tiquetes para volar a Par\u00eds. Una vez aterrizaron en la capital francesa, llegaron al resort con la concept de hacer el registro y arrancar su paseo. Sin embargo, las cosas no salieron seg\u00fan lo planeado.<\/p>\n<p>Despu\u00e9s de la espera por los tiquetes, los Amador se encontraron con la segunda alarma en el resort. Tras hacer el proceso de test in, salieron a comer mientras esperaban al influencer Vergara, quien ser\u00eda el gu\u00eda del viaje. Al regresar, en el foyer, se dieron cuenta de que a los viajeros de La Vuelta al Mundo que iban llegando a registrarse, no les estaban entregando habitaciones. La raz\u00f3n: el resort decidi\u00f3 no hacerlo pues <b>aunque el influencer hizo la reserva para todo el grupo, nunca realiz\u00f3 el pago<\/b>. Los viajeros estaban furiosos.<\/p>\n<\/p><\/div>\n<div class=\"html_apoyo\">\n<blockquote class=\"twitter-tweet\" data-conversation=\"none\">\n<p lang=\"es\" dir=\"ltr\">El influencer hizo la reserva de resort para los pap\u00e1s de Daniela y dem\u00e1s viajeros de la expedici\u00f3n, pero no realiz\u00f3 ning\u00fan pago. Las personas se quedaron en la recepci\u00f3n del resort, con sus maletas al lado, mientras esperaban a Juan Dair Vergara Pe\u00f1a, o @ Juan.LaVueltaAlMundo&#x1f926;&#x1f3fb;&#x200d;&#x2640;&#xfe0f; <a rel=\"nofollow noopener\" target=\"_blank\" href=\"https:\/\/t.co\/ETRNcPsh2M\">pic.twitter.com\/ETRNcPsh2M<\/a><\/p>\n<p>\u2014 El Colombiano (@elcolombiano)<br \/>\n             <a rel=\"nofollow noopener\" target=\"_blank\" href=\"https:\/\/twitter.com\/elcolombiano\/status\/1626005529062526979?ref_src=twsrc%5Etfw\">February 15, 2023<\/a> <\/p><\/blockquote><\/div>\n<div class=\"paragraph\" mlnid=\"idcon=41726259;order=15.0\">\n<p>\u201cLa soluci\u00f3n ese d\u00eda fue que Juan le envi\u00f3 por Nequi un dinero a mi pap\u00e1 para pagar esa noche de hotel. Sin embargo, al d\u00eda siguiente a las 11 de la ma\u00f1ana despu\u00e9s del check out todos terminaron en la calle con sus maletas, sin saber nada de Juan (el influencer), porque \u00e9l nunca lleg\u00f3\u201d, dijo Daniela.<\/p>\n<\/p><\/div>\n<div class=\"html_apoyo\">\n<blockquote class=\"twitter-tweet\" data-conversation=\"none\">\n<p lang=\"es\" dir=\"ltr\">\u201cLa soluci\u00f3n ese d\u00eda fue que Juan le envi\u00f3 por Nequi un dinero a mi pap\u00e1 para pagar esa noche de hotel. Sin embargo al d\u00eda siguiente a las 11 de la ma\u00f1ana, check out, todos otra vez en la calle con maletas sin saber nada de Juan, porque \u00e9l nunca lleg\u00f3\u201d, cuenta Daniela. <a rel=\"nofollow noopener\" target=\"_blank\" href=\"https:\/\/t.co\/meeUJSit1y\">pic.twitter.com\/meeUJSit1y<\/a><\/p>\n<p>\u2014 El Colombiano (@elcolombiano)<br \/>\n             <a rel=\"nofollow noopener\" target=\"_blank\" href=\"https:\/\/twitter.com\/elcolombiano\/status\/1626006182073696258?ref_src=twsrc%5Etfw\">February 15, 2023<\/a> <\/p><\/blockquote><\/div>\n<div class=\"paragraph\" mlnid=\"idcon=41726253;order=17.0\">\n<p>Los Amador present\u00edan que Vergara no iba a salir con nada, por lo que al verse de nuevo en la calle y sin resort decidieron devolverse para Colombia. A llegar al pa\u00eds, la madre de Daniela busc\u00f3 al influenciador con el fin de acordar c\u00f3mo les reembolsar\u00eda su dinero, pero Vergara se qued\u00f3 en evasivas. A la fecha solo les ha devuelto $4 millones.<\/p>\n<p>Al enterarse de lo que pas\u00f3 en Par\u00eds, Daniela decidi\u00f3 cancelar su viaje y pedir reembolso, pues ella ya hab\u00eda consignado el 15% del pago. Al hablar con Vergara, este le dijo que eso no ser\u00eda posible y le propuso hacer un plan de pago que a\u00fan no se concreta.<\/p>\n<\/p><\/div>\n<div class=\"paragraph\" mlnid=\"idcon=41726260;order=18.0\">\n<p>Sin respuestas y sin poder hacer mucho, Amador y otras v\u00edctimas hicieron sus denuncias en redes sociales. Sin embargo, no pod\u00edan advertir a quienes ve\u00edan la cuenta de<b> <\/b>@Juan.lavueltalamundo pues los comentarios est\u00e1n inhabilitados: \u201cYa no se le pod\u00edan comentar las publicaciones, no se pod\u00eda etiquetar en ninguna publicaci\u00f3n y la p\u00e1gina web que \u00e9l ten\u00eda de un momento a otro desapareci\u00f3\u201d.<\/p>\n<\/p><\/div>\n<div class=\"paragraph\" mlnid=\"idcon=41726254;order=19.0\">\n<p>Daniela le cont\u00f3 a El Colombiano que<b> hay al menos otras 47 personas que se sienten estafadas por la agencia de Vergara, contra quien recaen al menos 40 denuncias ante las autoridades. <\/b><\/p>\n<\/p><\/div>\n<div class=\"html_apoyo\">\n<blockquote class=\"twitter-tweet\" data-conversation=\"none\">\n<p lang=\"es\" dir=\"ltr\">Daniela nos cont\u00f3 que, como su familia, hay otras 47 personas que se han sentido v\u00edctimas del accionar de Vergara y su agencia La Vuelta al Mundo. Contra \u00e9l recaen al menos 40 denuncias ante las autoridades. &#x2b07;&#xfe0f;&#x1f9f5; <a rel=\"nofollow noopener\" target=\"_blank\" href=\"https:\/\/t.co\/4ffYuLqlXY\">pic.twitter.com\/4ffYuLqlXY<\/a><\/p>\n<p>\u2014 El Colombiano (@elcolombiano)<br \/>\n             <a rel=\"nofollow noopener\" target=\"_blank\" href=\"https:\/\/twitter.com\/elcolombiano\/status\/1626007414720847873?ref_src=twsrc%5Etfw\">February 15, 2023<\/a> <\/p><\/blockquote><\/div>\n<div class=\"paragraph\" mlnid=\"idcon=41726244;order=21.0\">\n<p>Seg\u00fan los denunciantes, el influenciador estar\u00eda estafando con dos modalidades: la primera es vender un viaje que nunca se realiza y no devuelve el dinero, o tarda a\u00f1os en devolverlo. La segunda es la que habr\u00eda hecho en el caso de los Amador: env\u00eda tiquetes solo hasta la madrugada del d\u00eda anterior y cuando los viajeros llegan al destino se encuentran con que no hay reservas ni alimentaci\u00f3n. Les cube que paguen ciertas cosas y que les reembolsar\u00e1 el dinero luego, cosa que no pasa, o al menos no integralmente.<\/p>\n<\/p><\/div>\n<div class=\"html_apoyo\">\n<blockquote class=\"twitter-tweet\" data-conversation=\"none\">\n<p lang=\"es\" dir=\"ltr\">La segunda modalidad es que env\u00eda tiquetes solo hasta la madrugada del d\u00eda anterior y, cuando los viajeros llegan al destino, no hay reservas ni alimentaci\u00f3n. Les cube que paguen ciertas cosas y que les reembolsar\u00e1 el dinero luego, cosa que a\u00fan no pasa. Al menos no integralmente. <a rel=\"nofollow noopener\" target=\"_blank\" href=\"https:\/\/t.co\/eE0HDnHB7G\">pic.twitter.com\/eE0HDnHB7G<\/a><\/p>\n<p>\u2014 El Colombiano (@elcolombiano)<br \/>\n             <a rel=\"nofollow noopener\" target=\"_blank\" href=\"https:\/\/twitter.com\/elcolombiano\/status\/1626007821241225218?ref_src=twsrc%5Etfw\">February 15, 2023<\/a> <\/p><\/blockquote><\/div>\n<div class=\"paragraph\" mlnid=\"idcon=41726255;order=23.0\">\n<p><b>\u00bfQu\u00e9 cube Vergara sobre la denuncia de Daniela? <\/b>Asegura que los padres de la denunciante se encontraban en Madrid cuando el resto de los expedicionarios estaban en Colombia. Adem\u00e1s, se excus\u00f3 alegando inconvenientes en itinerarios de d\u00edas anteriores al viaje que supuestamente dificultaron la comunicaci\u00f3n con los Amador.<\/p>\n<\/p><\/div>\n<div class=\"paragraph\" mlnid=\"idcon=41726243;order=24.0\">\n<p>Vergara mismo reconoce que \u201cpueden ser 100 personas entre los que piden reembolso y digamos que no s\u00e9 las inconformes\u201d con el accionar de su agencia de viajes, con el viaje de los Amador y otros.<\/p>\n<p>Las denuncias de Daniela hicieron que otras presuntas v\u00edctimas salieran a la luz y contaran su caso. Algunos de ellos lo hicieron p\u00fablico en Instagram, como @julilondo09, @piri487, @linamadrid_a y @marcelitalavida, quien incluso ya hab\u00eda hecho la denuncia desde 2021. En Twitter @PaORoMeR tambi\u00e9n cont\u00f3 lo que vivi\u00f3.<\/p>\n<\/p><\/div>\n<div class=\"paragraph\" mlnid=\"idcon=41726266;order=26.0\">\n<p>La experiencia con La Vuelta al Mundo ha unido a 47 personas que se sienten estafadas por Vergara, quienes crearon un grupo en el que cuentan sus experiencias. Algunas incluso dicen que este les debe dinero desde hace 3 a\u00f1os.<\/p>\n<\/p><\/div>\n<div class=\"html_apoyo\">\n<blockquote class=\"twitter-tweet\" data-conversation=\"none\">\n<p lang=\"es\" dir=\"ltr\">Despu\u00e9s de las denuncias de Daniela, m\u00e1s casos han salido a la luz. 47 personas que se sienten estafadas por Vergara crearon un grupo y en \u00e9l han ido contando sus experiencias. Algunas incluso dicen que les debe dinero hace 3 a\u00f1os. &#x1f9f5;&#x2b07;&#xfe0f; <a rel=\"nofollow noopener\" target=\"_blank\" href=\"https:\/\/t.co\/IL8kWKksaN\">pic.twitter.com\/IL8kWKksaN<\/a><\/p>\n<p>\u2014 El Colombiano (@elcolombiano)<br \/>\n             <a rel=\"nofollow noopener\" target=\"_blank\" href=\"https:\/\/twitter.com\/elcolombiano\/status\/1626008597564993536?ref_src=twsrc%5Etfw\">February 16, 2023<\/a> <\/p><\/blockquote><\/div>\n<div class=\"paragraph\" mlnid=\"idcon=41726242;order=28.0\">\n<p>Adem\u00e1s, 30 de estas personas juntaron sus datos y llegaron a la conclusi\u00f3n de que solo a ellas, Vergara les debe m\u00e1s de 200 millones de pesos. Estas son sus cuentas:<\/p>\n<\/p><\/div>\n<div class=\"paragraph\" mlnid=\"idcon=41726262;order=35.0\">\n<p>El relato de la mayor\u00eda es el mismo: dicen que Vergara les dilata el proceso de reembolso y no responde sus mensajes por d\u00edas. Cuando por fin lo hace, muy amablemente les cube que claro, que lo contacten en dos o tres d\u00edas y que solucionan, pero realmente nunca llega a pagar.<\/p>\n<\/p><\/div>\n<div class=\"paragraph\" mlnid=\"idcon=41726246;order=36.0\">\n<p>Juan Da\u00edr Vergara se ha defendido de los se\u00f1alamientos y cube que a\u00fan est\u00e1 en proceso de aprendizaje sobre c\u00f3mo manejar su agencia de viajes. El influenciador le dijo a El Colombiano que<b> \u201ctodo se ha hecho muy personal\u201d: <\/b><\/p>\n<p>\u201cEs uno de los grandes errores que hemos cometido y esto ha hecho que tengamos algunas dificultades. Entonces, claro, los comunicados tambi\u00e9n han sido muy informales, yo s\u00e9 que es la queja de muchas personas el tema de la comunicaci\u00f3n y de la organizaci\u00f3n, porque lo hemos tomado de manera muy tranquila.\u201d expres\u00f3 Vergara.<\/p>\n<\/p><\/div>\n<div class=\"paragraph\" mlnid=\"idcon=41726247;order=38.0\">\n<p>Por otro lado, Vergara reconoci\u00f3 en conversaci\u00f3n con este diario que muchos aspectos de organizaci\u00f3n de los viajes que promocionaba en sus redes sociales se organizaban de manera improvisada: \u201cnosotros en general todo lo hemos hecho un poco sobre la marcha, digamos que tambi\u00e9n aprendiendo con los viajes. De hecho, cuando nosotros empezamos a hacer viajes, ni siquiera sab\u00edamos que tocaba sacar un registro\u201d, cuenta.<\/p>\n<\/p><\/div>\n<div class=\"paragraph\" mlnid=\"idcon=41722496;order=40.0\">\n<p><b>Lo que tiene que revisar para que no le pase a usted<\/b><\/p>\n<\/p><\/div>\n<div class=\"paragraph\" mlnid=\"idcon=41726248;order=41.0\">\n<p>La abogada Martha Berm\u00fadez, experta en derecho comercial, con m\u00e1s de 6 a\u00f1os de experiencia trabajando directamente en el sector tur\u00edstico, le explic\u00f3 a El Colombiano que seg\u00fan el Decreto 2438 de 2010, las Agencias de viaje deben darle al cliente cierta informaci\u00f3n al momento de venderle un paquete tur\u00edstico.<\/p>\n<\/p><\/div>\n<div class=\"paragraph\" mlnid=\"idcon=41726264;order=43.0\">\n<p>Entre los datos que estas empresas deben especificar se encuentran: <b>clase de alojamiento, categor\u00eda del establecimiento, las tarifas, la duraci\u00f3n del plan tur\u00edstico, los medios de transporte, and so forth. <\/b><\/p>\n<\/p><\/div>\n<div class=\"paragraph\" mlnid=\"idcon=41726250;order=45.0\">\n<p>Sin embargo, seg\u00fan los testimonios que se han hecho p\u00fablicos, la empresa La Vuelta al Mundo no cumple con esto a pesar de ser una agencia de viajes que cuenta con RNT (Registro Nacional de Turismo) y registro en C\u00e1mara de Comercio.<\/p>\n<p>Tras las denuncias, Vergara public\u00f3 un comunicado en sus redes sociales en el que cube que hab\u00edan habilitado un correo especial para las personas con devoluciones pendientes, para que se lograra un acuerdo de pago.<\/p>\n<\/p><\/div>\n<div class=\"paragraph\" mlnid=\"idcon=41722500;order=50.0\">\n<p>Con todo esto, Daniela Amador explic\u00f3 que el foco de los denunciantes ya no est\u00e1 fijado en recibir el dinero \u201cel tema de que nos devuelva el dinero ya pasa a un segundo plano, ya lo que queremos es que nadie m\u00e1s le suelte dinero\u201d. Ella y su familia, as\u00ed como otras v\u00edctimas, han interpuesto las denuncias contra Juan Dair Vergara Pe\u00f1a. Ahora preparan una demanda colectiva, con la esperanza de que el proceso authorized sea tomado con eficiencia.<\/p>\n<\/p><\/div><\/div>\n<p><script async src=\"\/\/platform.twitter.com\/widgets.js\" charset=\"utf-8\"><\/script><script>\/*<![CDATA[*\/!function(h,a,i,c,j,d,g){if(h.fbq){return}j=h.fbq=function(){j.callMethod?j.callMethod.apply(j,arguments):j.queue.push(arguments)};if(!h._fbq){h._fbq=j}j.push=j;j.loaded=!0;j.version=\"2.0\";j.queue=[];d=a.createElement(i);d.async=!0;d.src=c;g=a.getElementsByTagName(i)[0];g.parentNode.insertBefore(d,g)}(window,document,\"script\",\"\/\/connect.facebook.net\/en_US\/fbevents.js\");fbq(\"init\",\"378526515676058\");fbq(\"track\",\"PageView\");\/*]]>*\/<\/script><br \/>\n<br \/><\/p>\n<p><em> &#8221; Fuentes www.elcolombiano.com &#8221; <\/em><\/p>\n","protected":false},"excerpt":{"rendered":"<p>Daniela Amador y su familia ten\u00edan la ilusi\u00f3n de visitar Par\u00eds, Turqu\u00eda, Egipto, Dubai y la India. Sin embargo, dicen que su viaje so\u00f1ado termin\u00f3 en un fiasco, gracias a la Agencia La Vuelta al Mundo, del influenciador @Juan.LaVueltaAlMundo. Imag\u00ednense que pagan $32 millones por un viaje a Europa y Asia, y cuando llegan al [&hellip;]<\/p>\n","protected":false},"author":4,"featured_media":489003,"comment_status":"open","ping_status":"closed","sticky":false,"template":"","format":"standard","meta":{"om_disable_all_campaigns":false,"jnews-multi-image_gallery":[],"jnews_single_post":[],"jnews_primary_category":[],"jnews_social_meta":[],"footnotes":""},"categories":[39],"tags":[9174],"class_list":["post-489257","post","type-post","status-publish","format-standard","has-post-thumbnail","hentry","category-viajes","tag-estafa"],"_links":{"self":[{"href":"https:\/\/dimensionturistica.com\/es\/wp-json\/wp\/v2\/posts\/489257","targetHints":{"allow":["GET"]}}],"collection":[{"href":"https:\/\/dimensionturistica.com\/es\/wp-json\/wp\/v2\/posts"}],"about":[{"href":"https:\/\/dimensionturistica.com\/es\/wp-json\/wp\/v2\/types\/post"}],"author":[{"embeddable":true,"href":"https:\/\/dimensionturistica.com\/es\/wp-json\/wp\/v2\/users\/4"}],"replies":[{"embeddable":true,"href":"https:\/\/dimensionturistica.com\/es\/wp-json\/wp\/v2\/comments?post=489257"}],"version-history":[{"count":0,"href":"https:\/\/dimensionturistica.com\/es\/wp-json\/wp\/v2\/posts\/489257\/revisions"}],"wp:featuredmedia":[{"embeddable":true,"href":"https:\/\/dimensionturistica.com\/es\/wp-json\/wp\/v2\/media\/489003"}],"wp:attachment":[{"href":"https:\/\/dimensionturistica.com\/es\/wp-json\/wp\/v2\/media?parent=489257"}],"wp:term":[{"taxonomy":"category","embeddable":true,"href":"https:\/\/dimensionturistica.com\/es\/wp-json\/wp\/v2\/categories?post=489257"},{"taxonomy":"post_tag","embeddable":true,"href":"https:\/\/dimensionturistica.com\/es\/wp-json\/wp\/v2\/tags?post=489257"}],"curies":[{"name":"wp","href":"https:\/\/api.w.org\/{rel}","templated":true}]}}