{"id":488941,"date":"2023-02-15T21:49:15","date_gmt":"2023-02-15T21:49:15","guid":{"rendered":"https:\/\/dimensionturistica.com\/es\/?p=488941"},"modified":"2023-02-15T21:49:15","modified_gmt":"2023-02-15T21:49:15","slug":"anses-desmintio-que-la-organizadora-de-los-viajes-de-embarazadas-rusas-cobre-o-haya-cobrado-la-auh","status":"publish","type":"post","link":"https:\/\/dimensionturistica.com\/es\/anses-desmintio-que-la-organizadora-de-los-viajes-de-embarazadas-rusas-cobre-o-haya-cobrado-la-auh\/","title":{"rendered":"Anses desminti\u00f3 que la organizadora de los viajes de embarazadas rusas cobre o haya cobrado la AUH"},"content":{"rendered":"<p> <br \/>\n<\/p>\n<div>\n<figure class=\"mb-3\"><img decoding=\"async\" src=\"https:\/\/www.telam.com.ar\/thumbs\/bluesteel\/advf\/imagenes\/2023\/02\/63ecebb3aed7c_1200.jpg\" width=\"100%\" height=\"100%\" alt=\"Captura de video\"\/><figcaption> Captura de video. <\/figcaption><\/figure>\n<p> La Anses desminti\u00f3 que la ciudadana rusa Elena Kuklina, a la que se investiga como responsable de una organizaci\u00f3n dedicada a gestionar el viaje de embarazadas de su pa\u00eds para parir a la Argentina, &#8220;perciba o haya percibido la Asignaci\u00f3n Universal por Hijo (AUH)&#8221;, tal como se indica en la causa que investiga la jueza Mar\u00eda Servini de Cubr\u00eda, indicaron a T\u00e9lam fuentes del organismo.<\/p>\n<p>Desde la Anses detallaron que <strong>la entidad har\u00e1 una presentaci\u00f3n este jueves a primera hora en el juzgado federal de Servini para acompa\u00f1ar la documentaci\u00f3n que demuestra que la mujer no cobra ni cobr\u00f3 en ning\u00fan momento dicha asignaci\u00f3n.<\/strong><\/p>\n<p>En la ma\u00f1ana de este mi\u00e9rcoles, la magistrada hab\u00eda denunciado por &#8220;defraudaci\u00f3n contra la administraci\u00f3n p\u00fablica&#8221; a Kuklina, presunta organizadora de los viajes para parir en el pa\u00eds con el objeto de conseguir la ciudadan\u00eda y el pasaporte argentino, al plantear que recibe la AUH, lo que fue desmentido horas despu\u00e9s por la Anses.<\/p>\n<p>En el juzgado de Servini hab\u00edan atribuido el hallazgo a una investigaci\u00f3n llevada adelante desde ese estrado judicial.<\/p>\n<p>La decisi\u00f3n de la jueza surgi\u00f3 a partir de un testimonio en la causa que investiga la existencia de una organizaci\u00f3n que ofrec\u00eda a ciudadanas rusas viajar al pa\u00eds para parir y obtener la ciudadan\u00eda con presuntas irregularidades en los tr\u00e1mites migratorios.<\/p>\n<p><strong>La causa por presunta defraudaci\u00f3n contra Kuklina qued\u00f3 a cargo del juez federal Juli\u00e1n Ercolini.<\/strong><\/p>\n<p>Seg\u00fan la pesquisa realizada en su juzgado, Servini determin\u00f3 que la mujer reside en un departamento alquilado en el barrio porte\u00f1o de Puerto Madero junto a su pareja y sus hijos.<\/p>\n<p>La causa que investiga supuestas maniobras para tramitar la residencia en por lo menos 70 casos de ciudadanas rusas embarazadas est\u00e1 bajo secreto de sumario, pero se determin\u00f3 hasta el momento que gran parte de los domicilios declarados para este tr\u00e1mite fueron falsos, precisaron las fuentes.<\/p>\n<\/div>\n<p><script async defer crossorigin=\"anonymous\" src=\"https:\/\/connect.facebook.net\/es_LA\/sdk.js#xfbml=1&#038;version=v12.0\" nonce=\"SBlHQzIF\"><\/script><br \/>\n<br \/><\/p>\n<p><em> &#8221; Fuentes www.telam.com.ar &#8221; <\/em><\/p>\n","protected":false},"excerpt":{"rendered":"<p>Captura de video. La Anses desminti\u00f3 que la ciudadana rusa Elena Kuklina, a la que se investiga como responsable de una organizaci\u00f3n dedicada a gestionar el viaje de embarazadas de su pa\u00eds para parir a la Argentina, &#8220;perciba o haya percibido la Asignaci\u00f3n Universal por Hijo (AUH)&#8221;, tal como se indica en la causa que [&hellip;]<\/p>\n","protected":false},"author":4,"featured_media":488942,"comment_status":"open","ping_status":"closed","sticky":false,"template":"","format":"standard","meta":{"om_disable_all_campaigns":false,"jnews-multi-image_gallery":[],"jnews_single_post":[],"jnews_primary_category":[],"jnews_social_meta":[],"footnotes":""},"categories":[39],"tags":[2987,56869,63598,63599,2152,2163,63600,3822],"class_list":["post-488941","post","type-post","status-publish","format-standard","has-post-thumbnail","hentry","category-viajes","tag-anses","tag-asignacion-universal-por-hijo","tag-desmentida","tag-embarazada","tag-investigacion","tag-justicia","tag-maria-servini","tag-rusia"],"_links":{"self":[{"href":"https:\/\/dimensionturistica.com\/es\/wp-json\/wp\/v2\/posts\/488941","targetHints":{"allow":["GET"]}}],"collection":[{"href":"https:\/\/dimensionturistica.com\/es\/wp-json\/wp\/v2\/posts"}],"about":[{"href":"https:\/\/dimensionturistica.com\/es\/wp-json\/wp\/v2\/types\/post"}],"author":[{"embeddable":true,"href":"https:\/\/dimensionturistica.com\/es\/wp-json\/wp\/v2\/users\/4"}],"replies":[{"embeddable":true,"href":"https:\/\/dimensionturistica.com\/es\/wp-json\/wp\/v2\/comments?post=488941"}],"version-history":[{"count":0,"href":"https:\/\/dimensionturistica.com\/es\/wp-json\/wp\/v2\/posts\/488941\/revisions"}],"wp:featuredmedia":[{"embeddable":true,"href":"https:\/\/dimensionturistica.com\/es\/wp-json\/wp\/v2\/media\/488942"}],"wp:attachment":[{"href":"https:\/\/dimensionturistica.com\/es\/wp-json\/wp\/v2\/media?parent=488941"}],"wp:term":[{"taxonomy":"category","embeddable":true,"href":"https:\/\/dimensionturistica.com\/es\/wp-json\/wp\/v2\/categories?post=488941"},{"taxonomy":"post_tag","embeddable":true,"href":"https:\/\/dimensionturistica.com\/es\/wp-json\/wp\/v2\/tags?post=488941"}],"curies":[{"name":"wp","href":"https:\/\/api.w.org\/{rel}","templated":true}]}}