{"id":486628,"date":"2023-02-13T09:10:52","date_gmt":"2023-02-13T09:10:52","guid":{"rendered":"https:\/\/dimensionturistica.com\/es\/?p=486628"},"modified":"2023-02-13T09:10:52","modified_gmt":"2023-02-13T09:10:52","slug":"imserso-en-ibiza-arrancan-los-viajes-2","status":"publish","type":"post","link":"https:\/\/dimensionturistica.com\/es\/imserso-en-ibiza-arrancan-los-viajes-2\/","title":{"rendered":"Imserso en Ibiza: arrancan los viajes"},"content":{"rendered":"<p> <br \/>\n<\/p>\n<p>Los viajes del <a rel=\"nofollow noopener\" target=\"_blank\" href=\"https:\/\/www.periodicodeibiza.es\/etiqueta\/Imserso.html?utm_source=inline-tag&amp;utm_medium=web\">Imserso<\/a> han arrancado en <a rel=\"nofollow noopener\" target=\"_blank\" href=\"https:\/\/www.periodicodeibiza.es\/etiqueta\/ibiza.html?utm_source=inline-tag&amp;utm_medium=web\">Ibiza<\/a> con buenos datos de ocupaci\u00f3n, pese a que solo han abierto dos hoteles de los seis que est\u00e1n adheridos a esta campa\u00f1a. En este sentido, seg\u00fan Maril\u00f3 Mantec\u00f3n, directora del Invisa Lodge Ereso de es Canar, este alojamiento recibi\u00f3 el jueves a dos grupos de 50 personas procedentes de Valencia y \u00c1vila, que estar\u00e1n alojados una semana en este lodge. \u00abEste fin de semana llegar\u00e1n m\u00e1s grupos de diferentes ciudades. El lunes \u2013haciendo referencia a hoy\u2013 ya estar\u00edamos completos\u00bb, se\u00f1al\u00f3 Maril\u00f3 a Peri\u00f3dico de Ibiza y Formentera, haciendo hincapi\u00e9 en que estas llegadas est\u00e1n programadas hasta el mes de abril.<\/p>\n<div id=\"post-text-hidden\">\n<p>Un periodo de ocupaci\u00f3n que, seg\u00fan la directora, sumar\u00eda las 35.000 pernoctaciones en whole y supondr\u00eda la venta de 18.000 plazas. Tambi\u00e9n puntualiz\u00f3 que el primer lodge que abri\u00f3 sus puertas para el Imserso fue el Invisa Lodge La Cala.<\/p>\n<p>\u00abEste alojamiento recibi\u00f3 el primer grupo el 3 de febrero. Esta semana que viene lo har\u00e1 el Lodge Atlantic y a closing de mes abrir\u00e1 el lodge Coral Seaside\u00bb, explic\u00f3 Maril\u00f3. Tambi\u00e9n indic\u00f3 que Es Pla arrancar\u00e1 el d\u00eda 14 de febrero y que el Invisa Figueral Resort lo har\u00e1 a principios de marzo. Todos estos alojamientos pertenecen al municipio de Santa Eul\u00e0ria menos el Invisa Lodge Es Pla, que est\u00e1 ubicado en Sant Antoni.<\/p>\n<h4>Seis hoteles<\/h4>\n<p>Por lo tanto, el negocio del Imserso en Ibiza est\u00e1 concentrado en tan solo seis hoteles de la isla que, seg\u00fan los hoteleros que participan en este programa, sumar\u00e1n alrededor de 193.000 pernoctaciones hoteleras. Para estos hoteleros, los viajes del Imserso en la isla contribuyen al mantenimiento del empleo y a la desestacionalizaci\u00f3n. \u00abVienen en unas fechas en las que todo est\u00e1 cerrado, pero este programa nos da la oportunidad de tener una oferta complementaria, ya que con la llegada de estos visitantes se activan los comercios, restaurantes y negocios de Ibiza\u00bb, explic\u00f3 Maril\u00f3 mientras resaltaba que estos mayores son clientes que se mueven mucho por la isla.<\/p>\n<p>Y as\u00ed es. Seg\u00fan trabajadoras de Mundiplan, la empresa que oferta el viaje del Imserso a Ibiza, el 90 % de los mayores que viajan realizan las actividades organizadas en su programaci\u00f3n. No period de extra\u00f1ar que el viernes decenas de jubilados hicieran largas colas en el Invisa Lodge Ereso para apuntarse a estas actividades. Una de estas mujeres period la valenciana Mar\u00eda Dolores que, con un mapa de la isla entre las manos, se\u00f1al\u00f3 que no quiere perderse ninguna de las excursiones programadas durante esta semana.<\/p>\n<p>Entre ellas, una excursi\u00f3n por Ibiza ciudad y Dalt Vila o una visita al mercado de Las Dalias. Pese a que la mayor\u00eda opta por sumarse a este programa, hay viajeros que prefieren \u00abir por libre\u00bb y alquilar un coche para disfrutar de Ibiza. Es el caso de los valencianos Susana y Juan que, nada m\u00e1s legar al lodge, fueron a un hire a automobile para alquilar un veh\u00edculo. \u00abPreferimos no tener horarios\u00bb, puntualiz\u00f3 Susana mientras los avileses Norberto y Eduardo s\u00ed hac\u00edan la cola junto al resto de viajeros.<\/p>\n<p>Ambos est\u00e1n visitando la isla por primera vez y se\u00f1alaron que est\u00e1n muy ilusionados con este viaje, pese a encontrarse en la isla \u00abun aire mucho m\u00e1s h\u00famedo que en \u00c1vila\u00bb. Mientras la cola avanzaba, el private del lodge recorr\u00eda las instalaciones de un lugar a otro para que todo estuviese perfecto. En este sentido, Maril\u00f3 subray\u00f3 que, gracias a este programa, estos hoteles pueden consolidar su plantilla, ya que pueden ofrecer 10 meses de trabajo. \u00abPodemos abrir tres meses m\u00e1s y esto nos permite empalmar los viajes del Imserso con las visitas de la temporada alta\u00bb, apunt\u00f3 la directora.<\/p>\n<h4>300 puestos de trabajo<\/h4>\n<p>Sin ir m\u00e1s lejos, gracias a la aportaci\u00f3n de 400.000 euros realizada por el Consell d\u2019Eivissa y los ayuntamientos de Santa Eul\u00e0ria y Sant Antoni a los hoteleros, este programa puede crear casi 300 puestos de trabajo directos. Por su parte, Alejandro Sancho, director de ventas de la cadena Invisa, que cuenta con cuatro hoteles adheridos a esta campa\u00f1a, indic\u00f3 a este medio que los viajes del Imserso siguen impulsando el turismo en Ibiza. Tambi\u00e9n record\u00f3 que estas reservas hoteleras se produjeron todas en tan solo 48 horas.<\/p>\n<p>No obstante, lament\u00f3 que este programa, tan importante para desestacionalizar Ibiza, no est\u00e1 bien trabajado en la isla. \u00abEl a\u00f1o pasado se llegaron a tener 12 hoteles abiertos, ahora solo la mitad. Las plazas para estos visitantes deber\u00edan aumentar entre un 4 % y un 6 %\u00bb, puntualiz\u00f3.<\/p>\n<\/div>\n\n<p><em> &#8221; Fuentes www.periodicodeibiza.es &#8221; <\/em><\/p>\n","protected":false},"excerpt":{"rendered":"<p>Los viajes del Imserso han arrancado en Ibiza con buenos datos de ocupaci\u00f3n, pese a que solo han abierto dos hoteles de los seis que est\u00e1n adheridos a esta campa\u00f1a. En este sentido, seg\u00fan Maril\u00f3 Mantec\u00f3n, directora del Invisa Lodge Ereso de es Canar, este alojamiento recibi\u00f3 el jueves a dos grupos de 50 personas [&hellip;]<\/p>\n","protected":false},"author":4,"featured_media":486433,"comment_status":"open","ping_status":"closed","sticky":false,"template":"","format":"standard","meta":{"om_disable_all_campaigns":false,"jnews-multi-image_gallery":[],"jnews_single_post":[],"jnews_primary_category":[],"jnews_social_meta":[],"footnotes":""},"categories":[39],"tags":[48040,5441,813,48041,48042,48039],"class_list":["post-486628","post","type-post","status-publish","format-standard","has-post-thumbnail","hentry","category-viajes","tag-actualidad-ibiza","tag-ibiza","tag-imserso","tag-informacion-ibiza","tag-lugares-ibiza","tag-periodico-de-ibiza-y-formentera"],"_links":{"self":[{"href":"https:\/\/dimensionturistica.com\/es\/wp-json\/wp\/v2\/posts\/486628","targetHints":{"allow":["GET"]}}],"collection":[{"href":"https:\/\/dimensionturistica.com\/es\/wp-json\/wp\/v2\/posts"}],"about":[{"href":"https:\/\/dimensionturistica.com\/es\/wp-json\/wp\/v2\/types\/post"}],"author":[{"embeddable":true,"href":"https:\/\/dimensionturistica.com\/es\/wp-json\/wp\/v2\/users\/4"}],"replies":[{"embeddable":true,"href":"https:\/\/dimensionturistica.com\/es\/wp-json\/wp\/v2\/comments?post=486628"}],"version-history":[{"count":0,"href":"https:\/\/dimensionturistica.com\/es\/wp-json\/wp\/v2\/posts\/486628\/revisions"}],"wp:featuredmedia":[{"embeddable":true,"href":"https:\/\/dimensionturistica.com\/es\/wp-json\/wp\/v2\/media\/486433"}],"wp:attachment":[{"href":"https:\/\/dimensionturistica.com\/es\/wp-json\/wp\/v2\/media?parent=486628"}],"wp:term":[{"taxonomy":"category","embeddable":true,"href":"https:\/\/dimensionturistica.com\/es\/wp-json\/wp\/v2\/categories?post=486628"},{"taxonomy":"post_tag","embeddable":true,"href":"https:\/\/dimensionturistica.com\/es\/wp-json\/wp\/v2\/tags?post=486628"}],"curies":[{"name":"wp","href":"https:\/\/api.w.org\/{rel}","templated":true}]}}