{"id":486121,"date":"2023-02-12T13:14:34","date_gmt":"2023-02-12T13:14:34","guid":{"rendered":"https:\/\/dimensionturistica.com\/es\/?p=486121"},"modified":"2024-02-20T21:29:39","modified_gmt":"2024-02-20T21:29:39","slug":"nazare-el-destino-de-surf-de-moda","status":"publish","type":"post","link":"https:\/\/dimensionturistica.com\/es\/nazare-el-destino-de-surf-de-moda\/","title":{"rendered":"Nazar\u00e9, el destino de surf de moda"},"content":{"rendered":"<p> <br \/>\n<\/p>\n<div id=\"\">\n\t\t\t\t\t\t<span class=\"antetitulo\">GENTE VIAJERA<\/span><\/p>\n<p><h2 class=\"articleSubtitle\">Nazar\u00e9 es un destino en la costa central de Portugal, famoso por sus olas gigantes, la belleza de sus mercados de pescadores y las instalaciones para la pr\u00e1ctica del surf. En &#8216;Gente viajera&#8217; con Carles Lamelo conocemos los mejores consejos para surfear sus olas.<\/h2>\n<\/p>\n<div class=\"band articleSignature\">\n<div class=\"articleSignature-author\">\n<p class=\"articleSignature-name\">\n\t\t\t\t\t<a rel=\"nofollow noopener\" target=\"_blank\" href=\"https:\/\/www.ondacero.es\/autores\/victor-herranz\/\">V\u00edctor Herranz<\/a>\n\t\t\t<\/p>\n<p class=\"articleSignature-datecontent\">\n\t\t\t\t<span class=\"articleSignature-place\">Nazar\u00e9 (portugal)<\/span><br \/>\n\t\t\t\t<span class=\"articleSignature-separator\"> | <\/span><br \/>\n\t\t\t\t<span class=\"articleSignature-date articleSignature-update\"><strong>12.02.2023 14:11 <\/strong><\/span>\n\t\t\t<\/p>\n<\/p><\/div>\n<p>\t\t<amp-accordion id=\"share-amp-id\" class=\"shareBlock shareBlock--amp shareBlock__dinamic\"><\/p>\n<section>\n<h6>\n\t\t\t\t\t<svg width=\"42\" height=\"42\" viewbox=\"0 0 42 42\" class=\"shareBlock-shareIcon\"><g fill=\"none\" fill-rule=\"evenodd\"><circle class=\"outerCircle\" cx=\"21\" cy=\"21\" r=\"20.5\" stroke=\"#E0E0E0\" fill=\"#ffffff\"\/><g class=\"innerIcon\" stroke=\"#373B43\" transform=\"translate(10 10)\"><circle cx=\"17\" cy=\"3\" r=\"2.5\"\/><circle cx=\"3\" cy=\"11\" r=\"2.5\"\/><circle cx=\"17\" cy=\"19\" r=\"2.5\"\/><path stroke-width=\"2\" d=\"M15 4.53L5 10M15 18L5 12.274\"\/><\/g><\/g><\/svg><br \/>\n\t\t\t\t\t<svg width=\"42\" height=\"42\" viewbox=\"0 0 42 42\" class=\"shareBlock-closeIcon\"><g fill=\"none\" fill-rule=\"evenodd\"><rect class=\"outerCircle\" width=\"41\" height=\"41\" x=\"0.5\" y=\"0.5\" stroke=\"#E0E0E0\" rx=\"20.5\" fill=\"#ffffff\"\/><g class=\"innerIcon\" fill=\"#373B43\"><path d=\"M-2.1 6.3L16.1 6.3 16.1 7.7 -2.1 7.7z\" transform=\"translate(14 14) rotate(45 7 7)\"\/><path d=\"M-2.1 6.3L16.1 6.3 16.1 7.7 -2.1 7.7z\" transform=\"translate(14 14) rotate(-45 7 7)\"\/><\/g><\/g><\/svg><br \/>\n\t\t\t\t<\/h6>\n<\/section>\n<p>\t\t<\/amp-accordion>\n<\/div>\n<p>\t<!-- maincontent_audio_new_embed sin type -->\t\t<\/p><\/div>\n\n<p><em> &#8221; Fuentes amp.ondacero.es &#8221; <\/em><\/p>\n","protected":false},"excerpt":{"rendered":"<p>GENTE VIAJERA Nazar\u00e9 es un destino en la costa central de Portugal, famoso por sus olas gigantes, la belleza de sus mercados de pescadores y las instalaciones para la pr\u00e1ctica del surf. En &#8216;Gente viajera&#8217; con Carles Lamelo conocemos los mejores consejos para surfear sus olas. V\u00edctor Herranz Nazar\u00e9 (portugal) | 12.02.2023 14:11 &#8221; Fuentes [&hellip;]<\/p>\n","protected":false},"author":4,"featured_media":486122,"comment_status":"open","ping_status":"closed","sticky":false,"template":"","format":"standard","meta":{"om_disable_all_campaigns":false,"jnews-multi-image_gallery":[],"jnews_single_post":[],"jnews_primary_category":[],"jnews_social_meta":[],"footnotes":""},"categories":[144872],"tags":[],"class_list":["post-486121","post","type-post","status-publish","format-standard","has-post-thumbnail","hentry","category-fashion"],"_links":{"self":[{"href":"https:\/\/dimensionturistica.com\/es\/wp-json\/wp\/v2\/posts\/486121","targetHints":{"allow":["GET"]}}],"collection":[{"href":"https:\/\/dimensionturistica.com\/es\/wp-json\/wp\/v2\/posts"}],"about":[{"href":"https:\/\/dimensionturistica.com\/es\/wp-json\/wp\/v2\/types\/post"}],"author":[{"embeddable":true,"href":"https:\/\/dimensionturistica.com\/es\/wp-json\/wp\/v2\/users\/4"}],"replies":[{"embeddable":true,"href":"https:\/\/dimensionturistica.com\/es\/wp-json\/wp\/v2\/comments?post=486121"}],"version-history":[{"count":0,"href":"https:\/\/dimensionturistica.com\/es\/wp-json\/wp\/v2\/posts\/486121\/revisions"}],"wp:featuredmedia":[{"embeddable":true,"href":"https:\/\/dimensionturistica.com\/es\/wp-json\/wp\/v2\/media\/486122"}],"wp:attachment":[{"href":"https:\/\/dimensionturistica.com\/es\/wp-json\/wp\/v2\/media?parent=486121"}],"wp:term":[{"taxonomy":"category","embeddable":true,"href":"https:\/\/dimensionturistica.com\/es\/wp-json\/wp\/v2\/categories?post=486121"},{"taxonomy":"post_tag","embeddable":true,"href":"https:\/\/dimensionturistica.com\/es\/wp-json\/wp\/v2\/tags?post=486121"}],"curies":[{"name":"wp","href":"https:\/\/api.w.org\/{rel}","templated":true}]}}