{"id":485039,"date":"2023-02-10T15:25:03","date_gmt":"2023-02-10T15:25:03","guid":{"rendered":"https:\/\/dimensionturistica.com\/es\/?p=485039"},"modified":"2023-02-10T15:25:04","modified_gmt":"2023-02-10T15:25:04","slug":"los-20-mejores-destinos-de-europa-para-viajar-en-2023","status":"publish","type":"post","link":"https:\/\/dimensionturistica.com\/es\/los-20-mejores-destinos-de-europa-para-viajar-en-2023\/","title":{"rendered":"Los 20 mejores destinos de Europa para viajar en 2023"},"content":{"rendered":"<p> <br \/>\n<\/p>\n<div>\n<p>Cuna de la democracia y de la filosof\u00eda, <strong><a rel=\"nofollow noopener\" target=\"_blank\" href=\"https:\/\/www.traveler.es\/viajes-urbanos\/articulos\/atenas-historia-que-visitar-lugares-imprescindibles\/20291\">Atenas<\/a><\/strong> (en segunda posici\u00f3n con 91.023 votos) ha sido un importante <strong>centro pol\u00edtico y cultural<\/strong> desde su fundaci\u00f3n en el siglo VI a.C.<\/p>\n<p>La capital griega fue el hogar de la <strong>Academia de Plat\u00f3n,<\/strong> una de las instituciones de ense\u00f1anza m\u00e1s importantes de la antig\u00fcedad, donde se formaron algunos de los fil\u00f3sofos m\u00e1s importantes de la historia, incluido <strong>su disc\u00edpulo m\u00e1s famoso, Arist\u00f3teles.<\/strong><\/p>\n<p>La ciudad ha sido <strong>testigo de algunos de los momentos m\u00e1s importantes de la historia<\/strong> de la literatura, el arte y la arquitectura. Sin ir m\u00e1s lejos, su archiconocida <strong>Acr\u00f3polis,<\/strong> ubicada en una colina en el centro de la ciudad, es el hogar de algunos de los monumentos m\u00e1s emblem\u00e1ticos de la ciudad, como <strong>el Parten\u00f3n, el Teatro de Dionisio y el Erectei\u00f3n.<\/strong><\/p>\n<p>Otras paradas obligadas para los amantes de la historia son: <strong>el \u00c1gora Antigua, el Templo de Zeus Ol\u00edmpico, la Biblioteca Nacional de Grecia y la Catedral de San Dionisio.<\/strong><\/p>\n<p>En contraste con su legado hist\u00f3rico, Atenas es una ciudad vibrante y cosmopolita con multitud de opciones culturales, gastron\u00f3micas y de ocio: pasear y probar la comida native en la widespread calle <strong>Ermou,<\/strong> explorar el <strong>barrio de Monastiraki,<\/strong> ir de picnic en el <strong>Parque Nacional de la Monta\u00f1a de los Pinos,<\/strong> visitar el <strong>Museo Nacional de Arte Contempor\u00e1neo,<\/strong> disfrutar de la vida nocturna en <strong>el barrio de Psirri,<\/strong> experimentar la cultura native en el colorido <strong>Mercado Municipal de Atenas\u2026<\/strong><\/p>\n<\/div>\n\n<p><em> &#8221; Fuentes www.traveler.es &#8221; <\/em><\/p>\n","protected":false},"excerpt":{"rendered":"<p>Cuna de la democracia y de la filosof\u00eda, Atenas (en segunda posici\u00f3n con 91.023 votos) ha sido un importante centro pol\u00edtico y cultural desde su fundaci\u00f3n en el siglo VI a.C. La capital griega fue el hogar de la Academia de Plat\u00f3n, una de las instituciones de ense\u00f1anza m\u00e1s importantes de la antig\u00fcedad, donde se [&hellip;]<\/p>\n","protected":false},"author":4,"featured_media":485040,"comment_status":"open","ping_status":"closed","sticky":false,"template":"","format":"standard","meta":{"om_disable_all_campaigns":false,"jnews-multi-image_gallery":[],"jnews_single_post":[],"jnews_primary_category":[],"jnews_social_meta":[],"footnotes":""},"categories":[39],"tags":[707,3637,1653,20607],"class_list":["post-485039","post","type-post","status-publish","format-standard","has-post-thumbnail","hentry","category-viajes","tag-actualidad","tag-escapada","tag-europa","tag-inspiracion"],"_links":{"self":[{"href":"https:\/\/dimensionturistica.com\/es\/wp-json\/wp\/v2\/posts\/485039","targetHints":{"allow":["GET"]}}],"collection":[{"href":"https:\/\/dimensionturistica.com\/es\/wp-json\/wp\/v2\/posts"}],"about":[{"href":"https:\/\/dimensionturistica.com\/es\/wp-json\/wp\/v2\/types\/post"}],"author":[{"embeddable":true,"href":"https:\/\/dimensionturistica.com\/es\/wp-json\/wp\/v2\/users\/4"}],"replies":[{"embeddable":true,"href":"https:\/\/dimensionturistica.com\/es\/wp-json\/wp\/v2\/comments?post=485039"}],"version-history":[{"count":0,"href":"https:\/\/dimensionturistica.com\/es\/wp-json\/wp\/v2\/posts\/485039\/revisions"}],"wp:featuredmedia":[{"embeddable":true,"href":"https:\/\/dimensionturistica.com\/es\/wp-json\/wp\/v2\/media\/485040"}],"wp:attachment":[{"href":"https:\/\/dimensionturistica.com\/es\/wp-json\/wp\/v2\/media?parent=485039"}],"wp:term":[{"taxonomy":"category","embeddable":true,"href":"https:\/\/dimensionturistica.com\/es\/wp-json\/wp\/v2\/categories?post=485039"},{"taxonomy":"post_tag","embeddable":true,"href":"https:\/\/dimensionturistica.com\/es\/wp-json\/wp\/v2\/tags?post=485039"}],"curies":[{"name":"wp","href":"https:\/\/api.w.org\/{rel}","templated":true}]}}