{"id":485028,"date":"2023-02-10T15:08:22","date_gmt":"2023-02-10T15:08:22","guid":{"rendered":"https:\/\/dimensionturistica.com\/es\/?p=485028"},"modified":"2023-02-10T15:08:23","modified_gmt":"2023-02-10T15:08:23","slug":"los-viajes-en-ave-aumentaron-en-2022-un-66-y-los-de-avion-un-58-lider-en-informacion-social","status":"publish","type":"post","link":"https:\/\/dimensionturistica.com\/es\/los-viajes-en-ave-aumentaron-en-2022-un-66-y-los-de-avion-un-58-lider-en-informacion-social\/","title":{"rendered":"Los viajes en AVE aumentaron en 2022 un 66% y los de avi\u00f3n un 58% | L\u00edder en Informaci\u00f3n Social"},"content":{"rendered":"<p> <br \/>\n<\/p>\n<div id=\"block-servimedia-content\">\n<div class=\"srvm-news-detail\">\n<p>\n    <span>Noticias<\/span><br \/>\n          <span class=\"srvm_nw_scc\">Econom\u00eda<\/span>\n      <\/p>\n<div class=\"srvm-nw__stl\">\n<p>El transporte p\u00fablico gan\u00f3 un 28,8% de usuarios<\/p>\n<\/p><\/div>\n<div class=\"srvm-nw__img\">\n      <img decoding=\"async\" src=\"https:\/\/www.servimedia.es\/sites\/default\/files\/noticias\/A\/A1-3563648-1.jpg\" alt=\"\"\/><\/p><\/div>\n<p>\n          <time class=\"srvm-nw__dt\" datetime=\"2023-02-10CET09:02\"><br \/>\n        <span class=\"srvm-nw__dtd\">10 Feb 2023<\/span><br \/>\n        <span class=\"srvm-nw__dtt\">09:51H<\/span><br \/>\n      <\/time><br \/>\n                      <span class=\"srvm-nw__pr\">MADRID<\/span>\n                <\/p>\n<p>\n    <span>SERVIMEDIA<\/span>\n      <\/p>\n<p>  <!-- The Modal --><\/p>\n<p>  <!-- End Modal --><\/p>\n<p><h2>El n\u00famero de viajeros que utilizaron el transporte p\u00fablico en Espa\u00f1a en 2022 aument\u00f3 un 28,5% respecto al a\u00f1o anterior y alcanz\u00f3 los 4.369,2 millones de usuarios, con alzas en el caso del AVE del 66,7% y del 58,1% en lo que se refiere al avi\u00f3n en el inside de Espa\u00f1a, seg\u00fan datos publicados este viernes por el Instituto Nacional de Estad\u00edstica (INE).<\/h2>\n<\/p>\n<div class=\"srvm-nw__body\">\n<div class=\"srvm-nw__access\">\n<h2>Acceso clientes<\/h2>\n<p>Para acceder a la mayor\u00eda de las noticias, debes ser usuario registrado.<\/p>\n<p>Si deseas acceder a las noticias de Servimedia, escribe un correo a la siguiente direcci\u00f3n: suscripciones@servimedia.es<\/p>\n<p><a rel=\"nofollow noopener\" target=\"_blank\" href=\"https:\/\/www.servimedia.es\/user\/password\">\u00bfHas olvidado la contrase\u00f1a?<\/a><\/p>\n<\/div><\/div>\n<\/div>\n<p><textarea id=\"scopyme\" class=\"srvmcopyme visually-hidden\" aria-hidden=\"true\" tabindex=\"-1\"><br \/>\nTransporte<\/p>\n<p>\tLos viajes en AVE aumentaron en 2022 un 66% y los de avi\u00f3n un 58%<\/p>\n<p>El transporte p\u00fablico gan\u00f3 un 28,8% de usuarios<\/p>\n<p>El n\u00famero de viajeros que utilizaron el transporte p\u00fablico en Espa\u00f1a en 2022 aument\u00f3 un 28,5% respecto al a\u00f1o anterior y alcanz\u00f3 los 4.369,2 millones de usuarios, con alzas en el caso del AVE del 66,7% y del 58,1% en lo que se refiere al avi\u00f3n en el inside de Espa\u00f1a, seg\u00fan datos publicados este viernes por el Instituto Nacional de Estad\u00edstica (INE).<\/p>\n<p>  Acceso clientes<br \/>\n  Para acceder a la mayor\u00eda de las noticias, debes ser usuario registrado.<\/p>\n<p>  Si deseas acceder a las noticias de Servimedia, escribe un correo a la siguiente direcci\u00f3n: suscripciones@servimedia.es<\/p>\n<p>  \u00bfHas olvidado la contrase\u00f1a?<\/p>\n<p>      Nombre de usuario<\/p>\n<p>      Escriba su nombre de usuario en Servimedia.<\/p>\n<p>      Contrase\u00f1a<\/p>\n<p>      Escriba la contrase\u00f1a asignada a su nombre de usuario.<\/p>\n<p>\u00a9 El contenido de esta noticia pertenece a la agencia de noticias Servimedia y est\u00e1 protegido por derechos de autor. S\u00f3lo est\u00e1 permitido su uso a clientes de Servimedia y rogamos que se firme a nuestra agencia o se cite como fuente. Muchas gracias.<br \/>\n<\/textarea><\/p><\/div>\n\n<p><em> &#8221; Fuentes www.servimedia.es &#8221; <\/em><\/p>\n","protected":false},"excerpt":{"rendered":"<p>Noticias Econom\u00eda El transporte p\u00fablico gan\u00f3 un 28,8% de usuarios 10 Feb 2023 09:51H MADRID SERVIMEDIA El n\u00famero de viajeros que utilizaron el transporte p\u00fablico en Espa\u00f1a en 2022 aument\u00f3 un 28,5% respecto al a\u00f1o anterior y alcanz\u00f3 los 4.369,2 millones de usuarios, con alzas en el caso del AVE del 66,7% y del 58,1% [&hellip;]<\/p>\n","protected":false},"author":4,"featured_media":485029,"comment_status":"open","ping_status":"closed","sticky":false,"template":"","format":"standard","meta":{"om_disable_all_campaigns":false,"jnews-multi-image_gallery":[],"jnews_single_post":[],"jnews_primary_category":[],"jnews_social_meta":[],"footnotes":""},"categories":[39],"tags":[9885,2583,715,653],"class_list":["post-485028","post","type-post","status-publish","format-standard","has-post-thumbnail","hentry","category-viajes","tag-ave","tag-avion","tag-economia","tag-transporte"],"_links":{"self":[{"href":"https:\/\/dimensionturistica.com\/es\/wp-json\/wp\/v2\/posts\/485028","targetHints":{"allow":["GET"]}}],"collection":[{"href":"https:\/\/dimensionturistica.com\/es\/wp-json\/wp\/v2\/posts"}],"about":[{"href":"https:\/\/dimensionturistica.com\/es\/wp-json\/wp\/v2\/types\/post"}],"author":[{"embeddable":true,"href":"https:\/\/dimensionturistica.com\/es\/wp-json\/wp\/v2\/users\/4"}],"replies":[{"embeddable":true,"href":"https:\/\/dimensionturistica.com\/es\/wp-json\/wp\/v2\/comments?post=485028"}],"version-history":[{"count":0,"href":"https:\/\/dimensionturistica.com\/es\/wp-json\/wp\/v2\/posts\/485028\/revisions"}],"wp:featuredmedia":[{"embeddable":true,"href":"https:\/\/dimensionturistica.com\/es\/wp-json\/wp\/v2\/media\/485029"}],"wp:attachment":[{"href":"https:\/\/dimensionturistica.com\/es\/wp-json\/wp\/v2\/media?parent=485028"}],"wp:term":[{"taxonomy":"category","embeddable":true,"href":"https:\/\/dimensionturistica.com\/es\/wp-json\/wp\/v2\/categories?post=485028"},{"taxonomy":"post_tag","embeddable":true,"href":"https:\/\/dimensionturistica.com\/es\/wp-json\/wp\/v2\/tags?post=485028"}],"curies":[{"name":"wp","href":"https:\/\/api.w.org\/{rel}","templated":true}]}}