{"id":484502,"date":"2023-02-09T21:39:57","date_gmt":"2023-02-09T21:39:57","guid":{"rendered":"https:\/\/dimensionturistica.com\/es\/?p=484502"},"modified":"2024-02-20T21:29:45","modified_gmt":"2024-02-20T21:29:45","slug":"que-hacer-este-fin-de-semana-beyonce-y-la-semana-de-la-moda-a-la-vuelta-de-la-esquina","status":"publish","type":"post","link":"https:\/\/dimensionturistica.com\/es\/que-hacer-este-fin-de-semana-beyonce-y-la-semana-de-la-moda-a-la-vuelta-de-la-esquina\/","title":{"rendered":"Qu\u00e9 hacer este fin de semana: Beyonc\u00e9 y la Semana de la Moda a la vuelta de la esquina"},"content":{"rendered":"<p> <br \/>\n<\/p>\n<div id=\"\">\n<p><strong>A las puertas de<\/strong> <a rel=\"nofollow noopener\" target=\"_blank\" href=\"https:\/\/www.traveler.es\/tags\/san-valentin#intcid=inline_amp\" data-vars-link-click-url=\"https:\/\/www.traveler.es\/tags\/san-valentin#intcid=inline_amp\" data-vars-link-type=\"Internal\"><strong>San Valent\u00edn<\/strong><\/a>, este fin de semana hemos decidido desprendernos de la nube de az\u00facar para ir de compras a <strong>un mercado de antig\u00fcedades<\/strong>, darnos el homenaje en <strong>alg\u00fan restaurante<\/strong>, empaparnos de <strong>arte en todos sus formatos<\/strong>, celebrar <strong>San Solter\u00edn<\/strong>, <strong>cantar a los cuatro vientos<\/strong> y gritar de felicidad junto a nuestros amigos cuando nos hagamos con <strong>las entradas para el pr\u00f3ximo concierto de Beyonc\u00e9<\/strong>.\u00a0<\/p>\n<h3>M\u00fasica<\/h3>\n<p><a rel=\"nofollow noopener\" target=\"_blank\" href=\"https:\/\/www.traveler.es\/articulos\/canciones-para-celebrar-el-amor#intcid=inline_amp\" data-vars-link-click-url=\"https:\/\/www.traveler.es\/articulos\/canciones-para-celebrar-el-amor#intcid=inline_amp\" data-vars-link-type=\"Internal\"><em><strong>CRAZY IN LOVE<\/strong><\/em><\/a><strong>.<\/strong> Primero fue <a rel=\"nofollow noopener\" target=\"_blank\" href=\"https:\/\/www.traveler.es\/articulos\/que-hacer-este-fin-de-semana-20-21-y-22-de-enero#intcid=inline_amp\" data-vars-link-click-url=\"https:\/\/www.traveler.es\/articulos\/que-hacer-este-fin-de-semana-20-21-y-22-de-enero#intcid=inline_amp\" data-vars-link-type=\"Internal\">Madonna<\/a> y ahora <strong>es Beyonc\u00e9 la que anuncia que pasar\u00e1 por Espa\u00f1a en su pr\u00f3xima gira<\/strong>. No sabemos si pretenden matarnos de emoci\u00f3n, pero tener a las dos reinas del pop en nuestro pa\u00eds es, desde luego, una noticia dif\u00edcil de asimilar.<\/p>\n<figure class=\"cne cne-interlude\"><amp-iframe width=\"500\" height=\"420\" allowfullscreen=\"\" sandbox=\"allow-scripts allow-same-origin allow-popups\" src=\"https:\/\/player.cnevids.com\/interlude\/conde-nast-traveler-espana\/iframe\/?pageURL=https%3A%2F%2Fwww.traveler.es%2Farticulos%2Fque-hacer-este-fin-de-semana-10-11-y-12-de-febrero&amp;pageType=amp-article&amp;tags=Agenda%2CCon%20amigos%2CPlanes%20para%20el%20fin%20de%20semana%2CActualidad&amp;intcid=inline_amp&amp;hasCompanion=0&amp;analyticsUrl=https%3A%2F%2Fwww.traveler.es%2Farticulos%2Fque-hacer-este-fin-de-semana-10-11-y-12-de-febrero&amp;section=Experiencias&amp;ampTargeting=%7B%22content_id%22%3A%5B%2263e4ee260a267dedac7dd4f3%22%5D%2C%22platform%22%3A%5B%22amp%22%5D%2C%22tags%22%3A%5B%22que-hacer-este-fin-de-semana-10-11-y-12-de-febrero%22%2C%22experiencias%22%2C%22fbia%22%2C%22location-europe-espana-madrid%22%2C%22agenda%22%2C%22con-amigos%22%2C%22planes-para-el-fin-de-semana%22%2C%22actualidad%22%2C%22article-settings%22%2C%22ContentHeader%22%2C%22variation%22%2C%22TextAboveCenterGridWidth%22%2C%22Agenda%22%2C%22Con%20amigos%22%2C%22Planes%20para%20el%20fin%20de%20semana%22%2C%22Actualidad%22%5D%2C%22channel%22%3A%5B%22experiencias%22%5D%2C%22page_slug%22%3A%22que-hacer-este-fin-de-semana-10-11-y-12-de-febrero%22%2C%22template_name%22%3A%22amp-article%22%2C%22partner%22%3A%5B%22amp%22%5D%2C%22slot_position%22%3A%5B%22mid-content%22%5D%2C%22pos_instance%22%3A%5B%221%22%5D%2C%22slot_name%22%3A%22mid_content_1%22%7D\" frameborder=\"0\" layout=\"responsive\" resizable=\"\" data-block-on-consent=\"_till_accepted\"><\/p>\n<p>View extra<\/p>\n<p><\/amp-iframe><\/figure>\n<p>Hace apenas d\u00edas ve\u00edamos c\u00f3mo Beyonc\u00e9 se coronaba como <strong>la artista con m\u00e1s Grammys de la historia<\/strong> (un whole de 32), y ahora, o el 8 de junio, tendremos la oportunidad de disfrutar de su talento sobre <strong>el escenario del Estadi Ol\u00edmpic de Barcelona<\/strong>, y cantar con ella los \u00e9xitos del \u00faltimo \u00e1lbum que le han valido las estatuillas: Renaissance.<\/p>\n<p>Como todas entradas de grandes artistas, conseguirlas no ser\u00e1 tarea f\u00e1cil, pero aqu\u00ed van los datos que debes saber para estar atento: salen a la venta ma\u00f1ana, <strong>10 de febrero, a las 10h<\/strong>. Mientras esperamos al d\u00eda de ma\u00f1ana, nosotros ya estamos <em>loopy in love<\/em>.<\/p>\n<figure tabindex=\"0\" class=\"image\"><amp-img src=\"https:\/\/media.traveler.es\/photos\/63e50c1a8a96e1e7d67844b1\/master\/w_1462,h_2000,c_limit\/Mason%20Poole%201%20(1).jpg\" srcset=\"https:\/\/media.traveler.es\/photos\/63e50c1a8a96e1e7d67844b1\/master\/w_1800,c_limit\/Mason%20Poole%201%20(1).jpg 1800w,https:\/\/media.traveler.es\/photos\/63e50c1a8a96e1e7d67844b1\/master\/w_1200,c_limit\/Mason%20Poole%201%20(1).jpg 1200w,https:\/\/media.traveler.es\/photos\/63e50c1a8a96e1e7d67844b1\/master\/w_900,c_limit\/Mason%20Poole%201%20(1).jpg 900w,https:\/\/media.traveler.es\/photos\/63e50c1a8a96e1e7d67844b1\/master\/w_600,c_limit\/Mason%20Poole%201%20(1).jpg 600w,https:\/\/media.traveler.es\/photos\/63e50c1a8a96e1e7d67844b1\/master\/w_450,c_limit\/Mason%20Poole%201%20(1).jpg 450w,https:\/\/media.traveler.es\/photos\/63e50c1a8a96e1e7d67844b1\/master\/w_300,c_limit\/Mason%20Poole%201%20(1).jpg 300w\" sizes=\"(min-width: 600px) 600px, 100vw\" width=\"1462\" height=\"2000\" alt=\"Beyonc\u00e9\" attribution=\"Mason Poole \/ Live Nation\" layout=\"responsive\"\/><figcaption><cite class=\"credit\">Mason Poole \/ Stay Nation<\/cite><\/p>\n<p><em>3, 2, 1\u2026 \u00a1Beyonc\u00e9 en Barcelona!<\/em><\/p>\n<\/figcaption><\/figure>\n<h3>Citas<\/h3>\n<p><em><strong>LOVE IS IN THE TRAIN<\/strong><\/em><strong>.<\/strong> Imagina un First Dates sobre ruedas\u2026 O mejor no lo imagines, simplemente, <strong>s\u00fabete a un Ouigo y v\u00edvelo en primera persona<\/strong>. Lo llaman <em>pace relationship<\/em>, tuvo un \u00e9xito arrollador la edici\u00f3n pasada, y est\u00e1 dedicado a <strong>todos los<\/strong> <a rel=\"nofollow noopener\" target=\"_blank\" href=\"https:\/\/www.traveler.es\/viajeros\/articulos\/solomooning-luna-de-miel-en-soledad-viajar-sin-tu-pareja\/16014#intcid=inline_amp\" data-vars-link-click-url=\"https:\/\/www.traveler.es\/viajeros\/articulos\/solomooning-luna-de-miel-en-soledad-viajar-sin-tu-pareja\/16014#intcid=inline_amp\" data-vars-link-type=\"Internal\"><strong>solteros<\/strong><\/a> <strong>de Madrid, Barcelona, Zaragoza y Valencia<\/strong>.<\/p>\n<figure class=\"ad ad-ratio ad-ratio-size-300x600\"><amp-ad width=\"320\" height=\"600\" type=\"doubleclick\" class=\"multi-size \" data-lazy-fetch=\"true\" data-loading-strategy=\"prefer-viewability-over-views\" data-slot=\"\/5574\/es.cntraveller\/mid-content\/experiencias\/amp\/1\" data-multi-size=\"320x100,320x50,300x600,300x50,16x9,300x250\" data-multi-size-validation=\"false\" json=\"{&quot;targeting&quot;:{&quot;content_id&quot;:[&quot;63e4ee260a267dedac7dd4f3&quot;],&quot;platform&quot;:[&quot;amp&quot;],&quot;tags&quot;:[&quot;que-hacer-este-fin-de-semana-10-11-y-12-de-febrero&quot;,&quot;experiencias&quot;,&quot;fbia&quot;,&quot;location-europe-espana-madrid&quot;,&quot;agenda&quot;,&quot;con-amigos&quot;,&quot;planes-para-el-fin-de-semana&quot;,&quot;actualidad&quot;,&quot;article-settings&quot;,&quot;ContentHeader&quot;,&quot;variation&quot;,&quot;TextAboveCenterGridWidth&quot;,&quot;Agenda&quot;,&quot;Con amigos&quot;,&quot;Planes para el fin de semana&quot;,&quot;Actualidad&quot;],&quot;channel&quot;:[&quot;experiencias&quot;],&quot;page_slug&quot;:&quot;que-hacer-este-fin-de-semana-10-11-y-12-de-febrero&quot;,&quot;template_name&quot;:&quot;amp-article&quot;,&quot;partner&quot;:[&quot;amp&quot;],&quot;slot_position&quot;:[&quot;mid-content&quot;],&quot;pos_instance&quot;:[&quot;1&quot;],&quot;slot_name&quot;:&quot;mid_content_1&quot;}}\" rtc-config=\"{&quot;urls&quot;:[&quot;https:\/\/4d.condenastdigital.com\/amp\/content?url=https%3A%2F%2Fwww.traveler.es%2Farticulos%2Fque-hacer-este-fin-de-semana-10-11-y-12-de-febrero&quot;,&quot;amp-script:permutiveCachedTargeting.ct&quot;],&quot;timeoutMillis&quot;:1000}\" data-block-on-consent=\"\"\/><\/figure>\n<p>\u00bfEn qu\u00e9 consiste? En sacarle el m\u00e1ximo partido a tu viaje de tren: montarte soltero y bajarte, quiz\u00e1s, con una persona especial. Adem\u00e1s, <strong>los viajeros ir\u00e1n acompa\u00f1ados de una consejera del amor<\/strong>. Los trayectos tendr\u00e1n como fecha el <strong>13 de febrero (San Solter\u00edn)<\/strong> y saldr\u00e1n a las 10:06h desde Valencia, 10:40h desde Barcelona, y 12:06 desde Zaragoza. <strong>\u00daltima parada: la capital y las experiencias que all\u00ed esperan<\/strong>.<\/p>\n<p>Los participantes volver\u00e1n tras las actividades a las 19h a Valencia y a las 21h a Zaragoza y Barcelona. Para participar, <strong>debes enviar un DM al<\/strong> <a rel=\"nofollow noopener\" target=\"_blank\" href=\"https:\/\/www.instagram.com\/ouigo_es\/?hl=es\" data-vars-link-click-url=\"https:\/\/www.instagram.com\/ouigo_es\/?hl=es\" data-vars-link-type=\"External\" data-vars-offer-url=\"https:\/\/www.instagram.com\/ouigo_es\/?hl=es\" class=\"data-offer-external-url\"><strong>Instagram de Ouigo<\/strong><\/a> <strong>explicando qui\u00e9n eres<\/strong>, de d\u00f3nde, qu\u00e9 buscas en tu compa\u00f1ero de viaje, tus intereses, por qu\u00e9 deben contar contigo, una breve presentaci\u00f3n y a qui\u00e9n te gustar\u00eda conocer. La originalidad es lo que m\u00e1s valoran <strong>\u00a1y las candidaturas se cierran ma\u00f1ana, viernes 10 de febrero!<\/strong> \u00bfA qu\u00e9 esperas para encontrar el amor a toda velocidad?<\/p>\n<figure tabindex=\"0\" class=\"image\"><amp-img src=\"https:\/\/media.traveler.es\/photos\/63e50c2cceba063e5cb5b634\/master\/w_2500,h_1667,c_limit\/SPEED%20DATING%20OUIGO%20(12).jpg\" srcset=\"https:\/\/media.traveler.es\/photos\/63e50c2cceba063e5cb5b634\/master\/w_1800,c_limit\/SPEED%20DATING%20OUIGO%20(12).jpg 1800w,https:\/\/media.traveler.es\/photos\/63e50c2cceba063e5cb5b634\/master\/w_1200,c_limit\/SPEED%20DATING%20OUIGO%20(12).jpg 1200w,https:\/\/media.traveler.es\/photos\/63e50c2cceba063e5cb5b634\/master\/w_900,c_limit\/SPEED%20DATING%20OUIGO%20(12).jpg 900w,https:\/\/media.traveler.es\/photos\/63e50c2cceba063e5cb5b634\/master\/w_600,c_limit\/SPEED%20DATING%20OUIGO%20(12).jpg 600w,https:\/\/media.traveler.es\/photos\/63e50c2cceba063e5cb5b634\/master\/w_450,c_limit\/SPEED%20DATING%20OUIGO%20(12).jpg 450w,https:\/\/media.traveler.es\/photos\/63e50c2cceba063e5cb5b634\/master\/w_300,c_limit\/SPEED%20DATING%20OUIGO%20(12).jpg 300w\" sizes=\"(min-width: 600px) 600px, 100vw\" width=\"2500\" height=\"1667\" alt=\"Speed Dating Ouigo\" attribution=\"Pablo Yunyas\" layout=\"responsive\"\/><figcaption><cite class=\"credit\">Pablo Yunyas<\/cite><\/p>\n<p><em>\u00bfTe subes al tren del amor?<\/em><\/p>\n<\/figcaption><\/figure>\n<figure class=\"ad ad-ratio ad-ratio-size-300x600\"><amp-ad width=\"320\" height=\"600\" type=\"doubleclick\" class=\"multi-size \" data-lazy-fetch=\"true\" data-loading-strategy=\"prefer-viewability-over-views\" data-slot=\"\/5574\/es.cntraveller\/mid-content\/experiencias\/amp\/2\" data-multi-size=\"320x100,320x50,300x600,300x50,16x9,300x250\" data-multi-size-validation=\"false\" json=\"{&quot;targeting&quot;:{&quot;content_id&quot;:[&quot;63e4ee260a267dedac7dd4f3&quot;],&quot;platform&quot;:[&quot;amp&quot;],&quot;tags&quot;:[&quot;que-hacer-este-fin-de-semana-10-11-y-12-de-febrero&quot;,&quot;experiencias&quot;,&quot;fbia&quot;,&quot;location-europe-espana-madrid&quot;,&quot;agenda&quot;,&quot;con-amigos&quot;,&quot;planes-para-el-fin-de-semana&quot;,&quot;actualidad&quot;,&quot;article-settings&quot;,&quot;ContentHeader&quot;,&quot;variation&quot;,&quot;TextAboveCenterGridWidth&quot;,&quot;Agenda&quot;,&quot;Con amigos&quot;,&quot;Planes para el fin de semana&quot;,&quot;Actualidad&quot;],&quot;channel&quot;:[&quot;experiencias&quot;],&quot;page_slug&quot;:&quot;que-hacer-este-fin-de-semana-10-11-y-12-de-febrero&quot;,&quot;template_name&quot;:&quot;amp-article&quot;,&quot;partner&quot;:[&quot;amp&quot;],&quot;slot_position&quot;:[&quot;mid-content&quot;],&quot;pos_instance&quot;:[&quot;2&quot;],&quot;slot_name&quot;:&quot;mid_content_2&quot;}}\" rtc-config=\"{&quot;urls&quot;:[&quot;https:\/\/4d.condenastdigital.com\/amp\/content?url=https%3A%2F%2Fwww.traveler.es%2Farticulos%2Fque-hacer-este-fin-de-semana-10-11-y-12-de-febrero&quot;,&quot;amp-script:permutiveCachedTargeting.ct&quot;],&quot;timeoutMillis&quot;:1000}\" data-block-on-consent=\"\"\/><\/figure>\n<h3>Compras<\/h3>\n<p><strong>VIAJE EN EL TIEMPO.<\/strong> El auge de lo <a rel=\"nofollow noopener\" target=\"_blank\" href=\"https:\/\/www.traveler.es\/articulos\/las-mejores-tiendas-para-comprar-moda-vintage-en-barcelona#intcid=inline_amp\" data-vars-link-click-url=\"https:\/\/www.traveler.es\/articulos\/las-mejores-tiendas-para-comprar-moda-vintage-en-barcelona#intcid=inline_amp\" data-vars-link-type=\"Internal\"><em>vintage<\/em><\/a> no solo se ha producido en la moda, <strong>no son pocos los amantes de las antig\u00fcedades en la decoraci\u00f3n<\/strong> y esas piezas exclusivas del pasado que nos trasladan a otra \u00e9poca. Para ellos es <strong>Deco &amp; Stylish, un espacio en el que encontrar\u00e1n desde artesan\u00eda, hasta vajillas o muebles<\/strong>.<\/p>\n<p><strong>Hasta el domingo, 12 de febrero, el n\u00famero 23 de la calle Goya<\/strong> acoge las mesas afrancesadas y art\u00edculos en hierro de Pedro Gonzarreta; las l\u00e1mparas y pinturas del Atelier de Argensola; los espejos y divanes de Dnuevo; o las velas de Vnica. <strong>Una larga lista de curiosas piezas<\/strong> que constituyen una b\u00fasqueda del tesoro <em>(de 11h a 21h hasta el s\u00e1bado, de 11h a 15h el domingo)<\/em>.<\/p>\n<figure tabindex=\"0\" class=\"image\"><amp-img src=\"https:\/\/media.traveler.es\/photos\/63e50c3813d17118ccc65975\/master\/w_768,h_1024,c_limit\/DECO%20&amp;%20CHIC%202.jpg\" srcset=\"https:\/\/media.traveler.es\/photos\/63e50c3813d17118ccc65975\/master\/w_1800,c_limit\/DECO%20&amp;%20CHIC%202.jpg 1800w,https:\/\/media.traveler.es\/photos\/63e50c3813d17118ccc65975\/master\/w_1200,c_limit\/DECO%20&amp;%20CHIC%202.jpg 1200w,https:\/\/media.traveler.es\/photos\/63e50c3813d17118ccc65975\/master\/w_900,c_limit\/DECO%20&amp;%20CHIC%202.jpg 900w,https:\/\/media.traveler.es\/photos\/63e50c3813d17118ccc65975\/master\/w_600,c_limit\/DECO%20&amp;%20CHIC%202.jpg 600w,https:\/\/media.traveler.es\/photos\/63e50c3813d17118ccc65975\/master\/w_450,c_limit\/DECO%20&amp;%20CHIC%202.jpg 450w,https:\/\/media.traveler.es\/photos\/63e50c3813d17118ccc65975\/master\/w_300,c_limit\/DECO%20&amp;%20CHIC%202.jpg 300w\" sizes=\"(min-width: 600px) 600px, 100vw\" width=\"768\" height=\"1024\" alt=\"Deco &amp; Chic\" attribution=\"Deco &amp; Chic\" layout=\"responsive\"\/><figcaption><cite class=\"credit\">Deco &amp; Stylish<\/cite><\/p>\n<p><em>Regreso al \u00a1pasado! con Deco &amp; Stylish.<\/em><\/p>\n<\/figcaption><\/figure>\n<h3>Moda<\/h3>\n<p><strong>CALENTANDO MOTORES.<\/strong> Dentro de muy pocos d\u00edas, aterriza en la capital uno de los eventos m\u00e1s importantes del a\u00f1o: <a rel=\"nofollow noopener\" target=\"_blank\" href=\"https:\/\/www.ifema.es\/mbfw-madrid\" data-vars-link-click-url=\"https:\/\/www.ifema.es\/mbfw-madrid\" data-vars-link-type=\"External\" data-vars-offer-url=\"https:\/\/www.ifema.es\/mbfw-madrid\" class=\"data-offer-external-url\"><strong>Madrid Fashion Week<\/strong><\/a> <strong>llega el 15 de febrero<\/strong>. Justo antes, llega el preludio que los amantes de la moda no pueden perderse y es que <strong>hoy comienza<\/strong> <a rel=\"nofollow noopener\" target=\"_blank\" href=\"https:\/\/madridesmoda.com\/\" data-vars-link-click-url=\"https:\/\/madridesmoda.com\/\" data-vars-link-type=\"External\" data-vars-offer-url=\"https:\/\/madridesmoda.com\/\" class=\"data-offer-external-url\"><strong>Madrid es Moda<\/strong><\/a>, con sus presentaciones, pop ups y coloquios.<\/p>\n<figure class=\"ad ad-ratio ad-ratio-size-300x600\"><amp-ad width=\"320\" height=\"600\" type=\"doubleclick\" class=\"multi-size \" data-lazy-fetch=\"true\" data-loading-strategy=\"prefer-viewability-over-views\" data-slot=\"\/5574\/es.cntraveller\/mid-content\/experiencias\/amp\/3\" data-multi-size=\"320x100,320x50,300x600,300x50,16x9,300x250\" data-multi-size-validation=\"false\" json=\"{&quot;targeting&quot;:{&quot;content_id&quot;:[&quot;63e4ee260a267dedac7dd4f3&quot;],&quot;platform&quot;:[&quot;amp&quot;],&quot;tags&quot;:[&quot;que-hacer-este-fin-de-semana-10-11-y-12-de-febrero&quot;,&quot;experiencias&quot;,&quot;fbia&quot;,&quot;location-europe-espana-madrid&quot;,&quot;agenda&quot;,&quot;con-amigos&quot;,&quot;planes-para-el-fin-de-semana&quot;,&quot;actualidad&quot;,&quot;article-settings&quot;,&quot;ContentHeader&quot;,&quot;variation&quot;,&quot;TextAboveCenterGridWidth&quot;,&quot;Agenda&quot;,&quot;Con amigos&quot;,&quot;Planes para el fin de semana&quot;,&quot;Actualidad&quot;],&quot;channel&quot;:[&quot;experiencias&quot;],&quot;page_slug&quot;:&quot;que-hacer-este-fin-de-semana-10-11-y-12-de-febrero&quot;,&quot;template_name&quot;:&quot;amp-article&quot;,&quot;partner&quot;:[&quot;amp&quot;],&quot;slot_position&quot;:[&quot;mid-content&quot;],&quot;pos_instance&quot;:[&quot;3&quot;],&quot;slot_name&quot;:&quot;mid_content_3&quot;}}\" rtc-config=\"{&quot;urls&quot;:[&quot;https:\/\/4d.condenastdigital.com\/amp\/content?url=https%3A%2F%2Fwww.traveler.es%2Farticulos%2Fque-hacer-este-fin-de-semana-10-11-y-12-de-febrero&quot;,&quot;amp-script:permutiveCachedTargeting.ct&quot;],&quot;timeoutMillis&quot;:1000}\" data-block-on-consent=\"\"\/><\/figure>\n<p>Ser\u00e1 este el momento en el que ver\u00e1n la luz <strong>las nuevas colecciones de Devota &amp; Lomba, Reliquiae, Pertegaz, Ulises M\u00e9rida, Man\u00e9man\u00e9<\/strong> y una larga lista de importantes nombres del mundo de la moda, pero adem\u00e1s, las calles de Madrid se llenan de pop ups en las que deleitarse con exclusivas piezas. De viernes a domingo, podremos visitar algunos espacios como el de <a rel=\"nofollow noopener\" target=\"_blank\" href=\"https:\/\/www.traveler.es\/viajeros\/articulos\/disenador-moises-nieto-coleccion-primavera-verano-2020\/15753#intcid=inline_amp\" data-vars-link-click-url=\"https:\/\/www.traveler.es\/viajeros\/articulos\/disenador-moises-nieto-coleccion-primavera-verano-2020\/15753#intcid=inline_amp\" data-vars-link-type=\"Internal\"><strong>Mois\u00e9s Nieto<\/strong><\/a> <strong>y su pop up dedicada a<\/strong> <em><strong>Siesta<\/strong><\/em><strong>, su colecci\u00f3n SS23; o las pop ups de Acromatyx o Dominnico<\/strong>.<\/p>\n<p>En otro formato, <strong>la dise\u00f1adora Paloma Su\u00e1rez estar\u00e1 en ESNE el 10 de febrero a las 11h<\/strong>, para reunirse con Maruca Garc\u00eda Paredes, una de sus antiguas profesoras, y <strong>charlar sobre su colecci\u00f3n SS23<\/strong> <em><strong>Make a want<\/strong><\/em>, un coloquio en el que tambi\u00e9n se emitir\u00e1 un <em>vogue movie<\/em> de presentaci\u00f3n y se expondr\u00e1n algunas de sus piezas. La preparaci\u00f3n de la Semana de la Moda se hace con m\u00e1s moda. \u00a1Calentamos!<\/p>\n<figure class=\"instagram\"><amp-instagram width=\"400\" height=\"400\" data-shortcode=\"CoU2sIcNiT2\" layout=\"responsive\" data-block-on-consent=\"_till_accepted\"\/><\/figure>\n<figure class=\"ad ad-ratio ad-ratio-size-300x600\"><amp-ad width=\"320\" height=\"600\" type=\"doubleclick\" class=\"multi-size \" data-lazy-fetch=\"true\" data-loading-strategy=\"prefer-viewability-over-views\" data-slot=\"\/5574\/es.cntraveller\/mid-content\/experiencias\/amp\/4\" data-multi-size=\"320x100,320x50,300x600,300x50,16x9,300x250\" data-multi-size-validation=\"false\" json=\"{&quot;targeting&quot;:{&quot;content_id&quot;:[&quot;63e4ee260a267dedac7dd4f3&quot;],&quot;platform&quot;:[&quot;amp&quot;],&quot;tags&quot;:[&quot;que-hacer-este-fin-de-semana-10-11-y-12-de-febrero&quot;,&quot;experiencias&quot;,&quot;fbia&quot;,&quot;location-europe-espana-madrid&quot;,&quot;agenda&quot;,&quot;con-amigos&quot;,&quot;planes-para-el-fin-de-semana&quot;,&quot;actualidad&quot;,&quot;article-settings&quot;,&quot;ContentHeader&quot;,&quot;variation&quot;,&quot;TextAboveCenterGridWidth&quot;,&quot;Agenda&quot;,&quot;Con amigos&quot;,&quot;Planes para el fin de semana&quot;,&quot;Actualidad&quot;],&quot;channel&quot;:[&quot;experiencias&quot;],&quot;page_slug&quot;:&quot;que-hacer-este-fin-de-semana-10-11-y-12-de-febrero&quot;,&quot;template_name&quot;:&quot;amp-article&quot;,&quot;partner&quot;:[&quot;amp&quot;],&quot;slot_position&quot;:[&quot;mid-content&quot;],&quot;pos_instance&quot;:[&quot;4&quot;],&quot;slot_name&quot;:&quot;mid_content_4&quot;}}\" rtc-config=\"{&quot;urls&quot;:[&quot;https:\/\/4d.condenastdigital.com\/amp\/content?url=https%3A%2F%2Fwww.traveler.es%2Farticulos%2Fque-hacer-este-fin-de-semana-10-11-y-12-de-febrero&quot;,&quot;amp-script:permutiveCachedTargeting.ct&quot;],&quot;timeoutMillis&quot;:1000}\" data-block-on-consent=\"\"\/><\/figure>\n<h3>Karaoke<\/h3>\n<p><em><strong>IT\u2019S A MATCH!<\/strong><\/em> En una quedada grupal, <strong>el karaoke siempre es una apuesta segura<\/strong>. Llega el momento de escuchar a tu amigo desafinando mientras canta a los cuatro vientos, de marcarte esa actuaci\u00f3n so\u00f1ada a d\u00fao con tu amiga o, qui\u00e9n sabe, de sacar a relucir tu talento al micr\u00f3fono. Siempre hemos asociado las salas de karaoke a espacios no muy cuidados est\u00e9ticamente, pero eso cambi\u00f3 hace tiempo <strong>con la llegada de<\/strong> <a rel=\"nofollow noopener\" target=\"_blank\" href=\"https:\/\/www.traveler.es\/experiencias\/articulos\/bam-karaoke-box-a-la-japonesa-madrid-bar\/16202#intcid=inline_amp\" data-vars-link-click-url=\"https:\/\/www.traveler.es\/experiencias\/articulos\/bam-karaoke-box-a-la-japonesa-madrid-bar\/16202#intcid=inline_amp\" data-vars-link-type=\"Internal\"><strong>BAM Karaoke Box<\/strong><\/a>.<\/p>\n<p>Y desde entonces, descubrimos que <strong>se puede hacer el rid\u00edculo con elegancia, en salas tem\u00e1ticas perfectamente decoradas y con c\u00f3cteles dignos de fotograf\u00eda<\/strong> y, lo mejor de todo, en privado. Esto se traduce en elegir la canci\u00f3n que nos apetezca cuando nos apetezca, el volumen, la iluminaci\u00f3n\u2026 Y que de lo \u00fanico que tengas que preocuparte es de quitarle el micr\u00f3fono a esos amigos que est\u00e1n cantando <em>Shallow<\/em>.<\/p>\n<p>Sin embargo, esta vez, BAM Karaoke Field se ha saltado sus propias reglas y las de San Valent\u00edn, creando una sala que bien podr\u00eda convertirse en un Tinder en directo. <strong>Bajo el nombre de<\/strong> <em><strong>Cupid Room<\/strong><\/em>, la sala Estudio Azul de BAM <strong>da la bienvenida a todos los solteros y solteras<\/strong> dispuestos a coger el micro y sorprender a los dem\u00e1s \u2013o a tu pr\u00f3xima cita\u2013. Esta sala del amor estar\u00e1 disponible <strong>en<\/strong> <a rel=\"nofollow noopener\" target=\"_blank\" href=\"https:\/\/es.bam-karaokebox.com\/\" data-vars-link-click-url=\"https:\/\/es.bam-karaokebox.com\/\" data-vars-link-type=\"External\" data-vars-offer-url=\"https:\/\/es.bam-karaokebox.com\/\" class=\"data-offer-external-url\"><strong>BAM Karaoke Box Luchana<\/strong><\/a> (Luchana, 20), de 18:30h a 3h (10\u20ac por persona, sin necesidad de reserva previa).<\/p>\n<figure class=\"ad ad-ratio ad-ratio-size-300x600\"><amp-ad width=\"320\" height=\"600\" type=\"doubleclick\" class=\"multi-size \" data-lazy-fetch=\"true\" data-loading-strategy=\"prefer-viewability-over-views\" data-slot=\"\/5574\/es.cntraveller\/mid-content\/experiencias\/amp\/5\" data-multi-size=\"320x100,320x50,300x600,300x50,16x9,300x250\" data-multi-size-validation=\"false\" json=\"{&quot;targeting&quot;:{&quot;content_id&quot;:[&quot;63e4ee260a267dedac7dd4f3&quot;],&quot;platform&quot;:[&quot;amp&quot;],&quot;tags&quot;:[&quot;que-hacer-este-fin-de-semana-10-11-y-12-de-febrero&quot;,&quot;experiencias&quot;,&quot;fbia&quot;,&quot;location-europe-espana-madrid&quot;,&quot;agenda&quot;,&quot;con-amigos&quot;,&quot;planes-para-el-fin-de-semana&quot;,&quot;actualidad&quot;,&quot;article-settings&quot;,&quot;ContentHeader&quot;,&quot;variation&quot;,&quot;TextAboveCenterGridWidth&quot;,&quot;Agenda&quot;,&quot;Con amigos&quot;,&quot;Planes para el fin de semana&quot;,&quot;Actualidad&quot;],&quot;channel&quot;:[&quot;experiencias&quot;],&quot;page_slug&quot;:&quot;que-hacer-este-fin-de-semana-10-11-y-12-de-febrero&quot;,&quot;template_name&quot;:&quot;amp-article&quot;,&quot;partner&quot;:[&quot;amp&quot;],&quot;slot_position&quot;:[&quot;mid-content&quot;],&quot;pos_instance&quot;:[&quot;5&quot;],&quot;slot_name&quot;:&quot;mid_content_5&quot;}}\" rtc-config=\"{&quot;urls&quot;:[&quot;https:\/\/4d.condenastdigital.com\/amp\/content?url=https%3A%2F%2Fwww.traveler.es%2Farticulos%2Fque-hacer-este-fin-de-semana-10-11-y-12-de-febrero&quot;,&quot;amp-script:permutiveCachedTargeting.ct&quot;],&quot;timeoutMillis&quot;:1000}\" data-block-on-consent=\"\"\/><\/figure>\n<figure tabindex=\"0\" class=\"image\"><amp-img src=\"https:\/\/media.traveler.es\/photos\/63e50cb03195e23e77291e0d\/master\/w_2000,h_1333,c_limit\/Estudio%20azul%20BAM%20Karaoke%20Box%20Luchana.jpg\" srcset=\"https:\/\/media.traveler.es\/photos\/63e50cb03195e23e77291e0d\/master\/w_1800,c_limit\/Estudio%20azul%20BAM%20Karaoke%20Box%20Luchana.jpg 1800w,https:\/\/media.traveler.es\/photos\/63e50cb03195e23e77291e0d\/master\/w_1200,c_limit\/Estudio%20azul%20BAM%20Karaoke%20Box%20Luchana.jpg 1200w,https:\/\/media.traveler.es\/photos\/63e50cb03195e23e77291e0d\/master\/w_900,c_limit\/Estudio%20azul%20BAM%20Karaoke%20Box%20Luchana.jpg 900w,https:\/\/media.traveler.es\/photos\/63e50cb03195e23e77291e0d\/master\/w_600,c_limit\/Estudio%20azul%20BAM%20Karaoke%20Box%20Luchana.jpg 600w,https:\/\/media.traveler.es\/photos\/63e50cb03195e23e77291e0d\/master\/w_450,c_limit\/Estudio%20azul%20BAM%20Karaoke%20Box%20Luchana.jpg 450w,https:\/\/media.traveler.es\/photos\/63e50cb03195e23e77291e0d\/master\/w_300,c_limit\/Estudio%20azul%20BAM%20Karaoke%20Box%20Luchana.jpg 300w\" sizes=\"(min-width: 600px) 600px, 100vw\" width=\"2000\" height=\"1333\" alt=\"Estudio azul BAM Karaoke Box Luchana\" attribution=\"BAM Karaoke Box\" layout=\"responsive\"\/><figcaption><cite class=\"credit\">BAM Karaoke Field<\/cite><\/p>\n<p><em>A lo mejor cantando encuentras al amor de tu vida\u2026<\/em><\/p>\n<\/figcaption><\/figure>\n<h3>Arte<\/h3>\n<p><strong>MAM\u00c1, MAM\u00c1, MAM\u00c1<\/strong>. Dec\u00eda la canci\u00f3n \u2013el himno, mejor dicho\u2013 de <a rel=\"nofollow noopener\" target=\"_blank\" href=\"https:\/\/www.traveler.es\/articulos\/rigoberta-bandini-alizzz-viajes-festivales-amanecer-pop#intcid=inline_amp\" data-vars-link-click-url=\"https:\/\/www.traveler.es\/articulos\/rigoberta-bandini-alizzz-viajes-festivales-amanecer-pop#intcid=inline_amp\" data-vars-link-type=\"Internal\">Rigoberta Bandini<\/a> que todos hemos cantado con las emociones a flor de piel. Como su propio nombre indica, de madres (y m\u00e1s) va <em><strong>Moms<\/strong><\/em><strong>, la exposici\u00f3n colectiva que se asienta en la<\/strong> <a rel=\"nofollow noopener\" target=\"_blank\" href=\"https:\/\/badreljundigallery.com\/es\/\" data-vars-link-click-url=\"https:\/\/badreljundigallery.com\/es\/\" data-vars-link-type=\"External\" data-vars-offer-url=\"https:\/\/badreljundigallery.com\/es\/\" class=\"data-offer-external-url\"><strong>galer\u00eda Bar El Jundi<\/strong><\/a> <strong>hasta el 4 de marzo<\/strong>.<\/p>\n<p><strong>Bea Bofini, Marie Boyer, Bel Fullana, Cecilia Granara, Emma Passera y Camile Soualen<\/strong> son las artistas que prestan su talento a la muestra en forma de esculturas, lienzos pintados al \u00f3leo, acr\u00edlico, spray\u2026 <strong>Mujeres realizadas por mujeres<\/strong>, ese es el concepto que abraza esta exposici\u00f3n comisariado por Elisa Rigoulet.<\/p>\n<p>A lo largo de las obras, el espectador se encontrar\u00e1 conversando sobre <strong>el concepto de maternidad, la identidad, el g\u00e9nero, la sexualidad<\/strong>\u2026 <em>Moms<\/em> habla especialmente del sentimiento de grupo, de comunidad, del t\u00fa a t\u00fa o, en este caso, de mujer a mujer. O de madre a madre, aquellas que, como cantaba Rigoberta, podr\u00edan acabar con tantas guerras.<\/p>\n<figure class=\"ad ad-ratio ad-ratio-size-300x600\"><amp-ad width=\"320\" height=\"600\" type=\"doubleclick\" class=\"multi-size \" data-lazy-fetch=\"true\" data-loading-strategy=\"prefer-viewability-over-views\" data-slot=\"\/5574\/es.cntraveller\/mid-content\/experiencias\/amp\/6\" data-multi-size=\"320x100,320x50,300x600,300x50,16x9,300x250\" data-multi-size-validation=\"false\" json=\"{&quot;targeting&quot;:{&quot;content_id&quot;:[&quot;63e4ee260a267dedac7dd4f3&quot;],&quot;platform&quot;:[&quot;amp&quot;],&quot;tags&quot;:[&quot;que-hacer-este-fin-de-semana-10-11-y-12-de-febrero&quot;,&quot;experiencias&quot;,&quot;fbia&quot;,&quot;location-europe-espana-madrid&quot;,&quot;agenda&quot;,&quot;con-amigos&quot;,&quot;planes-para-el-fin-de-semana&quot;,&quot;actualidad&quot;,&quot;article-settings&quot;,&quot;ContentHeader&quot;,&quot;variation&quot;,&quot;TextAboveCenterGridWidth&quot;,&quot;Agenda&quot;,&quot;Con amigos&quot;,&quot;Planes para el fin de semana&quot;,&quot;Actualidad&quot;],&quot;channel&quot;:[&quot;experiencias&quot;],&quot;page_slug&quot;:&quot;que-hacer-este-fin-de-semana-10-11-y-12-de-febrero&quot;,&quot;template_name&quot;:&quot;amp-article&quot;,&quot;partner&quot;:[&quot;amp&quot;],&quot;slot_position&quot;:[&quot;mid-content&quot;],&quot;pos_instance&quot;:[&quot;6&quot;],&quot;slot_name&quot;:&quot;mid_content_6&quot;}}\" rtc-config=\"{&quot;urls&quot;:[&quot;https:\/\/4d.condenastdigital.com\/amp\/content?url=https%3A%2F%2Fwww.traveler.es%2Farticulos%2Fque-hacer-este-fin-de-semana-10-11-y-12-de-febrero&quot;,&quot;amp-script:permutiveCachedTargeting.ct&quot;],&quot;timeoutMillis&quot;:1000}\" data-block-on-consent=\"\"\/><\/figure>\n<figure tabindex=\"0\" class=\"image\"><amp-img src=\"https:\/\/media.traveler.es\/photos\/63e50ccb8bf044a239c50383\/master\/w_1497,h_2000,c_limit\/CSOUALEN_La%20danse%20du%20temps%20(ou%20deuil)%20%20(1).jpg\" srcset=\"https:\/\/media.traveler.es\/photos\/63e50ccb8bf044a239c50383\/master\/w_1800,c_limit\/CSOUALEN_La%20danse%20du%20temps%20(ou%20deuil)%20%20(1).jpg 1800w,https:\/\/media.traveler.es\/photos\/63e50ccb8bf044a239c50383\/master\/w_1200,c_limit\/CSOUALEN_La%20danse%20du%20temps%20(ou%20deuil)%20%20(1).jpg 1200w,https:\/\/media.traveler.es\/photos\/63e50ccb8bf044a239c50383\/master\/w_900,c_limit\/CSOUALEN_La%20danse%20du%20temps%20(ou%20deuil)%20%20(1).jpg 900w,https:\/\/media.traveler.es\/photos\/63e50ccb8bf044a239c50383\/master\/w_600,c_limit\/CSOUALEN_La%20danse%20du%20temps%20(ou%20deuil)%20%20(1).jpg 600w,https:\/\/media.traveler.es\/photos\/63e50ccb8bf044a239c50383\/master\/w_450,c_limit\/CSOUALEN_La%20danse%20du%20temps%20(ou%20deuil)%20%20(1).jpg 450w,https:\/\/media.traveler.es\/photos\/63e50ccb8bf044a239c50383\/master\/w_300,c_limit\/CSOUALEN_La%20danse%20du%20temps%20(ou%20deuil)%20%20(1).jpg 300w\" sizes=\"(min-width: 600px) 600px, 100vw\" width=\"1497\" height=\"2000\" alt=\"La danse du temps, obra de Camile Soualen para la exposici\u00f3n Mothers\" attribution=\"Ad\u00e8le Onnillon\" layout=\"responsive\"\/><figcaption><cite class=\"credit\">Ad\u00e8le Onnillon<\/cite><\/p>\n<p><em>\u2018La danse du temps\u2019, obra de Camile Soualen para la exposici\u00f3n \u2018Mothers\u2019.<\/em><\/p>\n<\/figcaption><\/figure>\n<h3>Gastronom\u00eda<\/h3>\n<p><strong>EL HOMENAJE.<\/strong> Si la felicidad est\u00e1 en las peque\u00f1as cosas, no nos cabe duda de que se encuentra <strong>en un plato de angulas con huevos<\/strong>. Tampoco tenemos duda de que uno de los mejores sitios para probarlas son <strong>los restaurantes del<\/strong> <a rel=\"nofollow noopener\" target=\"_blank\" href=\"https:\/\/grupolamaquina.es\/\" data-vars-link-click-url=\"https:\/\/grupolamaquina.es\/\" data-vars-link-type=\"External\" data-vars-offer-url=\"https:\/\/grupolamaquina.es\/\" class=\"data-offer-external-url\"><strong>Grupo La M\u00e1quina<\/strong><\/a>. En sus jornadas gastron\u00f3micas, aquellas que sacan a relucir los productos estrella de la temporada, las angulas se hacen las protagonistas de estos d\u00edas, pero \u00a1ojo! <strong>\u00a1solo estar\u00e1n disponibles hasta el domingo!<\/strong><\/p>\n<p><strong>Angulas frescas tra\u00eddas directamente desde San Juan de la Enviornment<\/strong> y que, tras pasar por los fogones, se convierten en <strong>una cazuelita de angulas a la bilba\u00edna<\/strong> o en un plato, como adelant\u00e1bamos antes, de <strong>angulas con patatas y huevos<\/strong>. Si el maridaje corre a cargo de un albari\u00f1o Pazo de San Mauro 2022, el resultado solo puede ser inmejorable.<\/p>\n<figure tabindex=\"0\" class=\"image\"><amp-img src=\"https:\/\/media.traveler.es\/photos\/63e50cd8834b3e6c89f3cfb9\/master\/w_2000,h_1334,c_limit\/Angulas%20-%20copia.jpg\" srcset=\"https:\/\/media.traveler.es\/photos\/63e50cd8834b3e6c89f3cfb9\/master\/w_1800,c_limit\/Angulas%20-%20copia.jpg 1800w,https:\/\/media.traveler.es\/photos\/63e50cd8834b3e6c89f3cfb9\/master\/w_1200,c_limit\/Angulas%20-%20copia.jpg 1200w,https:\/\/media.traveler.es\/photos\/63e50cd8834b3e6c89f3cfb9\/master\/w_900,c_limit\/Angulas%20-%20copia.jpg 900w,https:\/\/media.traveler.es\/photos\/63e50cd8834b3e6c89f3cfb9\/master\/w_600,c_limit\/Angulas%20-%20copia.jpg 600w,https:\/\/media.traveler.es\/photos\/63e50cd8834b3e6c89f3cfb9\/master\/w_450,c_limit\/Angulas%20-%20copia.jpg 450w,https:\/\/media.traveler.es\/photos\/63e50cd8834b3e6c89f3cfb9\/master\/w_300,c_limit\/Angulas%20-%20copia.jpg 300w\" sizes=\"(min-width: 600px) 600px, 100vw\" width=\"2000\" height=\"1334\" alt=\"Cazuela de angulas del Grupo La M\u00e1quina\" attribution=\"Xerman Penalver Lopez\" layout=\"responsive\"\/><figcaption><cite class=\"credit\">Xerman Penalver Lopez<\/cite><\/p>\n<p><em>Y para comer, \u00a1angulas!<\/em><\/p>\n<\/figcaption><\/figure>\n<figure class=\"ad ad-ratio ad-ratio-size-300x600\"><amp-ad width=\"320\" height=\"600\" type=\"doubleclick\" class=\"multi-size \" data-lazy-fetch=\"true\" data-loading-strategy=\"prefer-viewability-over-views\" data-slot=\"\/5574\/es.cntraveller\/mid-content\/experiencias\/amp\/7\" data-multi-size=\"320x100,320x50,300x600,300x50,16x9,300x250\" data-multi-size-validation=\"false\" json=\"{&quot;targeting&quot;:{&quot;content_id&quot;:[&quot;63e4ee260a267dedac7dd4f3&quot;],&quot;platform&quot;:[&quot;amp&quot;],&quot;tags&quot;:[&quot;que-hacer-este-fin-de-semana-10-11-y-12-de-febrero&quot;,&quot;experiencias&quot;,&quot;fbia&quot;,&quot;location-europe-espana-madrid&quot;,&quot;agenda&quot;,&quot;con-amigos&quot;,&quot;planes-para-el-fin-de-semana&quot;,&quot;actualidad&quot;,&quot;article-settings&quot;,&quot;ContentHeader&quot;,&quot;variation&quot;,&quot;TextAboveCenterGridWidth&quot;,&quot;Agenda&quot;,&quot;Con amigos&quot;,&quot;Planes para el fin de semana&quot;,&quot;Actualidad&quot;],&quot;channel&quot;:[&quot;experiencias&quot;],&quot;page_slug&quot;:&quot;que-hacer-este-fin-de-semana-10-11-y-12-de-febrero&quot;,&quot;template_name&quot;:&quot;amp-article&quot;,&quot;partner&quot;:[&quot;amp&quot;],&quot;slot_position&quot;:[&quot;mid-content&quot;],&quot;pos_instance&quot;:[&quot;7&quot;],&quot;slot_name&quot;:&quot;mid_content_7&quot;}}\" rtc-config=\"{&quot;urls&quot;:[&quot;https:\/\/4d.condenastdigital.com\/amp\/content?url=https%3A%2F%2Fwww.traveler.es%2Farticulos%2Fque-hacer-este-fin-de-semana-10-11-y-12-de-febrero&quot;,&quot;amp-script:permutiveCachedTargeting.ct&quot;],&quot;timeoutMillis&quot;:1000}\" data-block-on-consent=\"\"\/><\/figure>\n<h3>Ver m\u00e1s art\u00edculos<\/h3>\n<p><a rel=\"nofollow noopener\" target=\"_blank\" href=\"https:\/\/link.traveler.es\/join\/6d9\/traveler-signup\" data-vars-link-click-url=\"https:\/\/link.traveler.es\/join\/6d9\/traveler-signup\" data-vars-link-type=\"External\" data-vars-offer-url=\"https:\/\/link.traveler.es\/join\/6d9\/traveler-signup\" class=\"data-offer-external-url\">SUSCR\u00cdBETE AQU\u00cd a nuestra newsletter y recibe todas las novedades de Cond\u00e9 Nast Traveler #YoSoyTraveler<\/a><\/p>\n<\/div>\n<p><script async defer src=\"https:\/\/platform.instagram.com\/en_US\/embeds.js\"><\/script><br \/>\n<br \/><\/p>\n<p><em> &#8221; Fuentes www.traveler.es &#8221; <\/em><\/p>\n","protected":false},"excerpt":{"rendered":"<p>A las puertas de San Valent\u00edn, este fin de semana hemos decidido desprendernos de la nube de az\u00facar para ir de compras a un mercado de antig\u00fcedades, darnos el homenaje en alg\u00fan restaurante, empaparnos de arte en todos sus formatos, celebrar San Solter\u00edn, cantar a los cuatro vientos y gritar de felicidad junto a nuestros [&hellip;]<\/p>\n","protected":false},"author":4,"featured_media":484504,"comment_status":"open","ping_status":"closed","sticky":false,"template":"","format":"standard","meta":{"om_disable_all_campaigns":false,"jnews-multi-image_gallery":[],"jnews_single_post":[],"jnews_primary_category":[],"jnews_social_meta":[],"footnotes":""},"categories":[144872],"tags":[],"class_list":["post-484502","post","type-post","status-publish","format-standard","has-post-thumbnail","hentry","category-fashion"],"_links":{"self":[{"href":"https:\/\/dimensionturistica.com\/es\/wp-json\/wp\/v2\/posts\/484502","targetHints":{"allow":["GET"]}}],"collection":[{"href":"https:\/\/dimensionturistica.com\/es\/wp-json\/wp\/v2\/posts"}],"about":[{"href":"https:\/\/dimensionturistica.com\/es\/wp-json\/wp\/v2\/types\/post"}],"author":[{"embeddable":true,"href":"https:\/\/dimensionturistica.com\/es\/wp-json\/wp\/v2\/users\/4"}],"replies":[{"embeddable":true,"href":"https:\/\/dimensionturistica.com\/es\/wp-json\/wp\/v2\/comments?post=484502"}],"version-history":[{"count":0,"href":"https:\/\/dimensionturistica.com\/es\/wp-json\/wp\/v2\/posts\/484502\/revisions"}],"wp:featuredmedia":[{"embeddable":true,"href":"https:\/\/dimensionturistica.com\/es\/wp-json\/wp\/v2\/media\/484504"}],"wp:attachment":[{"href":"https:\/\/dimensionturistica.com\/es\/wp-json\/wp\/v2\/media?parent=484502"}],"wp:term":[{"taxonomy":"category","embeddable":true,"href":"https:\/\/dimensionturistica.com\/es\/wp-json\/wp\/v2\/categories?post=484502"},{"taxonomy":"post_tag","embeddable":true,"href":"https:\/\/dimensionturistica.com\/es\/wp-json\/wp\/v2\/tags?post=484502"}],"curies":[{"name":"wp","href":"https:\/\/api.w.org\/{rel}","templated":true}]}}