{"id":484243,"date":"2023-02-09T15:07:43","date_gmt":"2023-02-09T15:07:43","guid":{"rendered":"https:\/\/dimensionturistica.com\/es\/?p=484243"},"modified":"2023-02-09T15:07:43","modified_gmt":"2023-02-09T15:07:43","slug":"crucero-disney-planea-aumentar-sus-visitas-a-yucatan-en-2023","status":"publish","type":"post","link":"https:\/\/dimensionturistica.com\/es\/crucero-disney-planea-aumentar-sus-visitas-a-yucatan-en-2023\/","title":{"rendered":"Crucero Disney planea aumentar sus visitas a Yucat\u00e1n en 2023"},"content":{"rendered":"<p> <br \/>\n<\/p>\n<div id=\"cuerpo-nota\">\n<p style=\"text-align: justify;\">El <strong>crucero Disney Cruise Line <\/strong>dio a conocer que este 2023 se aumentar\u00e1 de forma paulatina sus arribos al puerto de <strong>Progreso<\/strong>, como resultado de la promoci\u00f3n que ha impulsado el <strong>gobernador Mauricio Vila Dosal<\/strong>.\u00a0<\/p>\n<p style=\"text-align: justify;\">Michelle Fridman Hirsch,\u00a0titular de la Secretar\u00eda de Fomento Tur\u00edstico (Sefotur), en\u00a0epresentaci\u00f3n del Gobernador, tuvo una reuni\u00f3n con\u00a0l\u00edderes de las principales navieras de Norteam\u00e9rica y el Caribe en Miami.\u00a0<\/p>\n<aside class=\"htmlinline\"\/>\n<aside class=\"relacionadas con-foto\"><strong class=\"relacionadas-titulo-gral\">Noticias Relacionadas<\/strong><\/aside>\n<p style=\"text-align: justify;\">En dicha reuni\u00f3n se acord\u00f3 que se seguir\u00e1 acercando a los\u00a0principales actores de la industria tur\u00edstica nacional e internacional para proyectar a Yucat\u00e1n como uno de los destinos tur\u00edsticos m\u00e1s importantes de M\u00e9xico.\u00a0<\/p>\n<p style=\"text-align: justify;\">Asimismo, Fridman destac\u00f3 que las acciones de promoci\u00f3n son en beneficio del desarrollo econ\u00f3mico del territorio, ya que generan\u00a0nuevos productos para incrementar el flujo tur\u00edstico.\u00a0<\/p>\n<aside class=\"htmlinline\"\/>\n<aside class=\"relacionadas con-foto\"><strong class=\"relacionadas-titulo-gral\">Noticias Relacionadas<\/strong><\/aside>\n<p style=\"text-align: justify;\">Cabe se\u00f1alar que Yucat\u00e1n se ha posicionado\u00a0como la tercera entidad con mayor captaci\u00f3n de inversi\u00f3n en M\u00e9xico, resultado de la labor conjunta entre la industria privada y el sector p\u00fablico.\u00a0<\/p>\n<p style=\"text-align: justify;\">Ahora, se busca apostar\u00a0por mejorar la infraestructura del puerto de Progreso para crecer los atractivos y mejorar la visita de los turistas.\u00a0<\/p>\n<p style=\"text-align: justify;\">Se espera que m\u00e1s l\u00edneas de cruceros escojan a Yucat\u00e1n como punto para desembarque de turistas a lo largo de este 2023, incrementando las visitas y la econom\u00eda del puerto y la entidad.\u00a0<\/p>\n<p style=\"text-align: justify;\">S\u00edguenos en <a rel=\"nofollow noopener\" target=\"_blank\" href=\"https:\/\/news.google.com\/publications\/CAAqBwgKMMLDmwswhs6zAw?oc=3&amp;ceid=MX:es-419&amp;hl=es-419&amp;gl=MX\">Google News<\/a> y recibe la mejor informaci\u00f3n\n<\/p>\n<p style=\"text-align: justify;\">GC<\/p>\n<\/div>\n<p><script>\n      window.fbAsyncInit = function() {\n        FB.init({\n          appId      : '{292213061927134}',\n          status     : true,\n\t\t  version:  'v2.7',\n          xfbml      : true\n        });\nFB.Event.subscribe('comment.create', function (response) {grabacom_compa(370608)});\t\nFB.Event.subscribe('comment.remove',  function (response) {grabacom_compa(370608)});\t\nFB.Event.subscribe('edge.create',  function (response) {grabacom_compa(370608)});\nFB.Event.subscribe('edge.remove',  function (response) {grabacom_compa(370608)});\n      };\n(function(d, s, id) {\n  var js, fjs = d.getElementsByTagName(s)[0];\n  if (d.getElementById(id)) return;\n  js = d.createElement(s); js.id = id;\n  js.src = \"\/\/connect.facebook.net\/es_LA\/sdk.js#xfbml=1&version=v2.7&appId=292213061927134\";\n  fjs.parentNode.insertBefore(js, fjs);\n}(document, 'script', 'facebook-jssdk'));\n    <\/script><br \/>\n<br \/><\/p>\n<p><em> &#8221; Fuentes www.poresto.net &#8221; <\/em><\/p>\n","protected":false},"excerpt":{"rendered":"<p>El crucero Disney Cruise Line dio a conocer que este 2023 se aumentar\u00e1 de forma paulatina sus arribos al puerto de Progreso, como resultado de la promoci\u00f3n que ha impulsado el gobernador Mauricio Vila Dosal.\u00a0 Michelle Fridman Hirsch,\u00a0titular de la Secretar\u00eda de Fomento Tur\u00edstico (Sefotur), en\u00a0epresentaci\u00f3n del Gobernador, tuvo una reuni\u00f3n con\u00a0l\u00edderes de las principales [&hellip;]<\/p>\n","protected":false},"author":4,"featured_media":484244,"comment_status":"open","ping_status":"closed","sticky":false,"template":"","format":"standard","meta":{"om_disable_all_campaigns":false,"jnews-multi-image_gallery":[],"jnews_single_post":[],"jnews_primary_category":[],"jnews_social_meta":[],"footnotes":""},"categories":[41],"tags":[32297,2504],"class_list":["post-484243","post","type-post","status-publish","format-standard","has-post-thumbnail","hentry","category-cruceros","tag-crucero-disney","tag-yucatan"],"_links":{"self":[{"href":"https:\/\/dimensionturistica.com\/es\/wp-json\/wp\/v2\/posts\/484243","targetHints":{"allow":["GET"]}}],"collection":[{"href":"https:\/\/dimensionturistica.com\/es\/wp-json\/wp\/v2\/posts"}],"about":[{"href":"https:\/\/dimensionturistica.com\/es\/wp-json\/wp\/v2\/types\/post"}],"author":[{"embeddable":true,"href":"https:\/\/dimensionturistica.com\/es\/wp-json\/wp\/v2\/users\/4"}],"replies":[{"embeddable":true,"href":"https:\/\/dimensionturistica.com\/es\/wp-json\/wp\/v2\/comments?post=484243"}],"version-history":[{"count":0,"href":"https:\/\/dimensionturistica.com\/es\/wp-json\/wp\/v2\/posts\/484243\/revisions"}],"wp:featuredmedia":[{"embeddable":true,"href":"https:\/\/dimensionturistica.com\/es\/wp-json\/wp\/v2\/media\/484244"}],"wp:attachment":[{"href":"https:\/\/dimensionturistica.com\/es\/wp-json\/wp\/v2\/media?parent=484243"}],"wp:term":[{"taxonomy":"category","embeddable":true,"href":"https:\/\/dimensionturistica.com\/es\/wp-json\/wp\/v2\/categories?post=484243"},{"taxonomy":"post_tag","embeddable":true,"href":"https:\/\/dimensionturistica.com\/es\/wp-json\/wp\/v2\/tags?post=484243"}],"curies":[{"name":"wp","href":"https:\/\/api.w.org\/{rel}","templated":true}]}}