{"id":483473,"date":"2023-02-08T19:12:20","date_gmt":"2023-02-08T19:12:20","guid":{"rendered":"https:\/\/dimensionturistica.com\/es\/?p=483473"},"modified":"2023-02-08T19:12:21","modified_gmt":"2023-02-08T19:12:21","slug":"como-evitar-caer-en-fraude-en-agencias-de-viajes-en-coahuila-grupo-milenio","status":"publish","type":"post","link":"https:\/\/dimensionturistica.com\/es\/como-evitar-caer-en-fraude-en-agencias-de-viajes-en-coahuila-grupo-milenio\/","title":{"rendered":"C\u00f3mo evitar caer en fraude en agencias de viajes en Coahuila Grupo Milenio"},"content":{"rendered":"<p> <br \/>\n<\/p>\n<p>\n      <span class=\"nd-content-body-base__date\" itemprop=\"contentLocation\">Torre\u00f3n, Coahuila.<\/span> \/ <time datetime=\"08-02-2023 13:03:10\" itemprop=\"datePublished\">08.02.2023 13:03:10<\/time><br \/>\n      <meta itemprop=\"dateCreated\" content=\"08-02-2023 13:03:10\"\/><br \/>\n      <meta itemprop=\"dateModified\" content=\"2023-02-08 13:03:10.000000\"\/>\n    <\/p>\n<div itemprop=\"articleBody\">\n<p>Al tomar protesta al nuevo <strong>Consejo Directivo de la Asociaci\u00f3n Mexicana de Agencias de Viajes<\/strong>, (AMAV), en Coahuila, su presidente, <strong>Am\u00e9rica del Roc\u00edo Resendiz Lara<\/strong>, reconoci\u00f3 que uno de los <strong>mayores retos<\/strong> que habr\u00e1 que <strong>enfrentarse las agencias de viajes formales,<\/strong> ser\u00e1 la promoci\u00f3n de<strong> informaci\u00f3n sobre los sitios fraudulentos<\/strong> que trabajan como <strong>\u201cseudo\u201d agencias en l\u00ednea<\/strong>, y que\u00a0<strong>quitan m\u00e1s del 40% del mercado<\/strong>.<\/p>\n<p>Quien fue <strong>elegida para encabezar esta agrupaci\u00f3n de diciembre de 2022 a diciembre de 2024<\/strong>,  record\u00f3 que en la actualidad se han <strong>suscitado fraudes cibern\u00e9ticos<\/strong> en donde <strong>la gente desconoce que una agencia de viajes establecida es una garant\u00eda<\/strong>, al estar el negocio en un native, en donde<strong> el cliente ve cara a cara a quien le est\u00e1 vendiendo su paquete de viaje,<\/strong> y no es s\u00f3lo un n\u00famero 01-800 que nadie contesta ni resuelve.<\/p>\n<p>Dentro de su plan de trabajo, Resendiz Lara coment\u00f3: \u201cVamos a enfocarnos en la capacitaci\u00f3n y profesionalizaci\u00f3n de nuestros socios, as\u00ed como certificaciones, porque necesitamos que la gente vuelva a ver a las agencias de viajes debidamente establecidas y formales\u201d. Por ello dijo, <strong>se enfocar\u00e1n para que los usuarios tengan la garant\u00eda que tendr\u00e1n un servicio de calidad<\/strong>.<\/p>\n<p>Lamentablemente, dijo Resendiz Lara, <strong>el \u00edndice de defraudaci\u00f3n de turistas<\/strong> que ven perdido su dinero por acceder a sitios de seudo \u201cagencias de viajes virtuales\u201d ficticias,<strong> es alto<\/strong>: \u201cEs una situaci\u00f3n alarmante c\u00f3mo por culpa de este tipo de sitios y los fraudes que cometen, los turistas desconf\u00edan de las agencias que s\u00ed est\u00e1n debidamente establecidas y formalizadas. queremos que la gente vuelva a confiar en nosotros y sepa que habr\u00e1 alguien que f\u00edsicamente le dar\u00e1 la cara\u201d.<\/p>\n<blockquote><p>\u201cDel 100% del mercado, nos quita aproximadamente el 40% o poco m\u00e1s. Y es que la facilidad que dan las herramientas tecnol\u00f3gicas, permiten que la gente acceda a internet y -facilite- el tr\u00e1mite de compra del paquete tur\u00edstico, pero lamentablemente caen en los fraudes\u201d.<\/p><\/blockquote>\n<p>Quien hoy ocupa el cargo que concluy\u00f3 Maricela Castro Segovia, Resendiz Lara dijo que en la actualidad, la AMAV Coahuila cuenta con 18 agencias de viajes formalmente establecidas y certificadas; la thought es que se adhieran en la AMAV  debidamente validadas, ya que dijo, con el sello AMAV, se da la garant\u00eda que ante cualquier eventualidad, se le responder\u00e1 al cliente.<\/p>\n<h2><span>\u00bfC\u00f3mo evitar ser v\u00edctima de fraude por seudo agencias virtuales?<\/span><\/h2>\n<p>Roc\u00edo Resendiz Lara, presidente de AMAV Coahuila, ante la <strong>alarmante cifra de fraudes cometidos contra turistas<\/strong> por parte de seudo agencias virtuales, <strong>sugiri\u00f3 a los compradores<\/strong>: <\/p>\n<ul>\n<li>No confiar en promociones con descuentos muy altos; es la primera alerta de fraude<\/li>\n<li>Aunque haya tarifas competitivas en el mercado, la gente debe desconfiar de las promociones donde casi regalan todo<\/li>\n<li>A nivel nacional la AMAV trabajar\u00e1 con legisladores para iniciar una campa\u00f1a para alertar a la poblaci\u00f3n; y en Coahuila se utilizar\u00e1n los medios de comunicaci\u00f3n en donde se difundir\u00e1n mensajes de alerta<\/li>\n<\/ul>\n<p>EGO<\/p>\n<\/p><\/div>\n\n<p><em> &#8221; Fuentes amp.milenio.com &#8221; <\/em><\/p>\n","protected":false},"excerpt":{"rendered":"<p>Torre\u00f3n, Coahuila. \/ 08.02.2023 13:03:10 Al tomar protesta al nuevo Consejo Directivo de la Asociaci\u00f3n Mexicana de Agencias de Viajes, (AMAV), en Coahuila, su presidente, Am\u00e9rica del Roc\u00edo Resendiz Lara, reconoci\u00f3 que uno de los mayores retos que habr\u00e1 que enfrentarse las agencias de viajes formales, ser\u00e1 la promoci\u00f3n de informaci\u00f3n sobre los sitios fraudulentos [&hellip;]<\/p>\n","protected":false},"author":4,"featured_media":483474,"comment_status":"open","ping_status":"closed","sticky":false,"template":"","format":"standard","meta":{"om_disable_all_campaigns":false,"jnews-multi-image_gallery":[],"jnews_single_post":[],"jnews_primary_category":[],"jnews_social_meta":[],"footnotes":""},"categories":[39],"tags":[569,63096,3074],"class_list":["post-483473","post","type-post","status-publish","format-standard","has-post-thumbnail","hentry","category-viajes","tag-agencias-de-viajes","tag-como-evitar-caer-en-fraude","tag-fraudes"],"_links":{"self":[{"href":"https:\/\/dimensionturistica.com\/es\/wp-json\/wp\/v2\/posts\/483473","targetHints":{"allow":["GET"]}}],"collection":[{"href":"https:\/\/dimensionturistica.com\/es\/wp-json\/wp\/v2\/posts"}],"about":[{"href":"https:\/\/dimensionturistica.com\/es\/wp-json\/wp\/v2\/types\/post"}],"author":[{"embeddable":true,"href":"https:\/\/dimensionturistica.com\/es\/wp-json\/wp\/v2\/users\/4"}],"replies":[{"embeddable":true,"href":"https:\/\/dimensionturistica.com\/es\/wp-json\/wp\/v2\/comments?post=483473"}],"version-history":[{"count":0,"href":"https:\/\/dimensionturistica.com\/es\/wp-json\/wp\/v2\/posts\/483473\/revisions"}],"wp:featuredmedia":[{"embeddable":true,"href":"https:\/\/dimensionturistica.com\/es\/wp-json\/wp\/v2\/media\/483474"}],"wp:attachment":[{"href":"https:\/\/dimensionturistica.com\/es\/wp-json\/wp\/v2\/media?parent=483473"}],"wp:term":[{"taxonomy":"category","embeddable":true,"href":"https:\/\/dimensionturistica.com\/es\/wp-json\/wp\/v2\/categories?post=483473"},{"taxonomy":"post_tag","embeddable":true,"href":"https:\/\/dimensionturistica.com\/es\/wp-json\/wp\/v2\/tags?post=483473"}],"curies":[{"name":"wp","href":"https:\/\/api.w.org\/{rel}","templated":true}]}}