{"id":483363,"date":"2023-02-08T16:45:53","date_gmt":"2023-02-08T16:45:53","guid":{"rendered":"https:\/\/dimensionturistica.com\/es\/?p=483363"},"modified":"2023-02-08T16:45:54","modified_gmt":"2023-02-08T16:45:54","slug":"pasa-unas-vacaciones-en-una-isla-privada-en-belice","status":"publish","type":"post","link":"https:\/\/dimensionturistica.com\/es\/pasa-unas-vacaciones-en-una-isla-privada-en-belice\/","title":{"rendered":"Pasa unas vacaciones en una isla privada en Belice"},"content":{"rendered":"<p> <br \/>\n<\/p>\n<div>\n<p>En <strong>Belice <\/strong>existe una <strong>isla privada <\/strong>la cual cuenta con uno de los servicios m\u00e1s interesantes debido a que se centra en cumplir con todos los requerimientos de las personas que decidan pasar unas vacaciones en el lugar.<\/p>\n<p>El poder vivir la experiencia de lujo, te asegurar\u00e1 un espacio y servicio de otro nivel, desde la belleza de las instalaciones como tambi\u00e9n del trato por parte del private.\u00a0<\/p>\n<h2>Lo especial de la isla privada en Belice<\/h2>\n<p>La <strong>isla privada <\/strong>en <strong>Belice <\/strong>es una de las locaciones m\u00e1s interesantes y de las m\u00e1s visitadas debido a su ubicaci\u00f3n en medio del mar, donde el sol, la enviornment y el agua son todo el entorno que lo rodea.\u00a0<\/p>\n<p>El poder hospedarte en su establecimiento, asegura una experiencia de <a rel=\"nofollow noopener\" target=\"_blank\" href=\"https:\/\/topadventure.com\/viajes\/Hospedate-en-un-avion-convertido-en-un-hotel-de-lujo-20230114-0007.html\">lujo<\/a>, llamativa, relajante o entusiasta donde podr\u00e1s pasar momentos tranquilos o aquellos que impliquen aventura.\u00a0Al tener una gran cantidad de arrecifes se te dar\u00e1 la oportunidad de explorar en las profundidades admirando las especies marinas.\u00a0<\/p>\n<h2>La isla privada de Belice y su hospedaje de lujo\u00a0<\/h2>\n<p>La<strong> isla privada <\/strong>de <strong>Belice <\/strong>que se destaca por su privacidad, tambi\u00e9n recibe la atenci\u00f3n de muchos viajeros debido a su hospedaje con tem\u00e1tica de <a rel=\"nofollow noopener\" target=\"_blank\" href=\"https:\/\/topadventure.com\/negocios\/Conoce-las-villas-de-lujo-ubicadas-en-Los-Cabos-20230206-0007.html\">lujo<\/a>, el cual lleva el nombre de Gladden Non-public Island.<\/p>\n<p>Su objetivo es poder otorgar una estad\u00eda c\u00f3moda, con un servicio personalizado y que se pueda adaptar a las necesidades de cada uno de los hu\u00e9spedes, donde podr\u00e1n elegir cualquier detalle haciendo su espacio private muy cercano a su hogar.\u00a0<\/p>\n<p>Tambi\u00e9n cuenta con lo b\u00e1sico de una casa, siendo cocina, desayunador, comedor, ba\u00f1os, estancia y tinas de hidromasaje donde podr\u00e1s relajarte durante horas. La comida se preparar\u00e1 por un chef tambi\u00e9n privado junto con un mix\u00f3logo y ser\u00e1 llevada por un camarero a cualquier parte de la vivienda en donde desees disfrutar tus alimentos.\u00a0<\/p>\n<p>Y en caso de que requieras de momentos de relajaci\u00f3n combinados con terapia, en tu habitaci\u00f3n ofrece tratamientos de spa, o algo m\u00e1s divertido como las clases de buceo en los arrecifes.\u00a0<\/p>\n<p>Dentro encontrar\u00e1s dos piscinas elevadas y privadas con vistas hermosas al mar con su acceso directo a la playa y rodeado de vegetaci\u00f3n.\u00a0<\/p>\n<\/div>\n\n<p><em> &#8221; Fuentes topadventure.com &#8221; <\/em><\/p>\n","protected":false},"excerpt":{"rendered":"<p>En Belice existe una isla privada la cual cuenta con uno de los servicios m\u00e1s interesantes debido a que se centra en cumplir con todos los requerimientos de las personas que decidan pasar unas vacaciones en el lugar. El poder vivir la experiencia de lujo, te asegurar\u00e1 un espacio y servicio de otro nivel, desde [&hellip;]<\/p>\n","protected":false},"author":4,"featured_media":483364,"comment_status":"open","ping_status":"closed","sticky":false,"template":"","format":"standard","meta":{"om_disable_all_campaigns":false,"jnews-multi-image_gallery":[],"jnews_single_post":[],"jnews_primary_category":[],"jnews_social_meta":[],"footnotes":""},"categories":[39],"tags":[18040,2677,797,6735],"class_list":["post-483363","post","type-post","status-publish","format-standard","has-post-thumbnail","hentry","category-viajes","tag-belice","tag-islas","tag-mundo","tag-playa"],"_links":{"self":[{"href":"https:\/\/dimensionturistica.com\/es\/wp-json\/wp\/v2\/posts\/483363","targetHints":{"allow":["GET"]}}],"collection":[{"href":"https:\/\/dimensionturistica.com\/es\/wp-json\/wp\/v2\/posts"}],"about":[{"href":"https:\/\/dimensionturistica.com\/es\/wp-json\/wp\/v2\/types\/post"}],"author":[{"embeddable":true,"href":"https:\/\/dimensionturistica.com\/es\/wp-json\/wp\/v2\/users\/4"}],"replies":[{"embeddable":true,"href":"https:\/\/dimensionturistica.com\/es\/wp-json\/wp\/v2\/comments?post=483363"}],"version-history":[{"count":0,"href":"https:\/\/dimensionturistica.com\/es\/wp-json\/wp\/v2\/posts\/483363\/revisions"}],"wp:featuredmedia":[{"embeddable":true,"href":"https:\/\/dimensionturistica.com\/es\/wp-json\/wp\/v2\/media\/483364"}],"wp:attachment":[{"href":"https:\/\/dimensionturistica.com\/es\/wp-json\/wp\/v2\/media?parent=483363"}],"wp:term":[{"taxonomy":"category","embeddable":true,"href":"https:\/\/dimensionturistica.com\/es\/wp-json\/wp\/v2\/categories?post=483363"},{"taxonomy":"post_tag","embeddable":true,"href":"https:\/\/dimensionturistica.com\/es\/wp-json\/wp\/v2\/tags?post=483363"}],"curies":[{"name":"wp","href":"https:\/\/api.w.org\/{rel}","templated":true}]}}