{"id":483330,"date":"2023-02-08T15:48:02","date_gmt":"2023-02-08T15:48:02","guid":{"rendered":"https:\/\/dimensionturistica.com\/es\/?p=483330"},"modified":"2023-02-08T15:48:02","modified_gmt":"2023-02-08T15:48:02","slug":"carnaval-de-campeche-sin-atractivo-para-el-turismo-agencias-de-viaje","status":"publish","type":"post","link":"https:\/\/dimensionturistica.com\/es\/carnaval-de-campeche-sin-atractivo-para-el-turismo-agencias-de-viaje\/","title":{"rendered":"Carnaval de Campeche, sin atractivo para el turismo: Agencias de viaje"},"content":{"rendered":"<p> <br \/>\n<\/p>\n<div id=\"cuerpo-nota\">\n<p style=\"text-align: justify;\"><strong>Agencias de viajes <\/strong>no se ven beneficiadas con la cartelera art\u00edstica del <strong>Carnaval de Campeche<\/strong>, pues a la fecha en que se dio a conocer es imposible que hayan ofrecido paquetes de viajes a los turistas, coment\u00f3 la presidenta de la <strong>Asociaci\u00f3n Mexicana de Agencias de Viajes<\/strong> (AMAV) en Campeche, Aura Ortiz Carrillo.<\/p>\n<p class=\"image-align-center\"><img decoding=\"async\" alt=\"\" height=\"511\" src=\"https:\/\/www.poresto.net\/u\/fotografias\/m\/2023\/2\/8\/f768x1-258242_258369_15.jpg\" width=\"768\"\/><\/p>\n<aside class=\"htmlinline\"\/>\n<aside class=\"relacionadas con-foto\"><strong class=\"relacionadas-titulo-gral\">Noticias Relacionadas<\/strong><\/aside>\n<p style=\"text-align: justify;\">\u201cSe vende muy poco porque el <strong>Carnaval<\/strong> est\u00e1 hecho pr\u00e1cticamente para los campechanos; la informaci\u00f3n que tenemos del Carnaval son unos d\u00edas antes, nos explicaban que no se puede tener con anterioridad porque hasta que no se tenga el contrato firmado de los artistas no podemos saber qui\u00e9nes vienen\u201d, expuso.<\/p>\n<p class=\"image-align-center\"><img decoding=\"async\" alt=\"\" height=\"510\" src=\"https:\/\/www.poresto.net\/u\/fotografias\/m\/2023\/2\/3\/f768x1-256876_257003_5050.jpg\" width=\"768\"\/><\/p>\n<aside class=\"htmlinline\"\/>\n<aside class=\"relacionadas con-foto\"><strong class=\"relacionadas-titulo-gral\">Noticias Relacionadas<\/strong><\/aside>\n<p style=\"text-align: justify;\">Coment\u00f3 que los viajes para Campeche fueron vendidos desde el a\u00f1o pasado y aun cuando se les inform\u00f3 a los clientes sobre la realizaci\u00f3n de las<strong> fiestas carnestolendas<\/strong>, esto realmente no representa un motivo por el que adquieran los paquetes, ya que en esas fechas todav\u00eda no ten\u00edan la confirmaci\u00f3n de los artistas que se presentar\u00edan.<\/p>\n<p class=\"image-align-center\"><img decoding=\"async\" alt=\"\" height=\"511\" src=\"https:\/\/www.poresto.net\/u\/fotografias\/m\/2023\/2\/8\/f768x1-258243_258370_5050.jpg\" width=\"768\"\/><\/p>\n<p style=\"text-align: justify;\">Desde el mes de enero de 2023, las 11 empresas agremiadas trabajan en la venta de destinos tur\u00edsticos para todo el a\u00f1o, mientras abundaron que la temporada en la que m\u00e1s demanda registran es durante el verano y en septiembre por las fiestas patrias. En el caso de los campechanos viajan m\u00e1s de jueves santo a domingo de resurrecci\u00f3n hacia la <strong>Riviera Maya <\/strong>y <strong>Canc\u00fan<\/strong>, adem\u00e1s que desde un a\u00f1o antes pagan poco a poco.<\/p>\n<p>S\u00edguenos en <a rel=\"nofollow noopener\" target=\"_blank\" href=\"https:\/\/news.google.com\/publications\/CAAqBwgKMMLDmwswhs6zAw?oc=3&amp;ceid=MX:es-419&amp;hl=es-419&amp;gl=MX\">Google News<\/a> y recibe la mejor informaci\u00f3n\n<\/p>\n<p>AA<\/p>\n<\/div>\n<p><script>\n      window.fbAsyncInit = function() {\n        FB.init({\n          appId      : '{292213061927134}',\n          status     : true,\n\t\t  version:  'v2.7',\n          xfbml      : true\n        });\nFB.Event.subscribe('comment.create', function (response) {grabacom_compa(370507)});\t\nFB.Event.subscribe('comment.remove',  function (response) {grabacom_compa(370507)});\t\nFB.Event.subscribe('edge.create',  function (response) {grabacom_compa(370507)});\nFB.Event.subscribe('edge.remove',  function (response) {grabacom_compa(370507)});\n      };\n(function(d, s, id) {\n  var js, fjs = d.getElementsByTagName(s)[0];\n  if (d.getElementById(id)) return;\n  js = d.createElement(s); js.id = id;\n  js.src = \"\/\/connect.facebook.net\/es_LA\/sdk.js#xfbml=1&version=v2.7&appId=292213061927134\";\n  fjs.parentNode.insertBefore(js, fjs);\n}(document, 'script', 'facebook-jssdk'));\n    <\/script><br \/>\n<br \/><\/p>\n<p><em> &#8221; Fuentes www.poresto.net &#8221; <\/em><\/p>\n","protected":false},"excerpt":{"rendered":"<p>Agencias de viajes no se ven beneficiadas con la cartelera art\u00edstica del Carnaval de Campeche, pues a la fecha en que se dio a conocer es imposible que hayan ofrecido paquetes de viajes a los turistas, coment\u00f3 la presidenta de la Asociaci\u00f3n Mexicana de Agencias de Viajes (AMAV) en Campeche, Aura Ortiz Carrillo. Noticias Relacionadas [&hellip;]<\/p>\n","protected":false},"author":4,"featured_media":483331,"comment_status":"open","ping_status":"closed","sticky":false,"template":"","format":"standard","meta":{"om_disable_all_campaigns":false,"jnews-multi-image_gallery":[],"jnews_single_post":[],"jnews_primary_category":[],"jnews_social_meta":[],"footnotes":""},"categories":[40],"tags":[783,1202,63081],"class_list":["post-483330","post","type-post","status-publish","format-standard","has-post-thumbnail","hentry","category-industria","tag-agencias-de-viaje","tag-campeche","tag-carnaval-de-campeche"],"_links":{"self":[{"href":"https:\/\/dimensionturistica.com\/es\/wp-json\/wp\/v2\/posts\/483330","targetHints":{"allow":["GET"]}}],"collection":[{"href":"https:\/\/dimensionturistica.com\/es\/wp-json\/wp\/v2\/posts"}],"about":[{"href":"https:\/\/dimensionturistica.com\/es\/wp-json\/wp\/v2\/types\/post"}],"author":[{"embeddable":true,"href":"https:\/\/dimensionturistica.com\/es\/wp-json\/wp\/v2\/users\/4"}],"replies":[{"embeddable":true,"href":"https:\/\/dimensionturistica.com\/es\/wp-json\/wp\/v2\/comments?post=483330"}],"version-history":[{"count":0,"href":"https:\/\/dimensionturistica.com\/es\/wp-json\/wp\/v2\/posts\/483330\/revisions"}],"wp:featuredmedia":[{"embeddable":true,"href":"https:\/\/dimensionturistica.com\/es\/wp-json\/wp\/v2\/media\/483331"}],"wp:attachment":[{"href":"https:\/\/dimensionturistica.com\/es\/wp-json\/wp\/v2\/media?parent=483330"}],"wp:term":[{"taxonomy":"category","embeddable":true,"href":"https:\/\/dimensionturistica.com\/es\/wp-json\/wp\/v2\/categories?post=483330"},{"taxonomy":"post_tag","embeddable":true,"href":"https:\/\/dimensionturistica.com\/es\/wp-json\/wp\/v2\/tags?post=483330"}],"curies":[{"name":"wp","href":"https:\/\/api.w.org\/{rel}","templated":true}]}}