{"id":483076,"date":"2023-02-08T09:13:04","date_gmt":"2023-02-08T09:13:04","guid":{"rendered":"https:\/\/dimensionturistica.com\/es\/?p=483076"},"modified":"2023-02-08T09:13:05","modified_gmt":"2023-02-08T09:13:05","slug":"benidorm-arranca-el-mes-de-febrero-a-golpe-de-promocion","status":"publish","type":"post","link":"https:\/\/dimensionturistica.com\/es\/benidorm-arranca-el-mes-de-febrero-a-golpe-de-promocion\/","title":{"rendered":"Benidorm arranca el mes de febrero a golpe de promoci\u00f3n"},"content":{"rendered":"<p> <br \/>\n<\/p>\n<div>\n<p>Todav\u00eda con la resaca emocional tras un exitoso Benidorm Fest, la Fundaci\u00f3n Go to Benidorm continua con su labor promocional y este mes de febrero tiene programadas ocho nuevas acciones promocionales. Entre las que encontramos ferias internacionales, nacionales, workshops de productos espec\u00edficos y hasta un congreso MICE llevado a cabo en el mismo Benidorm.<\/p>\n<p>En cuanto a la presencia en ferias, Benidorm tiene programadas un complete de seis cert\u00e1menes tur\u00edsticos para este segundo mes del a\u00f1o. Arrancando el pasado fin de semana con la participaci\u00f3n en el Salon des Vacances de Bruselas. Una feria dirigida tanto a profesionales como a p\u00fablico last en la que Go to Benidorm contaba con un mostrador en el que promocionaba la oferta tur\u00edstica de la ciudad.<\/p>\n<p>El objetivo no period otro que el de abrir nuevas oportunidades de negocio, establecer colaboraciones con turoperadores y agentes de viajes belgas, as\u00ed como atraer al p\u00fablico last.<\/p>\n<p>Seg\u00fan la \u00faltima encuesta llevada a cabo por la European Journey Fee, el 77% de los belgas tienen pensado viajar dentro de Europa en los pr\u00f3ximos meses, y seg\u00fan datos de GfK para ABTO (Asociaci\u00f3n Belga de Tour Operadores), Espa\u00f1a sigue siendo el tercer destino de viaje para los belgas.<\/p>\n<p>Aunque a\u00fan no se han alcanzado totalmente los niveles pre-pandemia en cuanto a n\u00famero de turistas, el mercado belga est\u00e1 experimentando una muy buena recuperaci\u00f3n y los \u00faltimos datos de 2022 registran importantes crecimientos respecto a 2021, tanto en el flujo de turistas (+106,2%) como en el gasto (+126,9%, un 13,9% m\u00e1s que en 2019).<\/p>\n<p>En cuanto a las llegadas previstas para el 2023, seg\u00fan datos de Mabrian, durante los diez primeros meses de a\u00f1os, hay programados cerca de 400mil asientos procedentes de los 5 aeropuertos belgas con conexi\u00f3n directa con el aeropuerto de Alicante. Un 9,2% m\u00e1s con respecto a 2019.<\/p>\n<p>Siguendo datos de esta misma fuente basados en la escucha activa en redes, el perfil de belga que viaja a la Costa Blanca, tiene como principal inter\u00e9s el Sol y Playa, seguido del Turismo Activo y la Naturaleza en tercer lugar.<\/p>\n<p>Para los fines de semana del 17 al 19 y del 24 al 26 de febrero, Go to Benidorm tiene previsto participar con mostrador propio en las ferias Fiets en Wandelbeurs de Gante y Utrecht respectivamente.<\/p>\n<p>Dos eventos especializados en ciclismo y senderismo y que en ediciones anteriores han atra\u00eddo entre las dos a cerca de 40.000 visitantes entusiastas del ciclismo, senderismo y actividades al aire libre, un incremento appreciable con respecto a ediciones anteriores.<\/p>\n<p>Las Fiets en Wandelbeurs son consideradas unas de las ferias m\u00e1s importantes de Europa para cicloturistas y senderistas. Por ello, VisitBenidorm vuelve a apostar por su participaci\u00f3n de la mano de Turisme Comunitat Valenciana y Turespa\u00f1a en las mismas, siguiendo as\u00ed su estrategia de segmentaci\u00f3n bajo su producto #BenidormNoLimits!<\/p>\n<p>En common, los neerlandeses tienen un perfil muy viajero: en 2019, antes de la pandemia, alrededor de 14 millones de holandeses realizaron alg\u00fan viaje, nacional o internacional, lo que constituye aproximadamente el 84% de la poblaci\u00f3n.<\/p>\n<p>En cuanto a los datos de Benidorm y la Costa Blanca, es importante destacar que el aeropuerto de Alicante cuenta a d\u00eda de hoy con vuelo directo con cuatro ciudades holandesas y seg\u00fan datos de Mabrian para el periodo comprendido entre enero y octubre de 2023 ya contamos con 484mil asientos programados, un 7,2% m\u00e1s con respecto a 2019.<\/p>\n<p>Para la \u00faltima semana del mes, Go to Benidorm tiene previsto participar simult\u00e1neamente en dos eventos tur\u00edsticos como son la feria de Herning en Dinamarca y la de Utazas en Hungr\u00eda.<\/p>\n<p>El ente de promoci\u00f3n mixto de Benidorm repite en ambos cert\u00e1menes y reafirma de esta manera su apuesta por posicionar la oferta de la ciudad en dos mercados emergentes como son el dan\u00e9s y el h\u00fangaro.<\/p>\n<p>El aeropuerto de Alicante goza de buenas conexiones con ambos pa\u00edses contando con vuelos directos tanto a Budapest como a Copenhague, suponiendo est\u00e1 por lo tanto una gran oportunidad para poner en valor la oferta tur\u00edstica de la ciudad como principal reclamo.<\/p>\n<p>Finalmente en lo que respecta a cert\u00e1menes tur\u00edsticos, Go to Benidorm viajar\u00e1 la \u00faltima semana del a\u00f1o hasta Pamplona para participar de la mano de Turisme Comunitat Valenciana en la feria Navartur. Un evento dirigido a publico last en el que Benidorm divulgar\u00e1 sus bondades con el fin de seguir fidelizando a un p\u00fablico que siempre ha mostrado gran inter\u00e9s por la ciudad.<\/p>\n<p>Pero como no todo son ferias, la Fundaci\u00f3n Go to Benidorm estar\u00e1 presente la pr\u00f3xima semana en un workshop profesional organizado por el medio de prensa brit\u00e1nico Journey Bulletin y que se centrar\u00e1 en destinos con una oferta LGBT+ consolidada.<\/p>\n<p>Este encuentro profesional se lleva a cabo en la localidad inglesa de Leeds y se espera que en el participen en torno a medio centenar de agencias brit\u00e1nicas que buscan nuevas oportunidades de negocio para ofrecer a sus clientes.<\/p>\n<p>Finalmente y como colof\u00f3n a este intenso mes de febrero, la ciudad de Benidorm acoger\u00e1 entre los d\u00edas 23 y 25 de febrero el 35\u00ba Congreso anual de OPCS Spain, organizado por la Federaci\u00f3n Espa\u00f1ola de Organizadores Profesionales de Congresos y la Asociaci\u00f3n de la Comunitat Valenciana y con la colaboraci\u00f3n de Go to Benidorm, Turisme Comunitat Valenciana y el Patronato de Tuirsmo Costa Blanca.<\/p>\n<p>Como es recurring, se congregar\u00e1 en este encuentro a todo el entorno MICE y su cadena de valor, en dos jornadas de trabajo, aprendizaje y experiencias que tendr\u00e1n lugar en el Centro de Convenciones Luxor. En complete, se esperan a unas doscientas personas, todas vinculadas al sector de la organizaci\u00f3n, los congresos, eventos, convenciones&#8230;<\/p>\n<p>Sin duda alguna, una nueva oportunidad para mostrar la oferta de Benidorm como destino de congresos y eventos profesionales ya que el intenso programa cient\u00edfico se combinar\u00e1 con uno complementario que permitir\u00e1 a los asistentes conocer los recursos MICE de Benidorm y disfrutar de acciones l\u00fadicas y experienciales en Benidorm y su entorno.<\/p>\n<div class=\"wysiwyg-photo\"><img decoding=\"async\" src=\"https:\/\/static.hosteltur.com\/app\/public\/uploads\/img\/releases\/2023\/02\/08\/L_082707_unnamed-28.jpg\" alt=\"Imagen nota de prensa Hosteltur\" width=\"1536\" height=\"864\"\/><\/div><\/div>\n\n<p><em> &#8221; Fuentes www.hosteltur.com &#8221; <\/em><\/p>\n","protected":false},"excerpt":{"rendered":"<p>Todav\u00eda con la resaca emocional tras un exitoso Benidorm Fest, la Fundaci\u00f3n Go to Benidorm continua con su labor promocional y este mes de febrero tiene programadas ocho nuevas acciones promocionales. Entre las que encontramos ferias internacionales, nacionales, workshops de productos espec\u00edficos y hasta un congreso MICE llevado a cabo en el mismo Benidorm. En [&hellip;]<\/p>\n","protected":false},"author":4,"featured_media":483077,"comment_status":"open","ping_status":"closed","sticky":false,"template":"","format":"standard","meta":{"om_disable_all_campaigns":false,"jnews-multi-image_gallery":[],"jnews_single_post":[],"jnews_primary_category":[],"jnews_social_meta":[],"footnotes":""},"categories":[40],"tags":[572],"class_list":["post-483076","post","type-post","status-publish","format-standard","has-post-thumbnail","hentry","category-industria","tag-distribucion"],"_links":{"self":[{"href":"https:\/\/dimensionturistica.com\/es\/wp-json\/wp\/v2\/posts\/483076","targetHints":{"allow":["GET"]}}],"collection":[{"href":"https:\/\/dimensionturistica.com\/es\/wp-json\/wp\/v2\/posts"}],"about":[{"href":"https:\/\/dimensionturistica.com\/es\/wp-json\/wp\/v2\/types\/post"}],"author":[{"embeddable":true,"href":"https:\/\/dimensionturistica.com\/es\/wp-json\/wp\/v2\/users\/4"}],"replies":[{"embeddable":true,"href":"https:\/\/dimensionturistica.com\/es\/wp-json\/wp\/v2\/comments?post=483076"}],"version-history":[{"count":0,"href":"https:\/\/dimensionturistica.com\/es\/wp-json\/wp\/v2\/posts\/483076\/revisions"}],"wp:featuredmedia":[{"embeddable":true,"href":"https:\/\/dimensionturistica.com\/es\/wp-json\/wp\/v2\/media\/483077"}],"wp:attachment":[{"href":"https:\/\/dimensionturistica.com\/es\/wp-json\/wp\/v2\/media?parent=483076"}],"wp:term":[{"taxonomy":"category","embeddable":true,"href":"https:\/\/dimensionturistica.com\/es\/wp-json\/wp\/v2\/categories?post=483076"},{"taxonomy":"post_tag","embeddable":true,"href":"https:\/\/dimensionturistica.com\/es\/wp-json\/wp\/v2\/tags?post=483076"}],"curies":[{"name":"wp","href":"https:\/\/api.w.org\/{rel}","templated":true}]}}