{"id":482480,"date":"2023-02-07T16:35:50","date_gmt":"2023-02-07T16:35:50","guid":{"rendered":"https:\/\/dimensionturistica.com\/es\/?p=482480"},"modified":"2023-02-07T16:35:51","modified_gmt":"2023-02-07T16:35:51","slug":"donde-viajar-en-2023-los-destinos-internacionales-mas-exoticos-2","status":"publish","type":"post","link":"https:\/\/dimensionturistica.com\/es\/donde-viajar-en-2023-los-destinos-internacionales-mas-exoticos-2\/","title":{"rendered":"\u00bfD\u00f3nde viajar en 2023? Los destinos internacionales m\u00e1s ex\u00f3ticos"},"content":{"rendered":"<p> <br \/>\n<\/p>\n<div id=\"article-body-content\" data-action=\"toggle\" data-status=\"on\">\n<p class=\"paragraph\" id=\"paragraph_1\">Ahora que el <strong>2023<\/strong> ya ha llegado&#8230; \u00bfEst\u00e1s pensando a d\u00f3nde escaparte? Tanto para <strong><a rel=\"nofollow noopener\" target=\"_blank\" href=\"https:\/\/www.elespanol.com\/como\/cuando-semana-santa-2023-fechas-festivos-comunidades-autonomas\/733176894_0.html\">la pr\u00f3xima Semana Santa<\/a><\/strong> como de cara al <strong>verano<\/strong>, hay muchas personas que ya est\u00e1n pensando en sus viajes.\u00a0<\/p>\n<p class=\"paragraph\" id=\"paragraph_2\">Para todos ellos, <a rel=\"nofollow noopener\" target=\"_blank\" href=\"https:\/\/www.civitatis.com\/es\/\">Civitatis<\/a>, la empresa l\u00edder en la venta de visitas guiadas, excursiones y free tour en espa\u00f1ol, ha seleccionado los 12 mejores lugares y experiencias del mundo para descubrir en 2023, huyendo de las opciones tradicionales y los itinerarios m\u00e1s comunes.<\/p>\n<h3 class=\"content__summary-title\">Enero: Busan, Corea del Sur\u00a0<\/h3>\n<p class=\"paragraph\" id=\"paragraph_3\">La ciudad portuaria de Busan es famosa por sus playas, monta\u00f1as y templos. Sin embargo, el motivo de marcar este lugar como viaje obligatorio para 2023 es su &#8220;energ\u00eda creativa&#8221; en el principal competition de cine de Asia: \u00a1el Competition Internacional de Cine de Busan!\u00a0<\/p>\n<p class=\"paragraph\" id=\"paragraph_4\">Adem\u00e1s de asistir a las proyecciones cinematogr\u00e1ficas, los turistas deber\u00edan probar la cerveza artesanal de la ciudad.<\/p>\n<div class=\"article-media \" itemscope=\"\" itemtype=\"http:\/\/schema.org\/ImageObject\">\n<p><img decoding=\"async\" alt=\"Busan\" data-imgm=\"true\" height=\"180\" loading=\"lazy\" sizes=\"auto, (max-width: 479px) 100vw, (max-width: 1023px) 80vw, 40vw\" src=\"https:\/\/s1.eestatic.com\/2022\/12\/20\/actualidad\/727437353_229633124_1024x576.jpg\" srcset=\"https:\/\/s1.eestatic.com\/2022\/12\/20\/actualidad\/727437353_229633127_320x180.jpg 320w, https:\/\/s1.eestatic.com\/2022\/12\/20\/actualidad\/727437353_229633126_640x360.jpg 640w, https:\/\/s1.eestatic.com\/2022\/12\/20\/actualidad\/727437353_229633125_864x486.jpg 864w, https:\/\/s1.eestatic.com\/2022\/12\/20\/actualidad\/727437353_229633124_1024x576.jpg 1024w, https:\/\/s1.eestatic.com\/2022\/12\/20\/actualidad\/727437353_229633123_1706x960.jpg 1706w\" width=\"320\"\/><\/p><\/div>\n<h3 class=\"content__summary-title\">Febrero: V\u00eda Apia, Italia\u00a0<\/h3>\n<p class=\"paragraph\" id=\"paragraph_5\">\u00bfAlguien quiere retroceder en el tiempo sin apartar los ojos del presente? La mejor forma de hacerlo es recorrer la V\u00eda Apia en Italia, anteriormente conocida como <strong>la &#8220;autopista&#8221; de Europa.\u00a0<\/strong><\/p>\n<p class=\"paragraph\" id=\"paragraph_6\">El tramo lugar esconde interesantes y relevantes aspectos de la Antigua Roma, por lo que esta peregrinaci\u00f3n llena de historia es una visita obligada.<\/p>\n<p class=\"paragraph\" id=\"paragraph_7\"><em><a rel=\"nofollow noopener\" target=\"_blank\" href=\"https:\/\/www.elespanol.com\/ocio\/mejores-ciudades-europa-visitar-solo-24-horas-verano-destinos-europeos-listado\/588191660_0.html\">[Las 10 mejores ciudades de Europa para visitar en solo 24 horas este verano]<\/a><\/em><\/p>\n<h3 class=\"content__summary-title\">Marzo: Azores, Portugal\u00a0<\/h3>\n<p class=\"paragraph\" id=\"paragraph_8\">Si le gusta la fauna marina, las nueve islas volc\u00e1nicas de las Azores son tu lugar. Esta regi\u00f3n de Portugal es como un<strong> oasis para las 28 especies de ballenas y delfines<\/strong> que la habitan.\u00a0<\/p>\n<p class=\"paragraph\" id=\"paragraph_9\">Adem\u00e1s de sus maravillas naturales, destacan sus aguas termales y las numerosas\u00a0 iniciativas de la comunidad native para preservar este archipi\u00e9lago volc\u00e1nico tan especial.\u00a0<\/p>\n<div class=\"article-media \" itemscope=\"\" itemtype=\"http:\/\/schema.org\/ImageObject\">\n<p><img decoding=\"async\" alt=\"Azores\" data-imgm=\"true\" height=\"180\" loading=\"lazy\" sizes=\"auto, (max-width: 479px) 100vw, (max-width: 1023px) 80vw, 40vw\" src=\"https:\/\/s1.eestatic.com\/2022\/12\/20\/actualidad\/727437355_229633184_1024x576.jpg\" srcset=\"https:\/\/s1.eestatic.com\/2022\/12\/20\/actualidad\/727437355_229633187_320x180.jpg 320w, https:\/\/s1.eestatic.com\/2022\/12\/20\/actualidad\/727437355_229633186_640x360.jpg 640w, https:\/\/s1.eestatic.com\/2022\/12\/20\/actualidad\/727437355_229633185_864x486.jpg 864w, https:\/\/s1.eestatic.com\/2022\/12\/20\/actualidad\/727437355_229633184_1024x576.jpg 1024w, https:\/\/s1.eestatic.com\/2022\/12\/20\/actualidad\/727437355_229633183_1706x960.jpg 1706w\" width=\"320\"\/><\/p><\/div>\n<h3 class=\"content__summary-title\">Abril: Highlands, Escocia\u00a0<\/h3>\n<p class=\"paragraph\" id=\"paragraph_10\">Aunque las Tierras Altas de Escocia siguen ofreciendo entornos \u00e9picos con sinuosos valles, lagos y r\u00edos, el paisaje de este lugar ha cambiado mucho. Antiguamente, los valles y colinas estaban cubiertos de bosques y animales salvajes. Sin embargo, a lo largo de los siglos, la tala y el pastoreo excesivo han modificado la escena native.\u00a0<\/p>\n<p class=\"paragraph\" id=\"paragraph_11\">En la actualidad, la regi\u00f3n de Highlands est\u00e1 siendo sometida a un<strong> proceso de renaturalizaci\u00f3n<\/strong> que pretende recuperar el buc\u00f3lico paisaje unique con fauna y flora aut\u00f3ctonas. Por todo ello, es altamente recomendable visitar esta zona escocesa, concretamente la Reserva Pure de Alladale.<\/p>\n<div class=\"article-media \" itemscope=\"\" itemtype=\"http:\/\/schema.org\/ImageObject\">\n<p><img decoding=\"async\" alt=\"Highlands\" data-imgm=\"true\" height=\"180\" loading=\"lazy\" sizes=\"auto, (max-width: 479px) 100vw, (max-width: 1023px) 80vw, 40vw\" src=\"https:\/\/s1.eestatic.com\/2022\/12\/20\/actualidad\/727437356_229633213_1024x576.jpg\" srcset=\"https:\/\/s1.eestatic.com\/2022\/12\/20\/actualidad\/727437356_229633216_320x180.jpg 320w, https:\/\/s1.eestatic.com\/2022\/12\/20\/actualidad\/727437356_229633215_640x360.jpg 640w, https:\/\/s1.eestatic.com\/2022\/12\/20\/actualidad\/727437356_229633214_864x486.jpg 864w, https:\/\/s1.eestatic.com\/2022\/12\/20\/actualidad\/727437356_229633213_1024x576.jpg 1024w, https:\/\/s1.eestatic.com\/2022\/12\/20\/actualidad\/727437356_229633212_1706x960.jpg 1706w\" width=\"320\"\/><\/p><\/div>\n<h3 class=\"content__summary-title\">Mayo: Islas C\u00e1rpatos, Grecia (Islas del Dodecaneso)\u00a0<\/h3>\n<p class=\"paragraph\" id=\"paragraph_12\">La segunda isla m\u00e1s grande del Dodecaneso es un archipi\u00e9lago griego situado en el mar Egeo <strong>cuyas hermosas playas<\/strong> enamoran a cualquier viajero. Pero lo m\u00e1s destacable del lugar es que cuenta con un gran n\u00famero de mujeres al frente de empresas que lideran el turismo sostenible, un motivo de peso para darle valor a esta zona \u00fanica.\u00a0<\/p>\n<div class=\"article-media \" itemscope=\"\" itemtype=\"http:\/\/schema.org\/ImageObject\">\n<p><img decoding=\"async\" alt=\"C\u00e1rpatos\" data-imgm=\"true\" height=\"180\" loading=\"lazy\" sizes=\"auto, (max-width: 479px) 100vw, (max-width: 1023px) 80vw, 40vw\" src=\"https:\/\/s1.eestatic.com\/2022\/12\/20\/actualidad\/727437358_229633271_1024x576.jpg\" srcset=\"https:\/\/s1.eestatic.com\/2022\/12\/20\/actualidad\/727437358_229633274_320x180.jpg 320w, https:\/\/s1.eestatic.com\/2022\/12\/20\/actualidad\/727437358_229633273_640x360.jpg 640w, https:\/\/s1.eestatic.com\/2022\/12\/20\/actualidad\/727437358_229633272_864x486.jpg 864w, https:\/\/s1.eestatic.com\/2022\/12\/20\/actualidad\/727437358_229633271_1024x576.jpg 1024w, https:\/\/s1.eestatic.com\/2022\/12\/20\/actualidad\/727437358_229633270_1706x960.jpg 1706w\" width=\"320\"\/><\/p><\/div>\n<h3 class=\"content__summary-title\">Junio: San Francisco, California\u00a0<\/h3>\n<p class=\"paragraph\" id=\"paragraph_13\">En San Francisco, California, toca recorrer el <strong>Crosstown Path<\/strong>, un sendero de casi 27 kil\u00f3metros plagado de descubrimientos urbanos, desde las impresionantes vistas de la costa del Pac\u00edfico hasta los c\u00e9lebres caf\u00e9s de barrio.<\/p>\n<p class=\"paragraph\" id=\"paragraph_14\">Otra sugerencia es visitar la hoguera Presidio Tunnel Tops para disfrutar de la vista del puente Golden Gate.<\/p>\n<div class=\"article-media \" itemscope=\"\" itemtype=\"http:\/\/schema.org\/ImageObject\">\n<p><img decoding=\"async\" alt=\"San Francisco\" data-imgm=\"true\" height=\"180\" loading=\"lazy\" sizes=\"auto, (max-width: 479px) 100vw, (max-width: 1023px) 80vw, 40vw\" src=\"https:\/\/s1.eestatic.com\/2022\/12\/20\/actualidad\/727437359_229633300_1024x576.jpg\" srcset=\"https:\/\/s1.eestatic.com\/2022\/12\/20\/actualidad\/727437359_229633303_320x180.jpg 320w, https:\/\/s1.eestatic.com\/2022\/12\/20\/actualidad\/727437359_229633302_640x360.jpg 640w, https:\/\/s1.eestatic.com\/2022\/12\/20\/actualidad\/727437359_229633301_864x486.jpg 864w, https:\/\/s1.eestatic.com\/2022\/12\/20\/actualidad\/727437359_229633300_1024x576.jpg 1024w, https:\/\/s1.eestatic.com\/2022\/12\/20\/actualidad\/727437359_229633299_1706x960.jpg 1706w\" width=\"320\"\/><\/p><\/div>\n<h3 class=\"content__summary-title\">Julio: Parque Nacional de Large Bend, Texas, Estados Unidos\u00a0<\/h3>\n<p class=\"paragraph\" id=\"paragraph_15\">El Parque Nacional de Large Bend y su paisaje es ya toda una leyenda de la frontera de Texas.\u00a0Conocido por sus amplios cielos estrellados y sus hermosos ca\u00f1ones, el parque es uno de los m\u00e1s remotos del estado y tambi\u00e9n el m\u00e1s extenso: tiene m\u00e1s de <strong>324.000 hect\u00e1reas<\/strong>.<\/p>\n<div class=\"article-media \" itemscope=\"\" itemtype=\"http:\/\/schema.org\/ImageObject\">\n<p><img decoding=\"async\" alt=\"Big Bend\" data-imgm=\"true\" height=\"180\" loading=\"lazy\" sizes=\"auto, (max-width: 479px) 100vw, (max-width: 1023px) 80vw, 40vw\" src=\"https:\/\/s1.eestatic.com\/2022\/12\/20\/actualidad\/727437361_229633358_1024x576.jpg\" srcset=\"https:\/\/s1.eestatic.com\/2022\/12\/20\/actualidad\/727437361_229633361_320x180.jpg 320w, https:\/\/s1.eestatic.com\/2022\/12\/20\/actualidad\/727437361_229633360_640x360.jpg 640w, https:\/\/s1.eestatic.com\/2022\/12\/20\/actualidad\/727437361_229633359_864x486.jpg 864w, https:\/\/s1.eestatic.com\/2022\/12\/20\/actualidad\/727437361_229633358_1024x576.jpg 1024w, https:\/\/s1.eestatic.com\/2022\/12\/20\/actualidad\/727437361_229633357_1706x960.jpg 1706w\" width=\"320\"\/><\/p><\/div>\n<h3 class=\"content__summary-title\">Agosto: M\u00e1nchester, Inglaterra\u00a0<\/h3>\n<p class=\"paragraph\" id=\"paragraph_16\">En M\u00e1nchester (Inglaterra), la sugerencia es divertirse al m\u00e1ximo con su inmensa oferta deportiva y tur\u00edstica. Para ello, sugerimos visitar los campos del Manchester United e inspirarse en la escena art\u00edstica de la ciudad.<\/p>\n<div class=\"article-media \" itemscope=\"\" itemtype=\"http:\/\/schema.org\/ImageObject\">\n<p><img decoding=\"async\" alt=\"Manchester\" data-imgm=\"true\" height=\"180\" loading=\"lazy\" sizes=\"auto, (max-width: 479px) 100vw, (max-width: 1023px) 80vw, 40vw\" src=\"https:\/\/s1.eestatic.com\/2022\/12\/20\/actualidad\/727437362_229633388_1024x576.jpg\" srcset=\"https:\/\/s1.eestatic.com\/2022\/12\/20\/actualidad\/727437362_229633391_320x180.jpg 320w, https:\/\/s1.eestatic.com\/2022\/12\/20\/actualidad\/727437362_229633390_640x360.jpg 640w, https:\/\/s1.eestatic.com\/2022\/12\/20\/actualidad\/727437362_229633389_864x486.jpg 864w, https:\/\/s1.eestatic.com\/2022\/12\/20\/actualidad\/727437362_229633388_1024x576.jpg 1024w, https:\/\/s1.eestatic.com\/2022\/12\/20\/actualidad\/727437362_229633387_1706x960.jpg 1706w\" width=\"320\"\/><\/p><\/div>\n<h3 class=\"content__summary-title\">Septiembre: Par\u00eds, Francia<\/h3>\n<p class=\"paragraph\" id=\"paragraph_17\"><strong>Destino musical para el mes de septiembre<\/strong>. Y es que la fama de Par\u00eds como cuna del Jazz viene de lejos, consolid\u00e1ndose en los a\u00f1os 50 gracias a las actuaciones de los m\u00fasicos m\u00e1s importantes que exist\u00edan en ese momento, lo que supuso un enorme crecimiento de los locales especializados en este g\u00e9nero.\u00a0<\/p>\n<p class=\"paragraph\" id=\"paragraph_18\">Resulta imposible elegir un solo lugar en esta ciudad para disfrutar del mejor jazz, pero un buen punto de partida ser\u00eda el Jazz Membership Etoile, donde m\u00fasicos de la talla de Cab Calloway o BB King dejaron su huella resonando en el eco de sus esquinas.<\/p>\n<div class=\"article-media \" itemscope=\"\" itemtype=\"http:\/\/schema.org\/ImageObject\">\n<p><img decoding=\"async\" alt=\"Paris\" data-imgm=\"true\" height=\"180\" loading=\"lazy\" sizes=\"auto, (max-width: 479px) 100vw, (max-width: 1023px) 80vw, 40vw\" src=\"https:\/\/s1.eestatic.com\/2022\/12\/20\/actualidad\/727437364_229633448_1024x576.jpg\" srcset=\"https:\/\/s1.eestatic.com\/2022\/12\/20\/actualidad\/727437364_229633451_320x180.jpg 320w, https:\/\/s1.eestatic.com\/2022\/12\/20\/actualidad\/727437364_229633450_640x360.jpg 640w, https:\/\/s1.eestatic.com\/2022\/12\/20\/actualidad\/727437364_229633449_864x486.jpg 864w, https:\/\/s1.eestatic.com\/2022\/12\/20\/actualidad\/727437364_229633448_1024x576.jpg 1024w, https:\/\/s1.eestatic.com\/2022\/12\/20\/actualidad\/727437364_229633447_1706x960.jpg 1706w\" width=\"320\"\/><\/p><\/div>\n<h3 class=\"content__summary-title\">Octubre: Choquequirao, Per\u00fa\u00a0<\/h3>\n<p class=\"paragraph\" id=\"paragraph_19\">Situadas en lo alto de los Andes peruanos, las <strong>ruinas incas de Choquequirao<\/strong> s\u00f3lo son accesibles a pie, al menos por ahora. Debido a su acceso limitado, el lugar sigue estando fuera del radar m\u00e1s tur\u00edstico de Per\u00fa, pero merece la pena el viaje.<\/p>\n<div class=\"article-media \" itemscope=\"\" itemtype=\"http:\/\/schema.org\/ImageObject\">\n<p><img decoding=\"async\" alt=\"Choquequirao\" data-imgm=\"true\" height=\"180\" loading=\"lazy\" sizes=\"auto, (max-width: 479px) 100vw, (max-width: 1023px) 80vw, 40vw\" src=\"https:\/\/s1.eestatic.com\/2022\/12\/20\/actualidad\/727437365_229633477_1024x576.jpg\" srcset=\"https:\/\/s1.eestatic.com\/2022\/12\/20\/actualidad\/727437365_229633480_320x180.jpg 320w, https:\/\/s1.eestatic.com\/2022\/12\/20\/actualidad\/727437365_229633479_640x360.jpg 640w, https:\/\/s1.eestatic.com\/2022\/12\/20\/actualidad\/727437365_229633478_864x486.jpg 864w, https:\/\/s1.eestatic.com\/2022\/12\/20\/actualidad\/727437365_229633477_1024x576.jpg 1024w, https:\/\/s1.eestatic.com\/2022\/12\/20\/actualidad\/727437365_229633476_1706x960.jpg 1706w\" width=\"320\"\/><\/p><\/div>\n<h3 class=\"content__summary-title\">Noviembre: Utah, Estados Unidos\u00a0<\/h3>\n<p class=\"paragraph\" id=\"paragraph_20\">Los paisajes del estado de Utah invitan a vivir aventuras al aire libre, como practicar get up paddle en el r\u00edo Colorado, en Moab. El destino cuenta con<strong> cinco parques nacionales y ocho monumentos nacionales<\/strong>, por lo que est\u00e1 entre los objetivos de los viajeros m\u00e1s aventureros.<\/p>\n<div class=\"article-media \" itemscope=\"\" itemtype=\"http:\/\/schema.org\/ImageObject\">\n<p><img decoding=\"async\" alt=\"Utah\" data-imgm=\"true\" height=\"180\" loading=\"lazy\" sizes=\"auto, (max-width: 479px) 100vw, (max-width: 1023px) 80vw, 40vw\" src=\"https:\/\/s1.eestatic.com\/2022\/12\/20\/actualidad\/727437366_229633506_1024x576.jpg\" srcset=\"https:\/\/s1.eestatic.com\/2022\/12\/20\/actualidad\/727437366_229633509_320x180.jpg 320w, https:\/\/s1.eestatic.com\/2022\/12\/20\/actualidad\/727437366_229633508_640x360.jpg 640w, https:\/\/s1.eestatic.com\/2022\/12\/20\/actualidad\/727437366_229633507_864x486.jpg 864w, https:\/\/s1.eestatic.com\/2022\/12\/20\/actualidad\/727437366_229633506_1024x576.jpg 1024w, https:\/\/s1.eestatic.com\/2022\/12\/20\/actualidad\/727437366_229633505_1706x960.jpg 1706w\" width=\"320\"\/><\/p><\/div>\n<h3 class=\"content__summary-title\">Diciembre: Alpes austriacos\u00a0<\/h3>\n<p class=\"paragraph\" id=\"paragraph_21\">Un destino de lujo para los amantes de los deportes de invierno es la regi\u00f3n austriaca de Carintia. Los Alpes austriacos ofrecen grandes oportunidades de aventura dentro de la crimson Bergsteigerd\u00f6rfer, con <strong>29 pueblos de monta\u00f1a<\/strong>.<\/p>\n<div class=\"article-media \" itemscope=\"\" itemtype=\"http:\/\/schema.org\/ImageObject\">\n<p><img decoding=\"async\" alt=\"Alpes Austriacos\" data-imgm=\"true\" height=\"180\" loading=\"lazy\" sizes=\"auto, (max-width: 479px) 100vw, (max-width: 1023px) 80vw, 40vw\" src=\"https:\/\/s1.eestatic.com\/2022\/12\/20\/actualidad\/727437368_229633564_1024x576.jpg\" srcset=\"https:\/\/s1.eestatic.com\/2022\/12\/20\/actualidad\/727437368_229633567_320x180.jpg 320w, https:\/\/s1.eestatic.com\/2022\/12\/20\/actualidad\/727437368_229633566_640x360.jpg 640w, https:\/\/s1.eestatic.com\/2022\/12\/20\/actualidad\/727437368_229633565_864x486.jpg 864w, https:\/\/s1.eestatic.com\/2022\/12\/20\/actualidad\/727437368_229633564_1024x576.jpg 1024w, https:\/\/s1.eestatic.com\/2022\/12\/20\/actualidad\/727437368_229633563_1706x960.jpg 1706w\" width=\"320\"\/><\/p><\/div>\n<h3 class=\"content__summary-title\">Tambi\u00e9n te puede interesar&#8230;<\/h3>\n<ul class=\"content__summary-list content__summary-list--bullets\" data-mrf-recirculation=\"Links Listado Bottom\">\n<li class=\"summary-list__item\"><a rel=\"nofollow noopener\" target=\"_blank\" cmp-ltrk=\"Links Listado Bottom\" cmp-ltrk-idx=\"0\" href=\"https:\/\/www.elespanol.com\/ocio\/mejores-ciudades-menos-2-horas-madrid-viajar-avion-turismo-nacional-internacional\/589691770_0.html\" mrfobservableid=\"724fa703-a46f-42ac-a5aa-6ebf76fc23dd\">Las mejores ciudades a menos de 2 horas de Madrid para viajar en avi\u00f3n<\/a><\/li>\n<\/ul>\n<ul class=\"content__summary-list content__summary-list--bullets\" data-mrf-recirculation=\"Links Listado Bottom\">\n<li class=\"summary-list__item\"><a rel=\"nofollow noopener\" target=\"_blank\" cmp-ltrk=\"Links Listado Bottom\" cmp-ltrk-idx=\"1\" href=\"https:\/\/www.elespanol.com\/ocio\/paises-europa-viajar-seguro-verano-coronavirus-restricciones-pruebas\/586192280_0.html\" mrfobservableid=\"81588460-f532-4fa6-9f0b-d8cdfb734d2a\">10 pa\u00edses fuera de Europa donde viajar de forma segura<\/a><\/li>\n<\/ul>\n<ul class=\"content__summary-list content__summary-list--bullets\" data-mrf-recirculation=\"Links Listado Bottom\">\n<li class=\"summary-list__item\"><a rel=\"nofollow noopener\" target=\"_blank\" cmp-ltrk=\"Links Listado Bottom\" cmp-ltrk-idx=\"2\" href=\"https:\/\/www.elespanol.com\/ocio\/costa-da-morte-lugares-imprescindibles-visitar-ruta\/586191911_0.html\" mrfobservableid=\"3c1788eb-44e0-4bbe-940d-8e83104abd52\">Costa da Morte: 10 lugares imprescindibles para visitar en la ruta<\/a><\/li>\n<\/ul>\n<p><span class=\"follow-topics-title__icon\"\/>Sigue los temas que te interesan<\/p>\n<\/p><\/div>\n\n<p><em> &#8221; Fuentes www.elespanol.com &#8221; <\/em><\/p>\n","protected":false},"excerpt":{"rendered":"<p>Ahora que el 2023 ya ha llegado&#8230; \u00bfEst\u00e1s pensando a d\u00f3nde escaparte? Tanto para la pr\u00f3xima Semana Santa como de cara al verano, hay muchas personas que ya est\u00e1n pensando en sus viajes.\u00a0 Para todos ellos, Civitatis, la empresa l\u00edder en la venta de visitas guiadas, excursiones y free tour en espa\u00f1ol, ha seleccionado los [&hellip;]<\/p>\n","protected":false},"author":4,"featured_media":466968,"comment_status":"open","ping_status":"closed","sticky":false,"template":"","format":"standard","meta":{"om_disable_all_campaigns":false,"jnews-multi-image_gallery":[],"jnews_single_post":[],"jnews_primary_category":[],"jnews_social_meta":[],"footnotes":""},"categories":[39],"tags":[1228,797,22818,544,545],"class_list":["post-482480","post","type-post","status-publish","format-standard","has-post-thumbnail","hentry","category-viajes","tag-destinos","tag-mundo","tag-ocio-y-tiempo-libre","tag-turismo","tag-viajes"],"_links":{"self":[{"href":"https:\/\/dimensionturistica.com\/es\/wp-json\/wp\/v2\/posts\/482480","targetHints":{"allow":["GET"]}}],"collection":[{"href":"https:\/\/dimensionturistica.com\/es\/wp-json\/wp\/v2\/posts"}],"about":[{"href":"https:\/\/dimensionturistica.com\/es\/wp-json\/wp\/v2\/types\/post"}],"author":[{"embeddable":true,"href":"https:\/\/dimensionturistica.com\/es\/wp-json\/wp\/v2\/users\/4"}],"replies":[{"embeddable":true,"href":"https:\/\/dimensionturistica.com\/es\/wp-json\/wp\/v2\/comments?post=482480"}],"version-history":[{"count":0,"href":"https:\/\/dimensionturistica.com\/es\/wp-json\/wp\/v2\/posts\/482480\/revisions"}],"wp:featuredmedia":[{"embeddable":true,"href":"https:\/\/dimensionturistica.com\/es\/wp-json\/wp\/v2\/media\/466968"}],"wp:attachment":[{"href":"https:\/\/dimensionturistica.com\/es\/wp-json\/wp\/v2\/media?parent=482480"}],"wp:term":[{"taxonomy":"category","embeddable":true,"href":"https:\/\/dimensionturistica.com\/es\/wp-json\/wp\/v2\/categories?post=482480"},{"taxonomy":"post_tag","embeddable":true,"href":"https:\/\/dimensionturistica.com\/es\/wp-json\/wp\/v2\/tags?post=482480"}],"curies":[{"name":"wp","href":"https:\/\/api.w.org\/{rel}","templated":true}]}}