{"id":481454,"date":"2023-02-06T15:11:52","date_gmt":"2023-02-06T15:11:52","guid":{"rendered":"https:\/\/dimensionturistica.com\/es\/?p=481454"},"modified":"2023-02-06T15:11:52","modified_gmt":"2023-02-06T15:11:52","slug":"air-europa-y-samatravel-llevaran-vuelos-charter-a-turquia-y-egipto","status":"publish","type":"post","link":"https:\/\/dimensionturistica.com\/es\/air-europa-y-samatravel-llevaran-vuelos-charter-a-turquia-y-egipto\/","title":{"rendered":"Air Europa y SamaTravel llevar\u00e1n vuelos ch\u00e1rter a Turqu\u00eda y Egipto"},"content":{"rendered":"<p> <br \/>\n<\/p>\n<div>\n<p>Air Europa y SamaTravel han firmado un acuerdo de colaboraci\u00f3n para iniciar una doble nueva operativa ch\u00e1rter con vuelos a Turqu\u00eda, que comenzar\u00e1 a funcionar antes de Semana Santa.<\/p>\n<p>Los domingos, a partir del 02 de abril, saldr\u00e1 desde Madrid un vuelo directo al pa\u00eds turco, que entrar\u00e1 por Capadocia y saldr\u00e1 por Estambul (o a la inversa de forma alterna cada semana), y que servir\u00e1 para ofrecer diferentes circuitos por los principales destinos tur\u00edsticos del pa\u00eds.<\/p>\n<p>Adem\u00e1s, y en virtud de este nuevo acuerdo con Air Europa, SamaTravel ampliar\u00e1 su extensa operativa a Egipto con un nuevo ch\u00e1rter programado los lunes desde Madrid, que se sumar\u00e1 a las varias salidas que el touroperador ofrece ya cada semana desde gran parte del territorio espa\u00f1ol, y que lo convierten en el principal emisor de turismo cultural a Egipto desde Espa\u00f1a.<\/p>\n<p>El 03 de abril ser\u00e1 la fecha escogida para este primer vuelo con Air Europa al pa\u00eds de las pir\u00e1mides, que operar\u00e1 tambi\u00e9n de forma alterna cada semana, entrando bien por la ciudad de El Cairo y saliendo por Luxor o a la inversa, permitiendo en ambos casos disfrutar de los habituales programas de 8 d\u00edas, con 3 noches en la capital egipcia y 4 noches de navegaci\u00f3n por el Nilo.<\/p>\n<div class=\"wysiwyg-photo\">  <img decoding=\"async\" src=\"https:\/\/static.hosteltur.com\/app\/public\/uploads\/img\/releases\/2023\/02\/03\/L_133148_3.jpg\" alt=\"Imagen nota de prensa Hosteltur\" width=\"960\" height=\"540\"\/><\/div>\n<p><strong>Vuelos directos a Capadocia: una oferta \u00fanica en el mercado.<\/strong><\/p>\n<p>Para Mohamed Ali, Director Common de SamaTravel, este nuevo acuerdo viene a afianzar la fortaleza del touroperador en la operaci\u00f3n ch\u00e1rter, y a ampliar su oferta con 6 nuevos programas de 8 d\u00edas y 7 noches a Turqu\u00eda, un destino con el que llevan ya cerca de una d\u00e9cada trabajando. \u201cEstamos encantados de haber firmado este nuevo acuerdo con Air Europa, pues esto nos va a permitir no solo aumentar nuestra frecuencia de salidas semanales a Egipto, un destino en el que ya estamos consolidados, sino posicionarnos tambi\u00e9n como una de las alternativas m\u00e1s atractivas de cara al destino Turqu\u00eda, dado que vamos a poder ofrecer vuelos directos a Capadocia, algo que hoy por hoy no ofrece nadie m\u00e1s en el mercado espa\u00f1ol, lo que hace que nuestros programas sean \u00fanicos, proporcionando al cliente una experiencia de viaje mucho m\u00e1s c\u00f3moda, y a las agencias una nueva herramienta de venta.<\/p>\n<p>Desde itinerarios que escapan de los circuitos m\u00e1s habituales, hasta los m\u00e1s cl\u00e1sicos con Troya, Pamukkale, o \u00c9feso; incluyendo programas con vuelos internos para quienes busquen la mayor comodidad. Una oferta diversa y para todos los p\u00fablicos, que tiene como denominador com\u00fan Estambul y Capadocia, y que ya est\u00e1 a la venta, pudiendo las agencias cerrar sus reservas directamente a trav\u00e9s de la internet de SamaTravel.<\/p>\n<p>En parecidos t\u00e9rminos se manifiesta Diego Herrero, responsable de ventas ch\u00e1rter de Air Europa, al afirmar que &#8221; la colaboraci\u00f3n con SamaTravel suma valor a\u00f1adido a nuestra aerol\u00ednea, que consigue presencia y mayor reconocimiento tanto en Turqu\u00eda como en Egipto. Air Europa pone a disposici\u00f3n de los clientes de ambas operativas sus nuevos Boeing 737, que destacan tanto por sus avances en avi\u00f3nica como por la eficiencia de su rendimiento, as\u00ed como su mejor producto para lograr que el pasajero tenga una experiencia \u00fanica a bordo&#8221;. Para Diego Herrero, &#8220;el acuerdo con SamaTravel refuerza nuestra marca como ense\u00f1a de conectividad y puente de uni\u00f3n. Air Europa trabaja siempre para mejorar la conectividad de las personas y, sin duda, este nuevo acuerdo avanza en esa l\u00ednea&#8221;.<\/p>\n<div class=\"wysiwyg-photo\"><img decoding=\"async\" src=\"https:\/\/static.hosteltur.com\/app\/public\/uploads\/img\/releases\/2023\/02\/03\/L_133049_fotos-1.jpg\" alt=\"Imagen nota de prensa Hosteltur\" width=\"1211\" height=\"681\"\/>  <\/div><\/div>\n\n<p><em> &#8221; Fuentes www.hosteltur.com &#8221; <\/em><\/p>\n","protected":false},"excerpt":{"rendered":"<p>Air Europa y SamaTravel han firmado un acuerdo de colaboraci\u00f3n para iniciar una doble nueva operativa ch\u00e1rter con vuelos a Turqu\u00eda, que comenzar\u00e1 a funcionar antes de Semana Santa. Los domingos, a partir del 02 de abril, saldr\u00e1 desde Madrid un vuelo directo al pa\u00eds turco, que entrar\u00e1 por Capadocia y saldr\u00e1 por Estambul (o [&hellip;]<\/p>\n","protected":false},"author":4,"featured_media":481455,"comment_status":"open","ping_status":"closed","sticky":false,"template":"","format":"standard","meta":{"om_disable_all_campaigns":false,"jnews-multi-image_gallery":[],"jnews_single_post":[],"jnews_primary_category":[],"jnews_social_meta":[],"footnotes":""},"categories":[40],"tags":[1555],"class_list":["post-481454","post","type-post","status-publish","format-standard","has-post-thumbnail","hentry","category-industria","tag-transportes"],"_links":{"self":[{"href":"https:\/\/dimensionturistica.com\/es\/wp-json\/wp\/v2\/posts\/481454","targetHints":{"allow":["GET"]}}],"collection":[{"href":"https:\/\/dimensionturistica.com\/es\/wp-json\/wp\/v2\/posts"}],"about":[{"href":"https:\/\/dimensionturistica.com\/es\/wp-json\/wp\/v2\/types\/post"}],"author":[{"embeddable":true,"href":"https:\/\/dimensionturistica.com\/es\/wp-json\/wp\/v2\/users\/4"}],"replies":[{"embeddable":true,"href":"https:\/\/dimensionturistica.com\/es\/wp-json\/wp\/v2\/comments?post=481454"}],"version-history":[{"count":0,"href":"https:\/\/dimensionturistica.com\/es\/wp-json\/wp\/v2\/posts\/481454\/revisions"}],"wp:featuredmedia":[{"embeddable":true,"href":"https:\/\/dimensionturistica.com\/es\/wp-json\/wp\/v2\/media\/481455"}],"wp:attachment":[{"href":"https:\/\/dimensionturistica.com\/es\/wp-json\/wp\/v2\/media?parent=481454"}],"wp:term":[{"taxonomy":"category","embeddable":true,"href":"https:\/\/dimensionturistica.com\/es\/wp-json\/wp\/v2\/categories?post=481454"},{"taxonomy":"post_tag","embeddable":true,"href":"https:\/\/dimensionturistica.com\/es\/wp-json\/wp\/v2\/tags?post=481454"}],"curies":[{"name":"wp","href":"https:\/\/api.w.org\/{rel}","templated":true}]}}