{"id":480988,"date":"2023-02-06T06:20:25","date_gmt":"2023-02-06T06:20:25","guid":{"rendered":"https:\/\/dimensionturistica.com\/es\/?p=480988"},"modified":"2023-02-06T06:20:25","modified_gmt":"2023-02-06T06:20:25","slug":"donde-miramos-cuando-miramos-el-bosco","status":"publish","type":"post","link":"https:\/\/dimensionturistica.com\/es\/donde-miramos-cuando-miramos-el-bosco\/","title":{"rendered":"\u00bfD\u00f3nde miramos cuando miramos El Bosco?"},"content":{"rendered":"<p> <br \/>\n<\/p>\n<div>\n<p>&#13;<br \/>\n\t\t\t\t\t\t\t<strong>Redacci\u00f3n<\/strong> | Lunes 06 de febrero de 2023\t\t\t\t\t\t<\/p>\n<div class=\"contenidoAmpliable\">\n<p>El <a rel=\"nofollow noopener\" target=\"_blank\" href=\"https:\/\/www.museodelprado.es\/\">Museo Nacional del Prado<\/a> y la <a rel=\"nofollow noopener\" target=\"_blank\" href=\"https:\/\/umh.es\/\">Universidad Miguel Hern\u00e1ndez<\/a> colaboran en ese proyecto<\/p>\n<p>El grupo de Neuroingenier\u00eda Biom\u00e9dica de la UMH, dirigido por el catedr\u00e1tico de Biolog\u00eda Celular Eduardo Fern\u00e1ndez Jover, analizar\u00e1 los datos recabados en m\u00e1s de 50 personas durante la contemplaci\u00f3n de <strong>El jard\u00edn de las delicias del Bosco.<\/strong><\/p>\n<p>Este estudio permitir\u00e1 conocer qu\u00e9 partes de esta emblem\u00e1tica obra resultan m\u00e1s atractivas para el visitante y de qu\u00e9 manera su edad, sexo o procedencia pueden condicionar su mirada.<\/p>\n<p>El Museo Nacional del Prado y la Universidad Miguel Hern\u00e1ndez de Elche inician un estudio pionero en un entorno muse\u00edstico actual para analizar d\u00f3nde centramos nuestra atenci\u00f3n cuando miramos un cuadro.<amp-img width=\"1280\" height=\"683\" src=\"https:\/\/www.inoutviajes.com\/fotos\/editor\/22267\/1675663720_zzzel-jardin-de-las-delicias.jpg\" alt=\"\" layout=\"responsive\"\/><\/p>\n<p>M\u00e1s de 50 personas fueron invitadas a llevar unas gafas conectadas a un ordenador que segu\u00edan y registraban la direcci\u00f3n de cada uno de los ojos, los movimientos sac\u00e1dicos, el tama\u00f1o de las pupilas y d\u00f3nde se fijaban los visitantes durante la contemplaci\u00f3n de El jard\u00edn de las delicias del Bosco.<\/p>\n<p>Los resultados preliminares de este estudio se conocer\u00e1n en, aproximadamente, dos meses y ayudar\u00e1n a comprender mejor los procesos de atenci\u00f3n visible y a profundizar en el conocimiento de la percepci\u00f3n visible de las im\u00e1genes en la observaci\u00f3n de las obras de arte en entornos muse\u00edsticos reales.<\/p>\n<p>El jard\u00edn de las delicias del Bosco, tal vez la obra m\u00e1s compleja y enigm\u00e1tica de este autor y de las conservadas en el Prado, incluye tres escenas que giran en torno al pecado, que se inicia con Ad\u00e1n y Eva en el Para\u00edso (panel izquierdo) y recibe su castigo en el Infierno (panel derecho). La tabla central muestra un falso Para\u00edso entregado a la lujuria.<\/p>\n<p>Y vosotros \u00bfd\u00f3nde mir\u00e1is?\t\t\t\t\t\t\t\t\t\t\t\t\t<\/p><\/div>\n<p><h4 class=\"seccion\">TEMAS RELACIONADOS:<\/h4>\n<\/p><\/div>\n\n<p><em> &#8221; Fuentes www.inoutviajes.com &#8221; <\/em><\/p>\n","protected":false},"excerpt":{"rendered":"<p>&#13; Redacci\u00f3n | Lunes 06 de febrero de 2023 El Museo Nacional del Prado y la Universidad Miguel Hern\u00e1ndez colaboran en ese proyecto El grupo de Neuroingenier\u00eda Biom\u00e9dica de la UMH, dirigido por el catedr\u00e1tico de Biolog\u00eda Celular Eduardo Fern\u00e1ndez Jover, analizar\u00e1 los datos recabados en m\u00e1s de 50 personas durante la contemplaci\u00f3n de El [&hellip;]<\/p>\n","protected":false},"author":4,"featured_media":480989,"comment_status":"open","ping_status":"closed","sticky":false,"template":"","format":"standard","meta":{"om_disable_all_campaigns":false,"jnews-multi-image_gallery":[],"jnews_single_post":[],"jnews_primary_category":[],"jnews_social_meta":[],"footnotes":""},"categories":[39],"tags":[62910,1274,62909],"class_list":["post-480988","post","type-post","status-publish","format-standard","has-post-thumbnail","hentry","category-viajes","tag-bosco","tag-donde","tag-miramos"],"_links":{"self":[{"href":"https:\/\/dimensionturistica.com\/es\/wp-json\/wp\/v2\/posts\/480988","targetHints":{"allow":["GET"]}}],"collection":[{"href":"https:\/\/dimensionturistica.com\/es\/wp-json\/wp\/v2\/posts"}],"about":[{"href":"https:\/\/dimensionturistica.com\/es\/wp-json\/wp\/v2\/types\/post"}],"author":[{"embeddable":true,"href":"https:\/\/dimensionturistica.com\/es\/wp-json\/wp\/v2\/users\/4"}],"replies":[{"embeddable":true,"href":"https:\/\/dimensionturistica.com\/es\/wp-json\/wp\/v2\/comments?post=480988"}],"version-history":[{"count":0,"href":"https:\/\/dimensionturistica.com\/es\/wp-json\/wp\/v2\/posts\/480988\/revisions"}],"wp:featuredmedia":[{"embeddable":true,"href":"https:\/\/dimensionturistica.com\/es\/wp-json\/wp\/v2\/media\/480989"}],"wp:attachment":[{"href":"https:\/\/dimensionturistica.com\/es\/wp-json\/wp\/v2\/media?parent=480988"}],"wp:term":[{"taxonomy":"category","embeddable":true,"href":"https:\/\/dimensionturistica.com\/es\/wp-json\/wp\/v2\/categories?post=480988"},{"taxonomy":"post_tag","embeddable":true,"href":"https:\/\/dimensionturistica.com\/es\/wp-json\/wp\/v2\/tags?post=480988"}],"curies":[{"name":"wp","href":"https:\/\/api.w.org\/{rel}","templated":true}]}}