{"id":480982,"date":"2023-02-06T06:12:35","date_gmt":"2023-02-06T06:12:35","guid":{"rendered":"https:\/\/dimensionturistica.com\/es\/?p=480982"},"modified":"2024-02-20T22:16:50","modified_gmt":"2024-02-20T22:16:50","slug":"sus-vidas-pasadas-viajes-astrales-y-otras-experiencias-paranormales-del-disenador-de-modas","status":"publish","type":"post","link":"https:\/\/dimensionturistica.com\/es\/sus-vidas-pasadas-viajes-astrales-y-otras-experiencias-paranormales-del-disenador-de-modas\/","title":{"rendered":"sus vidas pasadas, viajes astrales y otras experiencias paranormales del dise\u00f1ador de modas"},"content":{"rendered":"<p> <br \/>\n<\/p>\n<div>\n<p>Paco Rabanne es uno de los dise\u00f1adores m\u00e1s famosos del mundo, y mientras constru\u00eda su imperio, el dise\u00f1ador espa\u00f1ol tambi\u00e9n ten\u00eda contacto con lo esot\u00e9rico, experimentando a lo largo de su vida una serie de eventos paranormales.<\/p>\n<p>Te interesa: <a rel=\"nofollow noopener\" target=\"_blank\" href=\"https:\/\/www.vanidades.com\/modaybelleza\/El-legado-de-Paco-Rabanne-el-iconico-disenador-espanol-muere-a-los-88-anos-20230203-0004.html\">El legado de Paco Rabanne: el ic\u00f3nico dise\u00f1ador espa\u00f1ol muere a los 88 a\u00f1os<\/a><\/p>\n<p><amp-ad width=\"300\" height=\"1\" type=\"teads\" data-pid=\"143835\" layout=\"responsive\" class=\"i-amphtml-layout-responsive i-amphtml-layout-size-defined\" i-amphtml-layout=\"responsive\"><i-amphtml-sizer style=\"display:block;padding-top:0.3333%\"\/><br \/>\n<\/amp-ad><\/p>\n<h2>\u00bfQui\u00e9n es Paco Rabanne?<\/h2>\n<p>Francisco Rabaneda y Cuervo, mejor conocido como Paco Rabanne, naci\u00f3 el 18 de febrero de 1934 en la comunidad espa\u00f1ola de Pasajes, en el Pa\u00eds Vasco. Muri\u00f3 el 3 de febrero de este a\u00f1o, a tan solo unos d\u00edas de celebrar su cumplea\u00f1os n\u00famero 89.<\/p>\n<p>Su madre period costurera y su padre fue un republicano que muri\u00f3 fusilado por sus concepts pol\u00edticas. Estudi\u00f3 arquitectura en la Escuela de Bellas Artes de Par\u00eds, mientras dise\u00f1aba para importantes firmas como Givenchy, Dior y Nina Ricci. Tambi\u00e9n se form\u00f3 con Balenciaga, quien tambi\u00e9n period vasco y residi\u00f3 en Par\u00eds.<\/p>\n<p>Te interesa: <a rel=\"nofollow noopener\" target=\"_blank\" href=\"https:\/\/www.vanidades.com\/modaybelleza\/5-creaciones-emblematicas-de-Paco-Rabanne-20230203-0007.html\">5 creaciones emblem\u00e1ticas de Paco Rabanne<\/a><\/p>\n<p>Su fama creci\u00f3 cuando cumpli\u00f3 los 60 a\u00f1os debido a sus estilos met\u00e1licos y de pl\u00e1stico, lo que period el complemento preferrred de la period espacial.<\/p>\n<p><amp-youtube data-videoid=\"xAaHku-0MFk\" width=\"560\" height=\"315\" layout=\"responsive\" class=\"i-amphtml-layout-responsive i-amphtml-layout-size-defined\" i-amphtml-layout=\"responsive\"><i-amphtml-sizer style=\"display:block;padding-top:56.25%\"\/><\/amp-youtube> <\/p>\n<h2>Paco Rabanne: sus vidas pasadas, viajes astrales y otras experiencias paranormales<\/h2>\n<p>Rabanne tambi\u00e9n caus\u00f3 pol\u00e9mica por su extra\u00f1a relaci\u00f3n con lo esot\u00e9rico, en varias ocasiones sorprendi\u00f3 al asegurar que pod\u00eda realizar viajes astrales e incluso dio detalles de sus vidas pasadas.<\/p>\n<p>Fue a principios de la d\u00e9cada de los 90, cuando el dise\u00f1ador espa\u00f1ol revelar\u00eda en entrevista que ten\u00eda detalles sobre sus vidas pasadas. Afirm\u00f3 que hab\u00eda tenido la oportunidad de conocer a Jes\u00fas en una de ellas, y en otra vida hab\u00eda sido amigo \u00edntimo de San Pablo<\/p>\n<blockquote>\n<p>&#8220;<em>No tengo miedo de que la gente se r\u00eda de m\u00ed o me tome por loco, sencillamente porque me avala el ser famoso, rico y, actualmente, a quien gana mucho dinero no se le considera un loco<\/em>&#8220;.<\/p>\n<\/blockquote>\n<p>Luego de esta entrevista, el dise\u00f1ador asegura haber recibido m\u00e1s de 15 mil cartas de otras personas que hab\u00edan tenido experiencias similares a las que hab\u00eda vivido \u00e9l.<\/p>\n<p>Esto lo inspiro a escribir un libro en el que contaba m\u00e1s detalles sobre su experiencia, en el que revelaba detalles de otras vidas pasadas donde hab\u00eda sido un sacerdote egipcio, y hasta una prostituta de la corte de Luis XV.<\/p>\n<p>El libro se convirti\u00f3 en todo un \u00e9xito de ventas en Francia, pa\u00eds donde resid\u00eda, y alrededor del mundo, superando las expectativas del dise\u00f1ador.<\/p>\n<p>Diez a\u00f1os despu\u00e9s, escribi\u00f3 el libro \u2018<strong><em>El fin de los <\/em><\/strong><strong><em>tiempos<\/em><\/strong>\u2019, donde escribir\u00eda una serie de profec\u00edas en las que aseguraba que la Tercera Guerra Mundial estaba cerca, y que se desatar\u00eda por motivos religiosos, sobre todo por el Islam.<\/p>\n<p>Su retiro del mundo de la moda tambi\u00e9n tuvo que ver con lo esot\u00e9rico, aseguraba que la estaci\u00f3n rusa Mir caer\u00eda sobre Par\u00eds, influenciado por las profec\u00edas de Nostradamus.<\/p>\n<\/div>\n\n<p><em> &#8221; Fuentes www.eres.com.mx &#8221; <\/em><\/p>\n","protected":false},"excerpt":{"rendered":"<p>Paco Rabanne es uno de los dise\u00f1adores m\u00e1s famosos del mundo, y mientras constru\u00eda su imperio, el dise\u00f1ador espa\u00f1ol tambi\u00e9n ten\u00eda contacto con lo esot\u00e9rico, experimentando a lo largo de su vida una serie de eventos paranormales. Te interesa: El legado de Paco Rabanne: el ic\u00f3nico dise\u00f1ador espa\u00f1ol muere a los 88 a\u00f1os \u00bfQui\u00e9n es [&hellip;]<\/p>\n","protected":false},"author":4,"featured_media":480983,"comment_status":"open","ping_status":"closed","sticky":false,"template":"","format":"standard","meta":{"om_disable_all_campaigns":false,"jnews-multi-image_gallery":[],"jnews_single_post":[],"jnews_primary_category":[],"jnews_social_meta":[],"footnotes":""},"categories":[144872],"tags":[62908],"class_list":["post-480982","post","type-post","status-publish","format-standard","has-post-thumbnail","hentry","category-fashion","tag-paco-rabanne"],"_links":{"self":[{"href":"https:\/\/dimensionturistica.com\/es\/wp-json\/wp\/v2\/posts\/480982","targetHints":{"allow":["GET"]}}],"collection":[{"href":"https:\/\/dimensionturistica.com\/es\/wp-json\/wp\/v2\/posts"}],"about":[{"href":"https:\/\/dimensionturistica.com\/es\/wp-json\/wp\/v2\/types\/post"}],"author":[{"embeddable":true,"href":"https:\/\/dimensionturistica.com\/es\/wp-json\/wp\/v2\/users\/4"}],"replies":[{"embeddable":true,"href":"https:\/\/dimensionturistica.com\/es\/wp-json\/wp\/v2\/comments?post=480982"}],"version-history":[{"count":0,"href":"https:\/\/dimensionturistica.com\/es\/wp-json\/wp\/v2\/posts\/480982\/revisions"}],"wp:featuredmedia":[{"embeddable":true,"href":"https:\/\/dimensionturistica.com\/es\/wp-json\/wp\/v2\/media\/480983"}],"wp:attachment":[{"href":"https:\/\/dimensionturistica.com\/es\/wp-json\/wp\/v2\/media?parent=480982"}],"wp:term":[{"taxonomy":"category","embeddable":true,"href":"https:\/\/dimensionturistica.com\/es\/wp-json\/wp\/v2\/categories?post=480982"},{"taxonomy":"post_tag","embeddable":true,"href":"https:\/\/dimensionturistica.com\/es\/wp-json\/wp\/v2\/tags?post=480982"}],"curies":[{"name":"wp","href":"https:\/\/api.w.org\/{rel}","templated":true}]}}