{"id":480822,"date":"2023-02-06T04:01:59","date_gmt":"2023-02-06T04:01:59","guid":{"rendered":"https:\/\/dimensionturistica.com\/es\/?p=480822"},"modified":"2023-02-06T04:01:59","modified_gmt":"2023-02-06T04:01:59","slug":"transporte-gratis-en-trenes-y-buses-del-sur-de-california-este-sabado-telemundo-52","status":"publish","type":"post","link":"https:\/\/dimensionturistica.com\/es\/transporte-gratis-en-trenes-y-buses-del-sur-de-california-este-sabado-telemundo-52\/","title":{"rendered":"Transporte gratis en trenes y buses del sur de California este s\u00e1bado \u2013 Telemundo 52"},"content":{"rendered":"<p> <br \/>\n<\/p>\n<div data-amp-bind-class=\"'article-content rich-text ' + visible ? 'not-cropped' : 'cropped'\" i-amphtml-binding=\"\">\n<p>Metro y otras agencias de tr\u00e1nsito en el sur de California ofrecer\u00e1n viajes free of charge el s\u00e1bado para celebrar el <a rel=\"nofollow noopener\" target=\"_blank\" href=\"https:\/\/elpasajero.metro.net\/2023\/01\/25\/por-que-estamos-ofreciendo-viajes-gratis-en-el-dia-de-la-equidad-en-el-transporte-el-sabado-4-de-febrero\/\"><strong>D\u00eda de la Equidad en el Tr\u00e1nsito<\/strong><\/a>, anunciaron funcionarios el jueves.<\/p>\n<p><a rel=\"nofollow noopener\" target=\"_blank\" href=\"https:\/\/metrolinktrains.com\/ticketsOverview\/discounts\/current-promotions\/transit-equity-day\/?epsremainingpath=transit-equity-day\"><strong>Metrolink<\/strong><\/a> y la <a rel=\"nofollow noopener\" target=\"_blank\" href=\"https:\/\/www.gosbcta.com\/commuter-services\/public-transportation-providers\/\"><strong>Autoridad de Transporte del Condado de San Bernardino<\/strong><\/a> (SBCTA) y la <a rel=\"nofollow noopener\" target=\"_blank\" href=\"https:\/\/octa.net\/Bus\/Transit_Equity_Day_2023_Spanish\/\"><strong>Autoridad de Transporte del Condado de Orange<\/strong><\/a> (OCTA)\u00a0 tambi\u00e9n participar\u00e1n proporcionando tarifas gratuitas.<\/p>\n<p>Las agencias celebrar\u00e1n el sexto D\u00eda Anual de la Equidad en el Tr\u00e1nsito, que honra al \u00edcono de los derechos civiles Rosa Parks.<\/p>\n<p><amp-iframe width=\"200\" height=\"100\" sandbox=\"allow-scripts allow-same-origin\" layout=\"responsive\" frameborder=\"0\" src=\"https:\/\/www.nbcnewyork.com\/video-layout\/amp_video\/?noid=1:21:2341783&amp;ssid=tlmd_kvea_noticias_local&amp;callletters=KVEA&amp;sitekey=tlmd-la&amp;brand=telemundo&amp;url=https:\/\/www.telemundo52.com\/noticias\/local\/transporte-gratis-sur-california-sabado-4-febrero\/2369788&amp;c4=TELEMUNDO%2052&amp;cid=10212369788\" class=\"i-amphtml-layout-responsive i-amphtml-layout-size-defined\" i-amphtml-layout=\"responsive\"><i-amphtml-sizer slot=\"i-amphtml-svc\" style=\"display:block;padding-top:50%\"\/><br \/>\n\t\t\t<amp-img layout=\"fill\" src=\"https:\/\/media.telemundo52.com\/2019\/11\/19496278217-1080pnbcstations.jpg?quality=85&amp;strip=all\" placeholder=\"\" class=\"i-amphtml-layout-fill i-amphtml-layout-size-defined\" i-amphtml-layout=\"fill\"\/><br \/>\n\t\t<\/amp-iframe><\/p>\n<p>Alegan no sentirse seguros al viajar en ese sistema de transporte p\u00fablico.<\/p>\n<p>\u201cAl facilitar el acceso al trabajo, la escuela, las compras y otros destinos importantes, podemos tener un gran impacto en la vida de las personas y ayudarlas a alcanzar sus sue\u00f1os\u201d, dijo Ara Najarian, presidente de la junta directiva de Metro.\u00a0<\/p>\n<p>\u201cEn el esp\u00edritu del legado de Rosa Parks, Metro ahora est\u00e1 trabajando para hacer que el transporte p\u00fablico sea m\u00e1s econ\u00f3mico y accesible todos los d\u00edas para nuestros usuarios de transporte diario m\u00e1s desfavorecidos\u201d.<\/p>\n<p>Los servicios de autobuses, trenes y bicicletas p\u00fablicas de Metro ser\u00e1n gratuitos el s\u00e1bado.<\/p>\n<p>Las personas tambi\u00e9n pueden canjear un viaje free of charge de 30 minutos en Metro Bike Share seleccionando &#8220;1-Ride&#8221; en los quioscos y usando el c\u00f3digo 020423.<\/p>\n<p>La supervisora del condado de Los \u00c1ngeles, Holly Mitchell, quien tambi\u00e9n forma parte de la junta de Metro, dijo que el D\u00eda de la Equidad en el Tr\u00e1nsito es un recordatorio de la \u201cdesafortunada historia de racismo y clasismo\u201d del tr\u00e1nsito, junto con lo que Metro debe esforzarse por ser: \u201cseguro, limpio, fiable y asequible\u201d.<\/p>\n<p>\u201cMe comprometo a lograr un sistema de Metro que no imponga una carga de costos desproporcionada a nuestras poblaciones m\u00e1s necesitadas y a crear un ecosistema de tr\u00e1nsito que sirva a todos los angelinos\u201d, dijo Mitchell.<\/p>\n<\/p><\/div>\n\n<p><em> &#8221; Fuentes www.telemundo52.com &#8221; <\/em><\/p>\n","protected":false},"excerpt":{"rendered":"<p>Metro y otras agencias de tr\u00e1nsito en el sur de California ofrecer\u00e1n viajes free of charge el s\u00e1bado para celebrar el D\u00eda de la Equidad en el Tr\u00e1nsito, anunciaron funcionarios el jueves. Metrolink y la Autoridad de Transporte del Condado de San Bernardino (SBCTA) y la Autoridad de Transporte del Condado de Orange (OCTA)\u00a0 tambi\u00e9n [&hellip;]<\/p>\n","protected":false},"author":4,"featured_media":398469,"comment_status":"open","ping_status":"closed","sticky":false,"template":"","format":"standard","meta":{"om_disable_all_campaigns":false,"jnews-multi-image_gallery":[],"jnews_single_post":[],"jnews_primary_category":[],"jnews_social_meta":[],"footnotes":""},"categories":[40],"tags":[4821],"class_list":["post-480822","post","type-post","status-publish","format-standard","has-post-thumbnail","hentry","category-industria","tag-los-angeles"],"_links":{"self":[{"href":"https:\/\/dimensionturistica.com\/es\/wp-json\/wp\/v2\/posts\/480822","targetHints":{"allow":["GET"]}}],"collection":[{"href":"https:\/\/dimensionturistica.com\/es\/wp-json\/wp\/v2\/posts"}],"about":[{"href":"https:\/\/dimensionturistica.com\/es\/wp-json\/wp\/v2\/types\/post"}],"author":[{"embeddable":true,"href":"https:\/\/dimensionturistica.com\/es\/wp-json\/wp\/v2\/users\/4"}],"replies":[{"embeddable":true,"href":"https:\/\/dimensionturistica.com\/es\/wp-json\/wp\/v2\/comments?post=480822"}],"version-history":[{"count":0,"href":"https:\/\/dimensionturistica.com\/es\/wp-json\/wp\/v2\/posts\/480822\/revisions"}],"wp:featuredmedia":[{"embeddable":true,"href":"https:\/\/dimensionturistica.com\/es\/wp-json\/wp\/v2\/media\/398469"}],"wp:attachment":[{"href":"https:\/\/dimensionturistica.com\/es\/wp-json\/wp\/v2\/media?parent=480822"}],"wp:term":[{"taxonomy":"category","embeddable":true,"href":"https:\/\/dimensionturistica.com\/es\/wp-json\/wp\/v2\/categories?post=480822"},{"taxonomy":"post_tag","embeddable":true,"href":"https:\/\/dimensionturistica.com\/es\/wp-json\/wp\/v2\/tags?post=480822"}],"curies":[{"name":"wp","href":"https:\/\/api.w.org\/{rel}","templated":true}]}}