{"id":480737,"date":"2023-02-06T02:55:11","date_gmt":"2023-02-06T02:55:11","guid":{"rendered":"https:\/\/dimensionturistica.com\/es\/?p=480737"},"modified":"2023-02-06T02:55:11","modified_gmt":"2023-02-06T02:55:11","slug":"vicky-foods-premia-un-proyecto-que-abunda-en-una-nutricion-saludable-y-sostenible-en-bolleria","status":"publish","type":"post","link":"https:\/\/dimensionturistica.com\/es\/vicky-foods-premia-un-proyecto-que-abunda-en-una-nutricion-saludable-y-sostenible-en-bolleria\/","title":{"rendered":"Vicky Foods premia un proyecto que abunda en una nutrici\u00f3n saludable y sostenible en boller\u00eda"},"content":{"rendered":"<p> <br \/>\n<\/p>\n<div>\n<p><img decoding=\"async\" alt=\"[Img #69711]\" class=\"RichTextAlignLeft\" src=\"https:\/\/saforguia.com\/upload\/images\/02_2023\/9203_image001.jpg\"\/><\/p>\n<p>\u00a0<\/p>\n<p>La Fundaci\u00f3n Vicky Meals y el Centro de Innovaci\u00f3n en Nutrici\u00f3n y Salud de la compa\u00f1\u00eda (CINS) celebr\u00f3 el jueves el acto de entrega del premio \u201cFundaci\u00f3n Vicky Foods a la investigaci\u00f3n en nutrici\u00f3n y salud\u201d que este a\u00f1o cumple su segunda edici\u00f3n. Con este galard\u00f3n el \u201cholding\u201d internacional de alimentaci\u00f3n busca reconocer la labor de la investigaci\u00f3n y su desarrollo en el campo de la innovaci\u00f3n tecnol\u00f3gica para la producci\u00f3n y aprovechamiento de productos, de la mejora del perfil nutricional, de los proyectos \u201cClean label\u201d, los alimentos funcionales y la alimentaci\u00f3n personalizada, seg\u00fan informaron fuentes de la compa\u00f1\u00eda.\u00a0<\/p>\n<p>\u00a0<\/p>\n<p>El proyecto ganador, que cuenta con una dotaci\u00f3n econ\u00f3mica de 10.000 euros, ha ido destinado al trabajo de investigaci\u00f3n \u201cReformulaci\u00f3n de productos de boller\u00eda\/pasteler\u00eda m\u00e1s saludables y sostenibles\u201d elaborado por la ingeniera en Agroindustria Alimentaria, Katherine Guti\u00e9rrez Luna en la Universidad de Navarra.<\/p>\n<p>\u00a0<\/p>\n<p>Rafael Juan, CEO de Vicky Meals afirm\u00f3 durante el evento que \u201ceste premio muestra nuestro compromiso con la investigaci\u00f3n en productos, t\u00e9cnicas y procesos que aporten innovaci\u00f3n al sector de la alimentaci\u00f3n y la salud, y constituye un reconocimiento a la labor de investigadores que con sus trabajos o proyectos permiten descubrir nuevos conocimientos y una superior comprensi\u00f3n en el \u00e1mbito cient\u00edfico y tecnol\u00f3gico\u201d.<\/p>\n<p>\u00a0<\/p>\n<p>El evento, que tuvo lugar en el Centro de Innovaci\u00f3n de Vicky Meals, ubicado dentro del complejo de la compa\u00f1\u00eda en Villalonga, cont\u00f3 con la presencia de varias autoridades, entre ellas Isaura Navarro, consellera de Agricultura, Desarrollo Rural, Emergencia Clim\u00e1tica y Transici\u00f3n Ecol\u00f3gica.\u00a0<\/p>\n<p>\u00a0<\/p>\n<p>Navarro destac\u00f3 la capacidad del tejido empresarial valenciano para &#8220;adaptarse a una industria que necesariamente tiene que apostar por la sostenibilidad y la salud en la producci\u00f3n de alimentos, al mismo tiempo que ayude a modelos que primen el cuidado del planeta y a la lucha contra la obesidad&#8221;. Navarro tambi\u00e9n puso en valor \u201cla importancia de la innovaci\u00f3n tecnol\u00f3gica y la investigaci\u00f3n para seguir desarrollando modelos de producci\u00f3n m\u00e1s responsables con el medio ambiente\u201d.<\/p>\n<\/div>\n\n<p><em> \u2018 The preceding article may include information circulated by third parties \u2019 <\/em><\/p>\n<p><em> \u2018 Some details of this article were extracted from the following source saforguia.com \u2019 <\/em><\/p>\n","protected":false},"excerpt":{"rendered":"<p>\u00a0 La Fundaci\u00f3n Vicky Meals y el Centro de Innovaci\u00f3n en Nutrici\u00f3n y Salud de la compa\u00f1\u00eda (CINS) celebr\u00f3 el jueves el acto de entrega del premio \u201cFundaci\u00f3n Vicky Foods a la investigaci\u00f3n en nutrici\u00f3n y salud\u201d que este a\u00f1o cumple su segunda edici\u00f3n. Con este galard\u00f3n el \u201cholding\u201d internacional de alimentaci\u00f3n busca reconocer la [&hellip;]<\/p>\n","protected":false},"author":2,"featured_media":480738,"comment_status":"open","ping_status":"closed","sticky":false,"template":"","format":"standard","meta":{"om_disable_all_campaigns":false,"jnews-multi-image_gallery":[],"jnews_single_post":[],"jnews_primary_category":[],"jnews_social_meta":[],"footnotes":""},"categories":[43],"tags":[46742],"class_list":["post-480737","post","type-post","status-publish","format-standard","has-post-thumbnail","hentry","category-gourmet","tag-vicky-foods-premio-nutricion"],"_links":{"self":[{"href":"https:\/\/dimensionturistica.com\/es\/wp-json\/wp\/v2\/posts\/480737","targetHints":{"allow":["GET"]}}],"collection":[{"href":"https:\/\/dimensionturistica.com\/es\/wp-json\/wp\/v2\/posts"}],"about":[{"href":"https:\/\/dimensionturistica.com\/es\/wp-json\/wp\/v2\/types\/post"}],"author":[{"embeddable":true,"href":"https:\/\/dimensionturistica.com\/es\/wp-json\/wp\/v2\/users\/2"}],"replies":[{"embeddable":true,"href":"https:\/\/dimensionturistica.com\/es\/wp-json\/wp\/v2\/comments?post=480737"}],"version-history":[{"count":0,"href":"https:\/\/dimensionturistica.com\/es\/wp-json\/wp\/v2\/posts\/480737\/revisions"}],"wp:featuredmedia":[{"embeddable":true,"href":"https:\/\/dimensionturistica.com\/es\/wp-json\/wp\/v2\/media\/480738"}],"wp:attachment":[{"href":"https:\/\/dimensionturistica.com\/es\/wp-json\/wp\/v2\/media?parent=480737"}],"wp:term":[{"taxonomy":"category","embeddable":true,"href":"https:\/\/dimensionturistica.com\/es\/wp-json\/wp\/v2\/categories?post=480737"},{"taxonomy":"post_tag","embeddable":true,"href":"https:\/\/dimensionturistica.com\/es\/wp-json\/wp\/v2\/tags?post=480737"}],"curies":[{"name":"wp","href":"https:\/\/api.w.org\/{rel}","templated":true}]}}