{"id":480165,"date":"2023-02-02T15:33:28","date_gmt":"2023-02-02T15:33:28","guid":{"rendered":"https:\/\/dimensionturistica.com\/es\/?p=480165"},"modified":"2023-02-02T15:33:29","modified_gmt":"2023-02-02T15:33:29","slug":"vinales-tours-con-buenas-expectativas-para-el-turismo-en-cuba-este-ano","status":"publish","type":"post","link":"https:\/\/dimensionturistica.com\/es\/vinales-tours-con-buenas-expectativas-para-el-turismo-en-cuba-este-ano\/","title":{"rendered":"Vi\u00f1ales Tours con buenas expectativas para el turismo en Cuba este a\u00f1o"},"content":{"rendered":"<p> <br \/>\n<\/p>\n<div property=\"schema:text\">\n<p><span><span><span>Jos\u00e9 Manuel Covarrubias, gerente common de <strong>Vi\u00f1ales Excursions<\/strong>, ve con buenos ojos este 2023 en cuanto a los viajes a <strong>Cuba,<\/strong> destino que comercializa hace 43 a\u00f1os.<\/span><\/span><\/span><\/p>\n<p><span><span><span>\u201cHemos tenido que modificar muchas cosas pero\u00a0lo principal es nuestro compromiso con los viajeros y los\u00a0agentes de viajes. Estamos satisfechos con lo que sabemos que podemos ofrecer este a\u00f1o\u201d, dijo el directivo en entrevista con La Agencia de Viajes M\u00e9xico.<\/span><\/span><\/span><\/p>\n<p><span><span><span>Covarrubias destac\u00f3 las ofertas de Vi\u00f1ales Excursions con paquetes todo incluido que incluyen boletos a\u00e9reos, lodge, traslados y seguro de asistencia; as\u00ed como circuitos para estancias de poco m\u00e1s de una semana.<\/span><\/span><\/span><\/p>\n<p><span><span><span>Subray\u00f3 luego que Cuba es un destino id\u00f3neo para grupos de incentivo\u00a0por la seguridad en sus playas y ciudades.<\/span><\/span><\/span><\/p>\n<p><span><span><span>Sobre la propuesta de alojamiento, el directivo se refiri\u00f3 a la presencia de marcas como\u00a0Iberostar,\u00a0Blue Diamond Resort,\u00a0Meli\u00e1\u00a0y\u00a0NH,\u00a0entre otras, as\u00ed como de cadenas hoteleras de Cuba, lo que permite al pasajero elegir entre una amplia variedad de propiedades y presupuestos.<\/span><\/span><\/span><\/p>\n<p><span><span><span>Ponder\u00f3, por otro lado, la recuperaci\u00f3n de los viajes a Cuba tras la reanudaci\u00f3n de los vuelos regulares a la Mayor de las Antillas por parte de Aerom\u00e9xico.<\/span><\/span><\/span><\/p>\n<p><span><span><span>\u00a0\u201cEl acuerdo comercial que tenemos con Aerom\u00e9xico es muy similar al que ten\u00edamos previo a la pandemia, por lo que tenemos buenas condiciones\u201d, dijo al citado medio.<\/span><\/span><\/span><\/p>\n<p><span><span><span>Sobre los\u00a0requisitos de ingreso a Cuba, Covarrubias explic\u00f3 que basta con llenar el formulario digital\u00a0D\u2019Viajeros, al tiempo que record\u00f3 que ya no es necesario presentar certificado de vacunaci\u00f3n ni pruebas negativas de Covid-19.<\/span><\/span><\/span><\/p>\n<\/div>\n\n<p><em> &#8221; Fuentes news.google.com &#8221; <\/em><\/p>\n","protected":false},"excerpt":{"rendered":"<p>Jos\u00e9 Manuel Covarrubias, gerente common de Vi\u00f1ales Excursions, ve con buenos ojos este 2023 en cuanto a los viajes a Cuba, destino que comercializa hace 43 a\u00f1os. \u201cHemos tenido que modificar muchas cosas pero\u00a0lo principal es nuestro compromiso con los viajeros y los\u00a0agentes de viajes. Estamos satisfechos con lo que sabemos que podemos ofrecer este [&hellip;]<\/p>\n","protected":false},"author":4,"featured_media":0,"comment_status":"open","ping_status":"closed","sticky":false,"template":"","format":"standard","meta":{"om_disable_all_campaigns":false,"jnews-multi-image_gallery":[],"jnews_single_post":[],"jnews_primary_category":[],"jnews_social_meta":[],"footnotes":""},"categories":[40],"tags":[956,769,705,544,47830],"class_list":["post-480165","post","type-post","status-publish","format-standard","hentry","category-industria","tag-cuba","tag-mexico","tag-noticias","tag-turismo","tag-vinales-tours"],"_links":{"self":[{"href":"https:\/\/dimensionturistica.com\/es\/wp-json\/wp\/v2\/posts\/480165","targetHints":{"allow":["GET"]}}],"collection":[{"href":"https:\/\/dimensionturistica.com\/es\/wp-json\/wp\/v2\/posts"}],"about":[{"href":"https:\/\/dimensionturistica.com\/es\/wp-json\/wp\/v2\/types\/post"}],"author":[{"embeddable":true,"href":"https:\/\/dimensionturistica.com\/es\/wp-json\/wp\/v2\/users\/4"}],"replies":[{"embeddable":true,"href":"https:\/\/dimensionturistica.com\/es\/wp-json\/wp\/v2\/comments?post=480165"}],"version-history":[{"count":0,"href":"https:\/\/dimensionturistica.com\/es\/wp-json\/wp\/v2\/posts\/480165\/revisions"}],"wp:attachment":[{"href":"https:\/\/dimensionturistica.com\/es\/wp-json\/wp\/v2\/media?parent=480165"}],"wp:term":[{"taxonomy":"category","embeddable":true,"href":"https:\/\/dimensionturistica.com\/es\/wp-json\/wp\/v2\/categories?post=480165"},{"taxonomy":"post_tag","embeddable":true,"href":"https:\/\/dimensionturistica.com\/es\/wp-json\/wp\/v2\/tags?post=480165"}],"curies":[{"name":"wp","href":"https:\/\/api.w.org\/{rel}","templated":true}]}}