{"id":477832,"date":"2023-01-30T15:50:30","date_gmt":"2023-01-30T15:50:30","guid":{"rendered":"https:\/\/dimensionturistica.com\/es\/?p=477832"},"modified":"2023-01-30T15:50:31","modified_gmt":"2023-01-30T15:50:31","slug":"el-numero-de-cruceristas-llegados-a-baleares-en-2022-un-35-por-debajo-de","status":"publish","type":"post","link":"https:\/\/dimensionturistica.com\/es\/el-numero-de-cruceristas-llegados-a-baleares-en-2022-un-35-por-debajo-de\/","title":{"rendered":"El n\u00famero de cruceristas llegados a Baleares en 2022, un 35% por debajo de&#8230;"},"content":{"rendered":"<p> <br \/>\n<\/p>\n<div>\n<p><strong>Los puertos de inter\u00e9s basic de Baleares han registrado 8.729.737 pasajeros entre los de transporte mar\u00edtimo convencional y los de cruceros en 2022, un 45,2 % m\u00e1s que en 2021, pero un 8,3 % menos que los 9,5 millones de 2019,<\/strong> antes de la pandemia.<br \/>\u00a0<\/p>\n<p><strong>S\u00f3lo en los cruceros, han llegado a Baleares 1.727.476 personas en 2022, un 400,5 % m\u00e1s que en 2021, seg\u00fan los datos provisionales publicados este lunes por Puertos del Estado. Son un 35,1% menos que los 2,6 millones de 2019.<\/strong><br \/>\u00a0<\/p>\n<div class=\"ad-slot oat oat-visible oat-top \" data-mark=\"Publicidad\" style=\"height: 265px;\"><a rel=\"nofollow noopener\" target=\"_blank\" href=\"https:\/\/www.economiademallorca.com\/ads\/20230125115849078413\" title=\"Publicidad 78413\"> <img loading=\"lazy\" decoding=\"async\" src=\"https:\/\/news.google.com\/media\/economiademallorca\/images\/2023\/01\/25\/2023012511573751155.gif\" alt=\"Publicidad 78413\" width=\"300\" height=\"250\" class=\"lazyload\"  \/> <\/a><\/div>\n<p><strong>Los cruceros arribados a Baleares en 2022 han sido 715, un 214,9% m\u00e1s que el a\u00f1o anterior, y un 12,8% menos que en 2019.<\/strong><br \/>\u00a0<\/p>\n<div class=\"ad-slot oat oat-visible oat-top \" data-mark=\"Publicidad\" style=\"height: 265px;\"><a rel=\"nofollow noopener\" target=\"_blank\" href=\"https:\/\/www.economiademallorca.com\/ads\/20220904182621073200\" title=\"Publicidad 73200\"> <img loading=\"lazy\" decoding=\"async\" src=\"https:\/\/news.google.com\/media\/economiademallorca\/images\/2023\/01\/23\/2023012319425259999.gif\" alt=\"Publicidad 73200\" width=\"320\" height=\"250\" class=\"lazyload\"  \/> <\/a><\/div>\n<p>Las descargas de pesca han sido de 1.677 toneladas en 2022, un 20,6 % menos que el a\u00f1o anterior.<br \/>\u00a0<\/p>\n<div class=\"ad-slot oat oat-visible oat-top \" data-mark=\"Publicidad\" style=\"height: 265px;\"><a rel=\"nofollow noopener\" target=\"_blank\" href=\"https:\/\/www.economiademallorca.com\/ads\/20221222180810077387\" title=\"Publicidad 77387\"> <img loading=\"lazy\" decoding=\"async\" src=\"https:\/\/news.google.com\/media\/economiademallorca\/images\/2022\/12\/22\/2022122218073561670.jpg\" alt=\"Publicidad 77387\" width=\"300\" height=\"250\" class=\"lazyload\"  \/> <\/a><\/div>\n<p>En cuanto al tr\u00e1fico de mercanc\u00edas, por los puertos de Baleares han pasado 15.487.048 toneladas entre enero y diciembre de 2022, un 12,4% m\u00e1s que el a\u00f1o anterior, pero un 7,8% por debajo de 2019, antes de la pandemia.<br \/>\u00a0<\/p>\n<div class=\"ad-slot oat oat-visible oat-top \" data-mark=\"Publicidad\" style=\"height: 265px;\"><a rel=\"nofollow noopener\" target=\"_blank\" href=\"https:\/\/www.economiademallorca.com\/ads\/20221213130939077050\" title=\"Publicidad 77050\"> <img loading=\"lazy\" decoding=\"async\" src=\"https:\/\/news.google.com\/media\/economiademallorca\/images\/2022\/12\/28\/2022122819104232252.jpg\" alt=\"Publicidad 77050\" width=\"300\" height=\"250\" class=\"lazyload\"  \/> <\/a><\/div>\n<p>Los datos provisionales del cierre de los tr\u00e1ficos de 2022 de los 46 puertos de inter\u00e9s basic del Estado, que coordina Puertos del Estado, registran 563.373.981 toneladas, lo que representa un incremento del 3,5% respecto a las 544.419.737 toneladas movidas en 2021.<br \/>\u00a0<\/p>\n<div class=\"ad-slot oat oat-visible oat-top \" data-mark=\"Publicidad\" style=\"height: 265px;\"><a rel=\"nofollow noopener\" target=\"_blank\" href=\"https:\/\/www.economiademallorca.com\/ads\/20220721095950071876\" title=\"Publicidad 71876\"> <img loading=\"lazy\" decoding=\"async\" src=\"https:\/\/news.google.com\/media\/economiademallorca\/images\/2022\/07\/21\/2022072109584359727.gif\" alt=\"Publicidad 71876\" width=\"300\" height=\"250\" class=\"lazyload\"  \/> <\/a><\/div>\n<p>El tr\u00e1fico de pasajeros, que result\u00f3 el m\u00e1s afectado en los a\u00f1os 2020 y 2021, contin\u00faa recuper\u00e1ndose y creciendo, con un complete de 32,9 millones de pasajeros, tanto de cruceros como de l\u00ednea common, y un incremento del 83,2% respecto al a\u00f1o anterior. Adem\u00e1s, se ha registrado un r\u00e9cord en n\u00famero de escalas de crucero, con 4.525 (115,1% m\u00e1s), superando las cifras de 2019.<br \/>\u00a0<\/p>\n<p><iframe loading=\"lazy\" src=\"https:\/\/ad.doubleclick.net\/ddm\/adi\/N99002.2495713ECONOMIADEMALLORCA\/B29028818.354849415;sz=300x600;ord=[timestamp];dc_lat=;dc_rdid=;tag_for_child_directed_treatment=;tfua=;gdpr=${GDPR};gdpr_consent=${GDPR_CONSENT_755}?\" width=\"300\" height=\"600\" marginwidth=\"0\" marginheight=\"0\" hspace=\"0\" vspace=\"0\" frameborder=\"0\" scrolling=\"no\" bordercolor=\"#000000\">&#13;<br \/>\n<script language=\"JavaScript1.1\" src=\"https:\/\/ad.doubleclick.net\/ddm\/adj\/N99002.2495713ECONOMIADEMALLORCA\/B29028818.354849415;abr=!ie;sz=300x600;ord=[timestamp];dc_lat=;dc_rdid=;tag_for_child_directed_treatment=;tfua=;gdpr=${GDPR};gdpr_consent=${GDPR_CONSENT_755}?\"><![CDATA[\n]]><\/script>&#13;<br \/>\n<\/iframe><\/p>\n<p>El tr\u00e1fico de pasajeros de cruceros aument\u00f3 un 267,3%, con 8,2 millones de cruceristas, recortando distancias con los 10,7 millones del r\u00e9cord hist\u00f3rico de 2019.<\/p>\n<p>Asimismo, Puertos del Estado destaca los incrementos del tr\u00e1fico de inside (41,1%); de los autom\u00f3viles en r\u00e9gimen de pasaje (53,6%); del avituallamiento de combustibles l\u00edquidos (20,3%); y de las unidades de arqueo bruto de buques mercantes (24,5%), superando todos ellos los datos registrados en 2019.<\/p>\n<div class=\"ad-slot oat oat-visible oat-top \" data-mark=\"Publicidad\" style=\"height: 315px;\"><a rel=\"nofollow noopener\" target=\"_blank\" href=\"https:\/\/www.economiademallorca.com\/ads\/20220715092350068494\" title=\"Publicidad 68494\"> <img loading=\"lazy\" decoding=\"async\" src=\"https:\/\/news.google.com\/media\/economiademallorca\/images\/2022\/07\/15\/2022071509205974605.gif\" alt=\"Publicidad 68494\" width=\"300\" height=\"250\" class=\"lazyload\"  \/> <\/a><\/div>\n<\/div>\n\n<p><em> &#8221; Fuentes news.google.com &#8221; <\/em><\/p>\n","protected":false},"excerpt":{"rendered":"<p>Los puertos de inter\u00e9s basic de Baleares han registrado 8.729.737 pasajeros entre los de transporte mar\u00edtimo convencional y los de cruceros en 2022, un 45,2 % m\u00e1s que en 2021, pero un 8,3 % menos que los 9,5 millones de 2019, antes de la pandemia.\u00a0 S\u00f3lo en los cruceros, han llegado a Baleares 1.727.476 personas [&hellip;]<\/p>\n","protected":false},"author":4,"featured_media":477833,"comment_status":"open","ping_status":"closed","sticky":false,"template":"","format":"standard","meta":{"om_disable_all_campaigns":false,"jnews-multi-image_gallery":[],"jnews_single_post":[],"jnews_primary_category":[],"jnews_social_meta":[],"footnotes":""},"categories":[41],"tags":[653],"class_list":["post-477832","post","type-post","status-publish","format-standard","has-post-thumbnail","hentry","category-cruceros","tag-transporte"],"_links":{"self":[{"href":"https:\/\/dimensionturistica.com\/es\/wp-json\/wp\/v2\/posts\/477832","targetHints":{"allow":["GET"]}}],"collection":[{"href":"https:\/\/dimensionturistica.com\/es\/wp-json\/wp\/v2\/posts"}],"about":[{"href":"https:\/\/dimensionturistica.com\/es\/wp-json\/wp\/v2\/types\/post"}],"author":[{"embeddable":true,"href":"https:\/\/dimensionturistica.com\/es\/wp-json\/wp\/v2\/users\/4"}],"replies":[{"embeddable":true,"href":"https:\/\/dimensionturistica.com\/es\/wp-json\/wp\/v2\/comments?post=477832"}],"version-history":[{"count":0,"href":"https:\/\/dimensionturistica.com\/es\/wp-json\/wp\/v2\/posts\/477832\/revisions"}],"wp:featuredmedia":[{"embeddable":true,"href":"https:\/\/dimensionturistica.com\/es\/wp-json\/wp\/v2\/media\/477833"}],"wp:attachment":[{"href":"https:\/\/dimensionturistica.com\/es\/wp-json\/wp\/v2\/media?parent=477832"}],"wp:term":[{"taxonomy":"category","embeddable":true,"href":"https:\/\/dimensionturistica.com\/es\/wp-json\/wp\/v2\/categories?post=477832"},{"taxonomy":"post_tag","embeddable":true,"href":"https:\/\/dimensionturistica.com\/es\/wp-json\/wp\/v2\/tags?post=477832"}],"curies":[{"name":"wp","href":"https:\/\/api.w.org\/{rel}","templated":true}]}}