{"id":477814,"date":"2023-01-30T15:16:25","date_gmt":"2023-01-30T15:16:25","guid":{"rendered":"https:\/\/dimensionturistica.com\/es\/?p=477814"},"modified":"2023-01-30T15:16:25","modified_gmt":"2023-01-30T15:16:25","slug":"surf-en-invierno-las-mejores-playas-para-no-perder-ola","status":"publish","type":"post","link":"https:\/\/dimensionturistica.com\/es\/surf-en-invierno-las-mejores-playas-para-no-perder-ola\/","title":{"rendered":"Surf en invierno: las mejores playas para no perder ola"},"content":{"rendered":"<p> <br \/>\n<\/p>\n<div>\n<p><strong>COSTA DE CONIL Y C\u00c1DIZ, ANDALUC\u00cdA<\/strong><\/p>\n<p>La llamada del sur siempre a\u00falla para los surfistas del norte que no pueden agarrar los b\u00e1rtulos e irse a Canarias, donde siempre es verano. <strong>Andaluc\u00eda tambi\u00e9n es una opci\u00f3n para los surfistas del inside, e incluso del Levante,<\/strong> cuando su Mediterr\u00e1neo lleva meses sin entregarles una ola decente. C\u00e1diz podr\u00eda pasar por una suerte de <strong>para\u00edso surfista<\/strong> de no ser por la regularidad de sus olas. Desde diciembre a marzo, el surf est\u00e1 asegurado, pero <strong>la primavera y el verano suelen entregar una sucesi\u00f3n de mares platos.<\/strong> Como hablamos de surf en invierno, <a rel=\"nofollow noopener\" target=\"_blank\" href=\"https:\/\/www.traveler.es\/naturaleza\/articulos\/mejores-playas-de-cadiz-costa-de-la-luz\/15511\"><strong>C\u00e1diz y su costa<\/strong><\/a><strong>, desde Rota hasta Tarifa,<\/strong> suponen una opci\u00f3n resguardada, con muchas opciones tanto para expertos como principiantes.<\/p>\n<p>Comenzando en la ciudad del carnaval, de la m\u00fasica, el arte y los viajeros llegados desde un lado y otro del Atl\u00e1ntico y las costas del Mediterr\u00e1neo, <strong>las playas de Santa Mar\u00eda del Mar, la Victoria y Cortadura ofrecen olas de calidad variable,<\/strong> como siempre que sucede con los fondos de area. El ba\u00f1o con sol y tortillitas de camarones despu\u00e9s de quitarnos el traje, al menos, lo tenemos asegurado. Si seguimos hacia el sur, nos encontraremos con <strong>un enorme arenal que corta el ca\u00f1o de Sancti Petri (donde tambi\u00e9n hay olas) y prosigue hasta Roche.<\/strong> En las calas de esta \u00faltima tambi\u00e9n pueden encontrarse picos entre rocas, y adem\u00e1s, los <strong>acantilados<\/strong> desv\u00edan el viento de levante que suele soplar en la costa de C\u00e1diz.\u00a0<\/p>\n<figure class=\"AssetEmbedWrapper-iKrtVW eYPQkA asset-embed\">\n<div class=\"AssetEmbedAssetContainer-fpksBS deXOlp asset-embed__asset-container\"><span class=\"SpanWrapper-kGOugJ dtBwjW responsive-asset AssetEmbedResponsiveAsset-feWtx fnHGrH asset-embed__responsive-asset\"><picture class=\"ResponsiveImagePicture-jJyKit mrcDn AssetEmbedResponsiveAsset-feWtx fnHGrH asset-embed__responsive-asset responsive-image\"><noscript><img decoding=\"async\" alt=\"Playa de Zahora\" class=\"ResponsiveImageContainer-dmlCKO hWKgYV responsive-image__image\" src=\"https:\/\/media.traveler.es\/photos\/613776678f298b3a7a5bd6e7\/master\/w_1600%2Cc_limit\/36749.jpg\" srcset=\"https:\/\/media.traveler.es\/photos\/613776678f298b3a7a5bd6e7\/master\/w_120,c_limit\/36749.jpg 120w, https:\/\/media.traveler.es\/photos\/613776678f298b3a7a5bd6e7\/master\/w_240,c_limit\/36749.jpg 240w, https:\/\/media.traveler.es\/photos\/613776678f298b3a7a5bd6e7\/master\/w_320,c_limit\/36749.jpg 320w, https:\/\/media.traveler.es\/photos\/613776678f298b3a7a5bd6e7\/master\/w_640,c_limit\/36749.jpg 640w, https:\/\/media.traveler.es\/photos\/613776678f298b3a7a5bd6e7\/master\/w_960,c_limit\/36749.jpg 960w, https:\/\/media.traveler.es\/photos\/613776678f298b3a7a5bd6e7\/master\/w_1280,c_limit\/36749.jpg 1280w, https:\/\/media.traveler.es\/photos\/613776678f298b3a7a5bd6e7\/master\/w_1600,c_limit\/36749.jpg 1600w\" sizes=\"100vw\"\/><\/noscript><\/picture><\/span><\/div>\n<p><span class=\"BaseWrap-sc-UrHlS BaseText-fFrHpW CaptionText-cOiTlR boMZdO gFejhT gsdLeN caption__text\"><em>Playa de Zahora, en Barbate, C\u00e1diz.<\/em><\/span><span class=\"BaseWrap-sc-UrHlS BaseText-fFrHpW CaptionCredit-cRZQOh boMZdO dufQWp LGmsj caption__credit\">Alamy<\/span><\/p>\n<\/figure>\n<p>Continuando hacia el sur, <a rel=\"nofollow noopener\" target=\"_blank\" href=\"https:\/\/www.traveler.es\/naturaleza\/articulos\/escapada-visitar-conil-de-la-frontera-en-cadiz-que-hacer-que-ver-atun-donde-comer\/16166\"><strong>Conil de la Frontera<\/strong><\/a> <strong>posee en su haber la playa del Palmar, archiconocida,<\/strong> pero no por ello la mejor de las opciones, aunque s\u00ed la m\u00e1s expuesta tanto a las diferentes marejadas como a la afluencia de surfistas. Tambi\u00e9n las olas que rodean el cabo Trafalgar son frecuentadas, tanto las potentes orilleras buscadas por los practicantes de\u00a0<em>bodyboard<\/em>, como <strong>las olas suaves que se forman en los Ca\u00f1os de Meca.<\/strong> Sobre la area de la misma playa de Ca\u00f1os podremos comer de vicio en\u00a0<a rel=\"nofollow noopener\" target=\"_blank\" data-offer-url=\"https:\/\/www.barlasdunas.es\/\" class=\"external-link\" data-event-click=\"{&quot;element&quot;:&quot;ExternalLink&quot;,&quot;outgoingURL&quot;:&quot;https:\/\/www.barlasdunas.es\/&quot;}\" href=\"https:\/\/www.barlasdunas.es\/\"><strong>Las Dunas<\/strong><\/a><strong>,<\/strong> en un native que homenajea a la arquitectura tradicional de la costa gaditana, con <strong>gruesos muros de piedra negra para alejar el calor,<\/strong> y techumbres de paja que permit\u00edan round el aire del inside.\u00a0<\/p>\n<h3><a rel=\"nofollow noopener\" target=\"_blank\" href=\"https:\/\/www.traveler.es\/naturaleza\/galerias\/las-mejores-playas-de-cadiz\/567\">Ver fotos: las mejores playas de C\u00e1diz<\/a><\/h3>\n<p>Los expertos que busquen sacar <strong>el mayor potencial a esta costa<\/strong> deber\u00e1n esperar una marejada en condiciones y aparcar <strong>en el puerto de<\/strong> <a rel=\"nofollow noopener\" target=\"_blank\" href=\"https:\/\/www.traveler.es\/naturaleza\/articulos\/guia-de-barbate-en-cadiz-que-ver-que-hacer-donde-comer\/21188\"><strong>Barbate<\/strong><\/a> <strong>para caminar<\/strong> veinte minutos hacia Hierbabuena, una larga derecha que rompe bajo el cabo de <strong>Punta Paloma<\/strong>. Siempre respetando a una comunidad de locales que a menudo acostumbran a ver situaciones peligrosas en el agua causadas por <strong>surfistas que no conocen el entorno,<\/strong> y se acercan demasiado a las rocas de sus acantilados. La pasi\u00f3n y las ganas de surfear no deben emborronar el sentido com\u00fan, y en invierno, los riesgos deben asumirse a\u00fan menos. <strong>La prudencia es la primera norma del surf, la siguiente es disfrutar de las olas<\/strong> sin poner en peligro al resto. Cuando esto est\u00e1 presente, el viaje se convierte en <strong>el<\/strong>\u00a0<em><strong>surftrip<\/strong><\/em>\u00a0<strong>perfecto.<\/strong>\u00a0<\/p>\n<h3>Ver m\u00e1s art\u00edculos<\/h3>\n<figure class=\"CneVideoEmbedFigure-bJBeHO eaCSED cne-video-embed\"\/>\n<p><a rel=\"nofollow noopener\" target=\"_blank\" href=\"https:\/\/link.traveler.es\/join\/6d9\/traveler-signup\">SUSCR\u00cdBETE AQU\u00cd a nuestra newsletter y recibe todas las novedades de Cond\u00e9 Nast Traveler #YoSoyTraveler<\/a><\/p>\n<\/div>\n\n<p><em> &#8221; Fuentes news.google.com &#8221; <\/em><\/p>\n","protected":false},"excerpt":{"rendered":"<p>COSTA DE CONIL Y C\u00c1DIZ, ANDALUC\u00cdA La llamada del sur siempre a\u00falla para los surfistas del norte que no pueden agarrar los b\u00e1rtulos e irse a Canarias, donde siempre es verano. Andaluc\u00eda tambi\u00e9n es una opci\u00f3n para los surfistas del inside, e incluso del Levante, cuando su Mediterr\u00e1neo lleva meses sin entregarles una ola decente. [&hellip;]<\/p>\n","protected":false},"author":4,"featured_media":477815,"comment_status":"open","ping_status":"closed","sticky":false,"template":"","format":"standard","meta":{"om_disable_all_campaigns":false,"jnews-multi-image_gallery":[],"jnews_single_post":[],"jnews_primary_category":[],"jnews_social_meta":[],"footnotes":""},"categories":[39],"tags":[664,3637,770,3918,6735,1511],"class_list":["post-477814","post","type-post","status-publish","format-standard","has-post-thumbnail","hentry","category-viajes","tag-deporte","tag-escapada","tag-espana","tag-francia","tag-playa","tag-portugal"],"_links":{"self":[{"href":"https:\/\/dimensionturistica.com\/es\/wp-json\/wp\/v2\/posts\/477814","targetHints":{"allow":["GET"]}}],"collection":[{"href":"https:\/\/dimensionturistica.com\/es\/wp-json\/wp\/v2\/posts"}],"about":[{"href":"https:\/\/dimensionturistica.com\/es\/wp-json\/wp\/v2\/types\/post"}],"author":[{"embeddable":true,"href":"https:\/\/dimensionturistica.com\/es\/wp-json\/wp\/v2\/users\/4"}],"replies":[{"embeddable":true,"href":"https:\/\/dimensionturistica.com\/es\/wp-json\/wp\/v2\/comments?post=477814"}],"version-history":[{"count":0,"href":"https:\/\/dimensionturistica.com\/es\/wp-json\/wp\/v2\/posts\/477814\/revisions"}],"wp:featuredmedia":[{"embeddable":true,"href":"https:\/\/dimensionturistica.com\/es\/wp-json\/wp\/v2\/media\/477815"}],"wp:attachment":[{"href":"https:\/\/dimensionturistica.com\/es\/wp-json\/wp\/v2\/media?parent=477814"}],"wp:term":[{"taxonomy":"category","embeddable":true,"href":"https:\/\/dimensionturistica.com\/es\/wp-json\/wp\/v2\/categories?post=477814"},{"taxonomy":"post_tag","embeddable":true,"href":"https:\/\/dimensionturistica.com\/es\/wp-json\/wp\/v2\/tags?post=477814"}],"curies":[{"name":"wp","href":"https:\/\/api.w.org\/{rel}","templated":true}]}}