{"id":477275,"date":"2023-01-29T16:34:02","date_gmt":"2023-01-29T16:34:02","guid":{"rendered":"https:\/\/dimensionturistica.com\/es\/?p=477275"},"modified":"2023-01-29T16:34:03","modified_gmt":"2023-01-29T16:34:03","slug":"reconocimiento-de-cdv-grupo-low-world-travel-a-la-mesa-del-turismo-de-espana-en-fitur","status":"publish","type":"post","link":"https:\/\/dimensionturistica.com\/es\/reconocimiento-de-cdv-grupo-low-world-travel-a-la-mesa-del-turismo-de-espana-en-fitur\/","title":{"rendered":"Reconocimiento de CDV\/Grupo Low World Travel a la Mesa del Turismo de Espa\u00f1a en Fitur"},"content":{"rendered":"<p> <br \/>\n<\/p>\n<div>\n<p>Adem\u00e1s de ser el nexo de uni\u00f3n representativo del sector del turismo, aglutinando a un amplio espectro de subsectores que la componen a trav\u00e9s de sus miembros, la Mesa de Turismo de Espa\u00f1a representa perfectamente los valores que definen a CDV:<\/p>\n<p><em>&#8211; Cerca de vosotros\u2026 Esa misma cercan\u00eda que ha demostrado la Mesa a lo largo de este a\u00f1o en representaci\u00f3n de todas las empresas del ecosistema del sector y sus intereses.<\/em><\/p>\n<p><em>&#8211; Calidad de vida\u2026 El turismo, no solo significa empleo, empleabilidad y, por lo tanto, crecimiento econ\u00f3mico y social; significa tambi\u00e9n formaci\u00f3n, cuidar los entornos tur\u00edsticos y est\u00e1 demostrado, adem\u00e1s, que viajar tiene beneficios notables sobre la salud.<\/em><\/p>\n<p><em>&#8211; Comprometidos con la verdad\u2026 Asimismo la Mesa del Turismo representa el compromiso en el af\u00e1n por defender los intereses y el reconocimiento del sector y del valor que aporta este sector al crecimiento del pa\u00eds.<\/em><\/p>\n<p>El reconocimiento a la Mesa del Turismo de Espa\u00f1a fue entregado por Juanfran Trasmonte, consejero delegado de CDV\/Grupo Low World Journey. Recogi\u00f3 la distinci\u00f3n su presidente, Juan Molas, a quien acompa\u00f1aban el secretario basic, Carlos Abella, y uno de los vicepresidentes de la Mesa del Turismo, Santiago Vallejo.<\/p>\n<p>Juan Molas expres\u00f3 el agradecimiento de todos los miembros de la Mesa por el reconocimiento de CDV\/Grupo Low World Journey a la labor permanente de la asociaci\u00f3n en defensa de los intereses generales del sector tur\u00edstico y destac\u00f3 que la distinci\u00f3n se entregase precisamente en el marco de la gran feria del turismo, FITUR.<\/p>\n<p><strong>Dos piezas escult\u00f3ricas<\/strong><\/p>\n<p>El reconocimiento otorgado por CDV\/Grupo Low World Journey ha incluido en esta ocasi\u00f3n la entrega de dos piezas escult\u00f3ricas.<\/p>\n<p>Por una parte, una obra personalizada y conceptual firmada por Chemi Galiano, artista native de Alicante comprometido con el medio ambiente y con varios proyectos de mejora sociocultural de pa\u00edses en desarrollo. Cabe destacar que Chemi Galiano ha realizado m\u00e1s de sesenta exposiciones y sus obras se distinguen por el aprovechamiento y el reciclaje de materiales. La pieza entregada como reconocimiento re\u00fane el car\u00e1cter disruptivo y poco convencional de CDV, su compromiso medioambiental y social, y la solidez del proyecto representada por el hierro y madera, al tiempo que la movilidad de la obra representa la constante evoluci\u00f3n y adaptaci\u00f3n al cambio.<\/p>\n<p>Por otra parte, se hizo entrega de una segunda distinci\u00f3n consistente en una reproducci\u00f3n cl\u00e1sica de un gran icono de la cultura \u00edbera, la Dama de Elche, magna representaci\u00f3n de lo ib\u00e9rico y lo mediterr\u00e1neo. CDV es una empresa alicantina cuyos or\u00edgenes e inversores son ilicitanos y desde este origen aspira a liderar y ser referente en el sector del turismo.<\/p>\n<p><strong>MESA DEL TURISMO DE ESPA\u00d1A<\/strong><\/p>\n<p>Asociaci\u00f3n empresarial y profesional creada en 1986 en la que est\u00e1n representados los diferentes sectores tur\u00edsticos. Entre sus principales objetivos destaca transmitir a la opini\u00f3n p\u00fablica y a la sociedad espa\u00f1ola la valoraci\u00f3n actual del turismo, apoy\u00e1ndose en la investigaci\u00f3n y el an\u00e1lisis cient\u00edficos de esta actividad. Actualmente integran la Mesa del Turismo de Espa\u00f1a cerca de 100 empresarios y profesionales de reconocida trayectoria y prestigio. www.mesadelturismo.org<\/p>\n<p>CDV CDV naci\u00f3, siendo una Begin up en 2015 en Alicante, como una plataforma tecnol\u00f3gica desarrollada en propio, creando un producto B2B de Consolidador A\u00e9reo y Mayorista Hotelero aportando producto y servicio a Agencias de Viaje que permite ofrecer los mejores precios en una sola b\u00fasqueda, entre otros ha desarrollado integraci\u00f3n propia de NDC\u2019s.<\/p>\n<p>Forma parte del Grupo Matriz Low World Journey, el grupo empresarial 360\u00ba del sector tur\u00edstico. Entre los principales atributos diferenciales cuentan con un experimentado equipo comercial \u201cCerca De Vosotros\u201d, un name middle 24\/7 atendido en propio y pol\u00edtica de \u201ccero fee\u201d en emisiones de billetaje A\u00e9reo. www.grupocdv.com<\/p>\n<\/p><\/div>\n\n<p><em> &#8221; Fuentes news.google.com &#8221; <\/em><\/p>\n","protected":false},"excerpt":{"rendered":"<p>Adem\u00e1s de ser el nexo de uni\u00f3n representativo del sector del turismo, aglutinando a un amplio espectro de subsectores que la componen a trav\u00e9s de sus miembros, la Mesa de Turismo de Espa\u00f1a representa perfectamente los valores que definen a CDV: &#8211; Cerca de vosotros\u2026 Esa misma cercan\u00eda que ha demostrado la Mesa a lo [&hellip;]<\/p>\n","protected":false},"author":4,"featured_media":399427,"comment_status":"open","ping_status":"closed","sticky":false,"template":"","format":"standard","meta":{"om_disable_all_campaigns":false,"jnews-multi-image_gallery":[],"jnews_single_post":[],"jnews_primary_category":[],"jnews_social_meta":[],"footnotes":""},"categories":[40],"tags":[572],"class_list":["post-477275","post","type-post","status-publish","format-standard","has-post-thumbnail","hentry","category-industria","tag-distribucion"],"_links":{"self":[{"href":"https:\/\/dimensionturistica.com\/es\/wp-json\/wp\/v2\/posts\/477275","targetHints":{"allow":["GET"]}}],"collection":[{"href":"https:\/\/dimensionturistica.com\/es\/wp-json\/wp\/v2\/posts"}],"about":[{"href":"https:\/\/dimensionturistica.com\/es\/wp-json\/wp\/v2\/types\/post"}],"author":[{"embeddable":true,"href":"https:\/\/dimensionturistica.com\/es\/wp-json\/wp\/v2\/users\/4"}],"replies":[{"embeddable":true,"href":"https:\/\/dimensionturistica.com\/es\/wp-json\/wp\/v2\/comments?post=477275"}],"version-history":[{"count":0,"href":"https:\/\/dimensionturistica.com\/es\/wp-json\/wp\/v2\/posts\/477275\/revisions"}],"wp:featuredmedia":[{"embeddable":true,"href":"https:\/\/dimensionturistica.com\/es\/wp-json\/wp\/v2\/media\/399427"}],"wp:attachment":[{"href":"https:\/\/dimensionturistica.com\/es\/wp-json\/wp\/v2\/media?parent=477275"}],"wp:term":[{"taxonomy":"category","embeddable":true,"href":"https:\/\/dimensionturistica.com\/es\/wp-json\/wp\/v2\/categories?post=477275"},{"taxonomy":"post_tag","embeddable":true,"href":"https:\/\/dimensionturistica.com\/es\/wp-json\/wp\/v2\/tags?post=477275"}],"curies":[{"name":"wp","href":"https:\/\/api.w.org\/{rel}","templated":true}]}}