{"id":476979,"date":"2023-01-29T01:00:51","date_gmt":"2023-01-29T01:00:51","guid":{"rendered":"https:\/\/dimensionturistica.com\/es\/?p=476979"},"modified":"2023-01-29T01:00:52","modified_gmt":"2023-01-29T01:00:52","slug":"realeza-maxima-de-holanda-y-catalina-amalia-de-orange-llegan-al-caribe-primer-viaje-completado-tras-meses-de-encierro-por-seguridad","status":"publish","type":"post","link":"https:\/\/dimensionturistica.com\/es\/realeza-maxima-de-holanda-y-catalina-amalia-de-orange-llegan-al-caribe-primer-viaje-completado-tras-meses-de-encierro-por-seguridad\/","title":{"rendered":"realeza: M\u00e1xima de Holanda y Catalina Amalia de Orange llegan al Caribe: primer viaje completado tras meses de encierro por seguridad"},"content":{"rendered":"<p> <br \/>\n<\/p>\n<div data-voc-share-selection=\"\"><!-- AUTHOR --><\/p>\n<div class=\"voc-author-timesocial \"><!-- AUTHOR --><\/p>\n<div class=\"voc-author-timesocial__signature\"><!-- IMAGE AUTHOR --><picture class=\"voc-image-signature\"><img decoding=\"async\" class=\"voc-image-signature__img\" src=\"https:\/\/www.mujerhoy.com\/comun\/img\/2015\/autor\/default-image.jpg\" alt=\"Carla Dom\u00ednguez\"\/><\/picture><!-- INFO AUTHOR --><\/div>\n<\/div>\n<p><!-- COMPONENTS --><\/p>\n<p class=\"voc-paragraph\">En octubre de 2022 sal\u00eda a la luz la noticia, la princesa<br \/>\n<strong>Catalina Amalia de Orange<\/strong> volv\u00eda a vivir en casa. La hija de M\u00e1xima de Holanda y el rey Guillermo Alejandro tuvo que dejar su habitaci\u00f3n de estudiante en la Universidad de \u00c1msterdam y recluirse en el palacio Huis ten Bosch, en La Haya,<br \/>\n<a rel=\"nofollow noopener\" target=\"_blank\" data-voc-vtm-id=\"in-text-traffic\" href=\"https:\/\/www.mujerhoy.com\/celebrities\/realeza\/catalina-amalia-orange-primer-viaje-oficial-amenaza-muerte-mafia-valiente-miedo-20230127081307-nt.html\">ante las inminentes amenazas del crimen organizado.<\/a><\/p>\n<p class=\"voc-paragraph\">Desde entonces no hemos visto a Catalina en ning\u00fan acto p\u00fablico, y la reina<br \/>\n<a rel=\"nofollow noopener\" target=\"_blank\" data-voc-vtm-id=\"in-text-traffic\" href=\"https:\/\/www.mujerhoy.com\/temas\/personajes\/maxima-de-holanda.html\">M\u00e1xima de Holanda<\/a> confesaba que su hija no pod\u00eda casi salir de casa. La heredera al trono holand\u00e9s se encontraba bajo estrictas medidas de seguridad por miedo de las autoridades holandesas a un secuestro o ataque. Lo mismo ha ocurrido con el primer ministro holand\u00e9s Mark Rutte.\n<\/p>\n<p class=\"voc-paragraph\">Una seguridad extrema que ha hecho que incluso no veamos a la princesa Catalina Amalia de Orange en el funeral de Constatino de Grecia al que s\u00ed acudieron sus padres. Sin embargo, parece que la hija de los reyes de Holanda ha dicho basta. Antes de hacer su viaje al Caribe, los reyes han hecho una parada en Madrid. Seg\u00fan unas im\u00e1genes de una conocida revista, la reina M\u00e1xima de Holanda y su hija han disfrutado de un fin de semana previo al viaje oficial de descanso y de compras por la capital.\n<\/p>\n<p class=\"voc-paragraph\">Despu\u00e9s de estos d\u00edas, los reyes han seguido su ruta hacia el Caribe con Catalina Amalia de Orange a bordo del avi\u00f3n oficial. Una ruta que estaba programada para el 2022 pero que tuvo que ser aplazada por las continuas amenazas a la hija del rey. Se trata de un viaje al Caribe donde visitar\u00e1n pa\u00edses como<br \/>\n<strong>Aruba, Curazao, San Mart\u00edn<\/strong> y tambi\u00e9n las islas que componen los<br \/>\n<strong> Pa\u00edses Bajos del Caribe (Bonaire, San Eustaquio y Saba)<\/strong>.\n<\/p>\n<div class=\"voc-detail-photo-zoom\"><picture data-toggle=\"modal\" data-target=\"#photoZoomModal-971\" target=\"modal\">\n<div class=\"voc-img-icon-link\"><img loading=\"lazy\" data-original=\"\/\/static2.mujerhoy.com\/www\/multimedia\/202301\/28\/media\/cortadas\/maxima-holanda-catalina-amalia-orange-kk2D--460x637@MujerHoy.jpg\" class=\"lazy\" style=\"\" alt=\"La reina M\u00e1xima de Holanda y la princesa Catalina Amalia de Orange. Foto: Gtres.\"\/><noscript><img decoding=\"async\" src=\"https:\/\/static2.mujerhoy.com\/www\/multimedia\/202301\/28\/media\/cortadas\/maxima-holanda-catalina-amalia-orange-kk2D--460x637@MujerHoy.jpg\" alt=\"La reina M\u00e1xima de Holanda y la princesa Catalina Amalia de Orange. Foto: Gtres.\"\/><\/noscript><i class=\"voc-icons zoom voc-multimedia-box voc-ico-l\"\/><\/div><figcaption class=\"figure-caption\">La reina M\u00e1xima de Holanda y la princesa Catalina Amalia de Orange. Foto: Gtres.<\/figcaption><\/picture><\/div>\n<div id=\"photoZoomModal-971\" class=\"voc-lightbox modal fade voc-lightbox--photo-zoom\" role=\"dialog\" data-voc-photozoom-lightbox=\"\">\n<div class=\"voc-lightbox__dialog\" role=\"document\">\n<div class=\"voc-lightbox__content\"><!-- Modal header --><!-- Modal content --><\/p>\n<div class=\"voc-lightbox__photo-container\"><picture class=\"\"><img loading=\"lazy\" data-original=\"\/\/static2.mujerhoy.com\/www\/multimedia\/202301\/28\/media\/cortadas\/maxima-holanda-catalina-amalia-orange-kk2D--460x637@MujerHoy.jpg\" alt=\"La reina M\u00e1xima de Holanda y la princesa Catalina Amalia de Orange. Foto: Gtres.\" class=\"lazy\"\/><noscript><img decoding=\"async\" src=\"https:\/\/static2.mujerhoy.com\/www\/multimedia\/202301\/28\/media\/cortadas\/maxima-holanda-catalina-amalia-orange-kk2D--460x637@MujerHoy.jpg\" alt=\"La reina M\u00e1xima de Holanda y la princesa Catalina Amalia de Orange. Foto: Gtres.\"\/><\/noscript><\/picture><\/div>\n<\/div>\n<\/div>\n<\/div>\n<p class=\"voc-paragraph\">Un viaje que hace sabiendo que es el punto de mira de muchas bandas criminales, pero que demuestra su valent\u00eda y sus ganas de seguir haciendo su vida como una chica de 18 a\u00f1os junto a su familia. El viaje de la familia actual holandesa no es f\u00e1cil, pero seg\u00fan ha confirmado es una forma de que la heredadera al trono olvide un poco lo que est\u00e1 pasando en los \u00faltimos meses.\n<\/p>\n<p class=\"voc-paragraph\">Y la foto m\u00e1s esperada de su llegada al Caribe, ya la tenemos. En un avi\u00f3n privado, la reina M\u00e1xima, la princesa Catalina Amalia de Orange y el Rey Guillermo Alejandro han llegado a<br \/>\n<strong>Bonaire<\/strong>. Aqu\u00ed da comienzo el primer viaje oficial de la heredera de los Pa\u00edses Bajos, siendo tambi\u00e9n la primera vez que acompa\u00f1a a sus padres en actos en el extranjero.\n<\/p>\n<div class=\"voc-detail__cmp\">\n<div class=\"voc-article-container\">\n<article class=\"voc-article voc-article--cmp-photo-text\">\n<div class=\"voc-img-container\"><picture>\n<div class=\"voc-horizontal voc-img-icon-link\"><img class=\"lazy\" loading=\"lazy\" data-original=\"\/\/static1.mujerhoy.com\/www\/multimedia\/202301\/28\/media\/cortadas\/maxima-holanda-catalina-orange-viaje-kk2D--624x624@MujerHoy.jpg\" alt=\"Los reyes de Holanda en su llegada a Bonaire.\"\/><\/div>\n<\/picture>\n<p class=\"figure-caption \">\n          Los reyes de Holanda en su llegada a Bonaire. \/<br \/>\n          <span class=\"voc-photo-author\"><br \/>\n          gtres<br \/>\n          <\/span><\/p>\n<\/div>\n<\/article>\n<\/div>\n<\/div>\n<p class=\"voc-paragraph\">\u00abEsperamos presentarla y experimentar con ella lo que hace que cada isla sea tan especial y lo que nos mantiene, con todas las diferencias, uni\u00e9ndonos\u00bb, ha comentado el rey Guillermo a algunos medios. El destino paradisiaco y muy veraniego tal y como vemos ya en el im\u00e1genes.\n<\/p>\n<p class=\"voc-paragraph\">En la instant\u00e9na aparece la reina M\u00e1xima y su viaje muy juntas. La princesa Amalia, nada m\u00e1s bajar del avi\u00f3n tiene un gesto muy significativo. Para la instant\u00e1nea bordea la cintura de su madre y se pega a ella bastante. No sabemos si es un mecanismo de seguridad, o simplemente un gesto cari\u00f1oso de la princesa.\n<\/p>\n<p class=\"voc-paragraph\">Otro dato curioso es que van casi iguales vestidas o al menos en las mismas tonalidades. Para su primera aparici\u00f3n p\u00fablica tras varios meses de encierro, la princesa decidi\u00f3 apostar por estilismos en tonos azules y blancos, a juego con su madre. Lleva un vestido de flores con blazer blanca y zapatos de cu\u00f1a en blanco.\n<\/p>\n<p><h3 class=\"voc-detail__title\">\n  \u00bfQu\u00e9 har\u00e1n los reyes y su hija en Bonaire?<br \/>\n<\/h3>\n<\/p>\n<p class=\"voc-paragraph\">Aunque el Caribe es uno de los sitios m\u00e1s paradisiacos del mundo para descansar y desconectar, los reyes de Holanda y su hija estar\u00e1n ejerciendo sus labores institucionales. Podr\u00e1n disfrutar del entorno con numerosas actividades programadas, pero tambi\u00e9n es una forma de volver a conectar con las colonias de los Pa\u00edses Bajos y de mostrar al pueblo a la heredera al trono.\n<\/p>\n<p class=\"voc-paragraph\">En Bonaire estar\u00e1n acompa\u00f1ados por Alexandra Van Huffelen, Secretaria de Estado de Relaciones del Reino y Digitalizaci\u00f3n. La ruta en la isla durar\u00e1 un dos d\u00edas. Despu\u00e9s de la bienvenida del goberandor Edison Rijna, el s\u00e1bado har\u00e1n una fiesta en la residencia oficial junto con miembros del ejecutivo insular.\n<\/p>\n<p class=\"voc-paragraph\">Al mismo tiempo, los reyes y la princesa visitar\u00e1n las caba\u00f1as en recuerdo de la esclavitud. Ir\u00e1n al Parque Cultural Mangazina di Rei y tendr\u00e1n un almuerzo con residentes de Bonaire. Por la tarde podr\u00e1n disfrutar de un evento de windsurf en la bah\u00eda de Sorob\u00f3n. Una recorrido que culminar\u00e1 con la visita a Style of Bonaire, un mercado cultural con productos locales, oferta gastron\u00f3mica y actuaciones musicales.\n<\/p>\n<p><!-- TOPICS --><\/div>\n<p><script type=\"vocento\/script\">\n  !function(f,b,e,v,n,t,s)\n  {if(f.fbq)return;n=f.fbq=function(){n.callMethod?\n  n.callMethod.apply(n,arguments):n.queue.push(arguments)};\n  if(!f._fbq)f._fbq=n;n.push=n;n.loaded=!0;n.version='2.0';\n  n.queue=[];t=b.createElement(e);t.async=!0;\n  t.src=v;s=b.getElementsByTagName(e)[0];\n  s.parentNode.insertBefore(t,s)}(window, document,'script',\n  'https:\/\/connect.facebook.net\/en_US\/fbevents.js');\n  fbq('init', '284335272448646');\n  fbq('track', 'PageView');\n  <\/script><br \/>\n<br \/><\/p>\n<p><em> &#8221; Fuentes news.google.com &#8221; <\/em><\/p>\n","protected":false},"excerpt":{"rendered":"<p>En octubre de 2022 sal\u00eda a la luz la noticia, la princesa Catalina Amalia de Orange volv\u00eda a vivir en casa. La hija de M\u00e1xima de Holanda y el rey Guillermo Alejandro tuvo que dejar su habitaci\u00f3n de estudiante en la Universidad de \u00c1msterdam y recluirse en el palacio Huis ten Bosch, en La Haya, [&hellip;]<\/p>\n","protected":false},"author":4,"featured_media":476980,"comment_status":"open","ping_status":"closed","sticky":false,"template":"","format":"standard","meta":{"om_disable_all_campaigns":false,"jnews-multi-image_gallery":[],"jnews_single_post":[],"jnews_primary_category":[],"jnews_social_meta":[],"footnotes":""},"categories":[39],"tags":[62495,62492,62493,16405,62494],"class_list":["post-476979","post","type-post","status-publish","format-standard","has-post-thumbnail","hentry","category-viajes","tag-bonaire-maxima-de-holanda-y-catalina-amalia","tag-catalina-amalia-de-orange","tag-catalina-amalia-de-orange-seguridad","tag-maxima-de-holanda","tag-viaje-caribe-reyes-holanda"],"_links":{"self":[{"href":"https:\/\/dimensionturistica.com\/es\/wp-json\/wp\/v2\/posts\/476979","targetHints":{"allow":["GET"]}}],"collection":[{"href":"https:\/\/dimensionturistica.com\/es\/wp-json\/wp\/v2\/posts"}],"about":[{"href":"https:\/\/dimensionturistica.com\/es\/wp-json\/wp\/v2\/types\/post"}],"author":[{"embeddable":true,"href":"https:\/\/dimensionturistica.com\/es\/wp-json\/wp\/v2\/users\/4"}],"replies":[{"embeddable":true,"href":"https:\/\/dimensionturistica.com\/es\/wp-json\/wp\/v2\/comments?post=476979"}],"version-history":[{"count":0,"href":"https:\/\/dimensionturistica.com\/es\/wp-json\/wp\/v2\/posts\/476979\/revisions"}],"wp:featuredmedia":[{"embeddable":true,"href":"https:\/\/dimensionturistica.com\/es\/wp-json\/wp\/v2\/media\/476980"}],"wp:attachment":[{"href":"https:\/\/dimensionturistica.com\/es\/wp-json\/wp\/v2\/media?parent=476979"}],"wp:term":[{"taxonomy":"category","embeddable":true,"href":"https:\/\/dimensionturistica.com\/es\/wp-json\/wp\/v2\/categories?post=476979"},{"taxonomy":"post_tag","embeddable":true,"href":"https:\/\/dimensionturistica.com\/es\/wp-json\/wp\/v2\/tags?post=476979"}],"curies":[{"name":"wp","href":"https:\/\/api.w.org\/{rel}","templated":true}]}}