{"id":476626,"date":"2023-01-28T13:47:09","date_gmt":"2023-01-28T13:47:09","guid":{"rendered":"https:\/\/dimensionturistica.com\/es\/?p=476626"},"modified":"2023-01-28T13:47:10","modified_gmt":"2023-01-28T13:47:10","slug":"el-ano-de-cuenca-y-rioja","status":"publish","type":"post","link":"https:\/\/dimensionturistica.com\/es\/el-ano-de-cuenca-y-rioja\/","title":{"rendered":"El a\u00f1o de Cuenca y Rioja"},"content":{"rendered":"<p> <br \/>\n<\/p>\n<div>\n<p>Este 2023 Cuenca es la Capital Espa\u00f1ola de la Gastronom\u00eda, as\u00ed que toca felicitar a su concejal de Turismo, Miguel \u00c1ngel Valero. Adem\u00e1s, vamos a celebrar que la DOCa Rioja va a albergar este a\u00f1o los premios World&#8217;s Greatest Vineyards que destacan los mejores destinos ecotur\u00edsticos del planeta. Y hablando de Rioja, nuestro vino de la semana nos llega de Alfaro: es el Heraclio Alfaro Finca Estarijo.<br \/>\u00a0<\/p>\n<\/p><\/div>\n\n<p><em> &#8221; Fuentes news.google.com &#8221; <\/em><\/p>\n","protected":false},"excerpt":{"rendered":"<p>Este 2023 Cuenca es la Capital Espa\u00f1ola de la Gastronom\u00eda, as\u00ed que toca felicitar a su concejal de Turismo, Miguel \u00c1ngel Valero. Adem\u00e1s, vamos a celebrar que la DOCa Rioja va a albergar este a\u00f1o los premios World&#8217;s Greatest Vineyards que destacan los mejores destinos ecotur\u00edsticos del planeta. Y hablando de Rioja, nuestro vino de [&hellip;]<\/p>\n","protected":false},"author":4,"featured_media":476627,"comment_status":"open","ping_status":"closed","sticky":false,"template":"","format":"standard","meta":{"om_disable_all_campaigns":false,"jnews-multi-image_gallery":[],"jnews_single_post":[],"jnews_primary_category":[],"jnews_social_meta":[],"footnotes":""},"categories":[39],"tags":[2137,743],"class_list":["post-476626","post","type-post","status-publish","format-standard","has-post-thumbnail","hentry","category-viajes","tag-cuenca","tag-gastronomia"],"_links":{"self":[{"href":"https:\/\/dimensionturistica.com\/es\/wp-json\/wp\/v2\/posts\/476626","targetHints":{"allow":["GET"]}}],"collection":[{"href":"https:\/\/dimensionturistica.com\/es\/wp-json\/wp\/v2\/posts"}],"about":[{"href":"https:\/\/dimensionturistica.com\/es\/wp-json\/wp\/v2\/types\/post"}],"author":[{"embeddable":true,"href":"https:\/\/dimensionturistica.com\/es\/wp-json\/wp\/v2\/users\/4"}],"replies":[{"embeddable":true,"href":"https:\/\/dimensionturistica.com\/es\/wp-json\/wp\/v2\/comments?post=476626"}],"version-history":[{"count":0,"href":"https:\/\/dimensionturistica.com\/es\/wp-json\/wp\/v2\/posts\/476626\/revisions"}],"wp:featuredmedia":[{"embeddable":true,"href":"https:\/\/dimensionturistica.com\/es\/wp-json\/wp\/v2\/media\/476627"}],"wp:attachment":[{"href":"https:\/\/dimensionturistica.com\/es\/wp-json\/wp\/v2\/media?parent=476626"}],"wp:term":[{"taxonomy":"category","embeddable":true,"href":"https:\/\/dimensionturistica.com\/es\/wp-json\/wp\/v2\/categories?post=476626"},{"taxonomy":"post_tag","embeddable":true,"href":"https:\/\/dimensionturistica.com\/es\/wp-json\/wp\/v2\/tags?post=476626"}],"curies":[{"name":"wp","href":"https:\/\/api.w.org\/{rel}","templated":true}]}}