{"id":476327,"date":"2023-01-27T20:47:41","date_gmt":"2023-01-27T20:47:41","guid":{"rendered":"https:\/\/dimensionturistica.com\/es\/?p=476327"},"modified":"2023-01-27T20:47:41","modified_gmt":"2023-01-27T20:47:41","slug":"presidente-abinader-viaja-hoy-en-la-noche-a-miami-para-asistir-a-varias-actividades-este-sabado","status":"publish","type":"post","link":"https:\/\/dimensionturistica.com\/es\/presidente-abinader-viaja-hoy-en-la-noche-a-miami-para-asistir-a-varias-actividades-este-sabado\/","title":{"rendered":"Presidente Abinader viaja hoy en la noche a Miami para asistir a varias actividades este s\u00e1bado"},"content":{"rendered":"<p> <br \/>\n<\/p>\n<div>\n<p><span><span><span><span><span><span><span><span><span>Santo Domingo.- <strong>El Presidente Luis Abinader<\/strong> viajar\u00e1 esta noche a la ciudad de Miami para agotar el <strong>s\u00e1bado<\/strong> una agenda de actividades que incluye un importante <strong>encuentro con empresarios tur\u00edsticos<\/strong>.<\/span><\/span><\/span><\/span><\/span><\/span><\/span><\/span><\/span><\/p>\n<p><span><span><span><span><span><span><span><span><span>El mandatario viajar\u00e1 en un vuelo comercial saliendo del Aeropuerto Las Am\u00e9ricas Jos\u00e9 Francisco Pe\u00f1a G\u00f3mez.<\/span><\/span><\/span><\/span><\/span><\/span><\/span><\/span><\/span><\/p>\n<p><span><span><span><span><span><span><span><span><span>La agenda del Presidente Abinader se inicia el s\u00e1bado a las 10:00 de la ma\u00f1ana con una exposici\u00f3n sobre <strong>Burocracia Cero a cargo del se\u00f1or Peter Prazmowski<\/strong>, director ejecutivo del Consejo Nacional de Competitividad.<\/span><\/span><\/span><\/span><\/span><\/span><\/span><\/span><\/span><\/p>\n<p><span><span><span><span><span><span><span><span><span>Posteriormente el mandatario tendr\u00e1 un <strong>conversatorio<\/strong> con los asistentes, sobre el tema. La actividad tendr\u00e1 lugar en el Miami Dade Collage Wolfson Campus.<\/span><\/span><\/span><\/span><\/span><\/span><\/span><\/span><\/span><\/p>\n<p><span><span><span><span><span><span><span><span><span>Al mediod\u00eda, el Presidente Abinader participar\u00e1 en un <strong>almuerzo que coordina el Ministerio de Turismo denominado Tourism Roadshow,\u00a0<\/strong>en el que participar\u00e1n los m\u00e1s importantes operadores tur\u00edsticos, agentes de viajes y l\u00edneas de cruceros. Esta actividad ser\u00e1 en el JW Marriott.<\/span><\/span><\/span><\/span><\/span><\/span><\/span><\/span><\/span><\/p>\n<p><span><span><span><span><span><span><span><span><span>En horas de la noche, el jefe de estado asistir\u00e1 a una actividad privada.<\/span><\/span><\/span><\/span><\/span><\/span><\/span><\/span><\/span><\/p>\n<p><span><span><span><span><span><span><span><span><span>El Presidente Abinader regresa al pa\u00eds en la ma\u00f1ana del domingo y <strong>de inmediato se reintegrar\u00e1 a las actividades que tiene programadas para ese d\u00eda.<\/strong><\/span><\/span><\/span><\/span><\/span><\/span><\/span><\/span><\/span><\/p>\n<\/div>\n\n<p><em> &#8221; Fuentes news.google.com &#8221; <\/em><\/p>\n","protected":false},"excerpt":{"rendered":"<p>Santo Domingo.- El Presidente Luis Abinader viajar\u00e1 esta noche a la ciudad de Miami para agotar el s\u00e1bado una agenda de actividades que incluye un importante encuentro con empresarios tur\u00edsticos. El mandatario viajar\u00e1 en un vuelo comercial saliendo del Aeropuerto Las Am\u00e9ricas Jos\u00e9 Francisco Pe\u00f1a G\u00f3mez. La agenda del Presidente Abinader se inicia el s\u00e1bado [&hellip;]<\/p>\n","protected":false},"author":4,"featured_media":476328,"comment_status":"open","ping_status":"closed","sticky":false,"template":"","format":"standard","meta":{"om_disable_all_campaigns":false,"jnews-multi-image_gallery":[],"jnews_single_post":[],"jnews_primary_category":[],"jnews_social_meta":[],"footnotes":""},"categories":[40],"tags":[3047],"class_list":["post-476327","post","type-post","status-publish","format-standard","has-post-thumbnail","hentry","category-industria","tag-presidencia"],"_links":{"self":[{"href":"https:\/\/dimensionturistica.com\/es\/wp-json\/wp\/v2\/posts\/476327","targetHints":{"allow":["GET"]}}],"collection":[{"href":"https:\/\/dimensionturistica.com\/es\/wp-json\/wp\/v2\/posts"}],"about":[{"href":"https:\/\/dimensionturistica.com\/es\/wp-json\/wp\/v2\/types\/post"}],"author":[{"embeddable":true,"href":"https:\/\/dimensionturistica.com\/es\/wp-json\/wp\/v2\/users\/4"}],"replies":[{"embeddable":true,"href":"https:\/\/dimensionturistica.com\/es\/wp-json\/wp\/v2\/comments?post=476327"}],"version-history":[{"count":0,"href":"https:\/\/dimensionturistica.com\/es\/wp-json\/wp\/v2\/posts\/476327\/revisions"}],"wp:featuredmedia":[{"embeddable":true,"href":"https:\/\/dimensionturistica.com\/es\/wp-json\/wp\/v2\/media\/476328"}],"wp:attachment":[{"href":"https:\/\/dimensionturistica.com\/es\/wp-json\/wp\/v2\/media?parent=476327"}],"wp:term":[{"taxonomy":"category","embeddable":true,"href":"https:\/\/dimensionturistica.com\/es\/wp-json\/wp\/v2\/categories?post=476327"},{"taxonomy":"post_tag","embeddable":true,"href":"https:\/\/dimensionturistica.com\/es\/wp-json\/wp\/v2\/tags?post=476327"}],"curies":[{"name":"wp","href":"https:\/\/api.w.org\/{rel}","templated":true}]}}