{"id":476151,"date":"2023-01-27T16:38:35","date_gmt":"2023-01-27T16:38:35","guid":{"rendered":"https:\/\/dimensionturistica.com\/es\/?p=476151"},"modified":"2024-02-20T21:30:08","modified_gmt":"2024-02-20T21:30:08","slug":"la-provincia-de-jaen-luce-su-moda-flamenca-y-su-oferta-turistica-en-la-feria-simof-de-sevilla","status":"publish","type":"post","link":"https:\/\/dimensionturistica.com\/es\/la-provincia-de-jaen-luce-su-moda-flamenca-y-su-oferta-turistica-en-la-feria-simof-de-sevilla\/","title":{"rendered":"La provincia de Ja\u00e9n luce su moda flamenca y su oferta tur\u00edstica en la feria Simof de Sevilla"},"content":{"rendered":"<p> <br \/>\n<\/p>\n<div id=\"CuerpoNoticiav2\" itemprop=\"articleBody\">\n<p>   JA\u00c9N, 27 Ene. (EUROPA PRESS) &#8211; <\/p>\n<p>   La provincia de Ja\u00e9n a tener este a\u00f1o presencia en la Semana Internacional de la Moda Flamenca (Simof), que se celebra hasta el pr\u00f3ximo domingo, 29 de enero, en el Palacio de Exposiciones y Congresos de Sevilla. Por segundo a\u00f1o consecutivo, la Diputaci\u00f3n cuenta con un stand institucional, en esta ocasi\u00f3n de 54 metros cuadrados.<\/p>\n<p>   &#8220;Vamos a poner de manifiesto el peso que la industria del traje flamenco est\u00e1 adquiriendo en nuestra tierra&#8221;, ha resaltado el diputado de Promoci\u00f3n y Turismo, que particip\u00f3 este jueves en la inauguraci\u00f3n de esta feria.<\/p>\n<p>   Por ello, en este stand habr\u00e1 im\u00e1genes de la feria And\u00fajar Flamenca y vitrinas donde se exhibir\u00e1n piezas de moda flamenca elaboradas por creadores jiennenses, adem\u00e1s de que habr\u00e1 un mostrador informativo y una pantalla para proyectar v\u00eddeos donde se promocionar\u00e1n los atractivos tur\u00edsticos de la provincia, ya que, como ha subrayado el diputado, &#8220;esta feria es tambi\u00e9n una buena oportunidad para darle difusi\u00f3n a nuestros numerosos y variados productos tur\u00edsticos&#8221;.<\/p>\n<p>   La participaci\u00f3n jiennense en Simof no se limitar\u00e1 a este stand, sino que se extiende al programa de actividades previstas. As\u00ed, durante estos d\u00edas se ofrecer\u00e1n degustaciones de los AOVE Ja\u00e9n Selecci\u00f3n 2023 y se exhibir\u00e1n trajes de flamenca de dise\u00f1adores de la provincia, adem\u00e1s de piezas de artesan\u00eda representativas del sector.<\/p>\n<p>   En esta l\u00ednea, la Diputaci\u00f3n Provincial y la C\u00e1mara de Comercio de And\u00fajar han incluido en el programa de esta feria para este viernes, un desfile colectivo de una decena de dise\u00f1adores de trajes de flamenca de la provincia de Ja\u00e9n bajo la leyenda &#8216;Ja\u00e9n, artesan\u00eda y olivo&#8217;.<\/p>\n<p>   La vicepresidenta primera de la Diputaci\u00f3n, Francisca Medina, ha asistido a esta actividad, en la que han tomado parte artistas como \u00c1ngeles Ruiz (And\u00fajar), Carmuchi (Carboneros), Con T de T\u00f3uche (And\u00fajar), Flor de Cerezo (Ja\u00e9n), Inmaculada Mart\u00ednez (And\u00fajar), Llena Eres de Gracia (And\u00fajar), Lorena Rodr\u00edguez (And\u00fajar), Mari S\u00e1nchez (Valdepe\u00f1as de Ja\u00e9n), Mar\u00eda Sanz (Mancha Actual) y To\u00f1i Salas (And\u00fajar), que han presentado sus modelos.<\/p>\n<p>   Dentro de la participaci\u00f3n jiennense en Simof tambi\u00e9n tendr\u00e1n protagonismo dos artesanos del esparto y la joyer\u00eda como son Ubed\u00edes y Ferrn\u00e1ndiz, que exhibir\u00e1n algunas de sus piezas en este desfile. Por \u00faltimo, el programa de la feria tambi\u00e9n contempla la actuaci\u00f3n de In\u00e9s Robles, acompa\u00f1ada por un cuadro flamenco.<\/p>\n<p>   La presencia de Ja\u00e9n en Simof est\u00e1 directamente vinculada al apoyo de la Diputaci\u00f3n Provincial a And\u00fajar Flamenca, feria que se celebrar\u00e1 del 10 al 12 de febrero pr\u00f3ximos y para la que tambi\u00e9n se ha organizado un viaje de familiarizaci\u00f3n en el que participar\u00e1n un grupo de influencers.<\/p>\n<\/div>\n\n<p><em> &#8221; Fuentes news.google.com &#8221; <\/em><\/p>\n","protected":false},"excerpt":{"rendered":"<p>JA\u00c9N, 27 Ene. (EUROPA PRESS) &#8211; La provincia de Ja\u00e9n a tener este a\u00f1o presencia en la Semana Internacional de la Moda Flamenca (Simof), que se celebra hasta el pr\u00f3ximo domingo, 29 de enero, en el Palacio de Exposiciones y Congresos de Sevilla. Por segundo a\u00f1o consecutivo, la Diputaci\u00f3n cuenta con un stand institucional, en [&hellip;]<\/p>\n","protected":false},"author":4,"featured_media":476152,"comment_status":"open","ping_status":"closed","sticky":false,"template":"","format":"standard","meta":{"om_disable_all_campaigns":false,"jnews-multi-image_gallery":[],"jnews_single_post":[],"jnews_primary_category":[],"jnews_social_meta":[],"footnotes":""},"categories":[144872],"tags":[],"class_list":["post-476151","post","type-post","status-publish","format-standard","has-post-thumbnail","hentry","category-fashion"],"_links":{"self":[{"href":"https:\/\/dimensionturistica.com\/es\/wp-json\/wp\/v2\/posts\/476151","targetHints":{"allow":["GET"]}}],"collection":[{"href":"https:\/\/dimensionturistica.com\/es\/wp-json\/wp\/v2\/posts"}],"about":[{"href":"https:\/\/dimensionturistica.com\/es\/wp-json\/wp\/v2\/types\/post"}],"author":[{"embeddable":true,"href":"https:\/\/dimensionturistica.com\/es\/wp-json\/wp\/v2\/users\/4"}],"replies":[{"embeddable":true,"href":"https:\/\/dimensionturistica.com\/es\/wp-json\/wp\/v2\/comments?post=476151"}],"version-history":[{"count":0,"href":"https:\/\/dimensionturistica.com\/es\/wp-json\/wp\/v2\/posts\/476151\/revisions"}],"wp:featuredmedia":[{"embeddable":true,"href":"https:\/\/dimensionturistica.com\/es\/wp-json\/wp\/v2\/media\/476152"}],"wp:attachment":[{"href":"https:\/\/dimensionturistica.com\/es\/wp-json\/wp\/v2\/media?parent=476151"}],"wp:term":[{"taxonomy":"category","embeddable":true,"href":"https:\/\/dimensionturistica.com\/es\/wp-json\/wp\/v2\/categories?post=476151"},{"taxonomy":"post_tag","embeddable":true,"href":"https:\/\/dimensionturistica.com\/es\/wp-json\/wp\/v2\/tags?post=476151"}],"curies":[{"name":"wp","href":"https:\/\/api.w.org\/{rel}","templated":true}]}}