{"id":476063,"date":"2023-01-27T14:49:37","date_gmt":"2023-01-27T14:49:37","guid":{"rendered":"https:\/\/dimensionturistica.com\/es\/?p=476063"},"modified":"2023-01-27T14:49:37","modified_gmt":"2023-01-27T14:49:37","slug":"ecologistas-en-accion-exige-al-puerto-que-la-terminal-de-cruceros-conecte-con-la-red-electrica-de-alicante","status":"publish","type":"post","link":"https:\/\/dimensionturistica.com\/es\/ecologistas-en-accion-exige-al-puerto-que-la-terminal-de-cruceros-conecte-con-la-red-electrica-de-alicante\/","title":{"rendered":"Ecologistas en Acci\u00f3n exige al Puerto que la terminal de cruceros conecte con la red el\u00e9ctrica de Alicante"},"content":{"rendered":"<p> <br \/>\n<\/p>\n<p>\n        La <strong>Colla Ecologista d\u2019Alacant-Ecologistes en Acci\u00f3<\/strong>, integrada en la Plataforma por un Puerto Sostenible, ha presentado alegaciones a la solicitud de concesi\u00f3n de la terminal de<a rel=\"nofollow noopener\" target=\"_blank\" href=\"https:\/\/www.informacion.es\/alicante\/2022\/11\/04\/trece-mil-cruceristas-cuatro-barcos-78129011.html\" title=\" cruceros \" class=\"link copy\"> cruceros <\/a>en el muelle 14 del puerto de Alicante, tramitada por la APA a instancias de las mercantiles GPH Cruise Port Finance y Servicios Portuarios Canarios, que fueron adjudicatarios del concurso p\u00fablico previo.\n<\/p>\n<div wp_automatic_readability=\"82.035546613011\">\n<p class=\"article-body__text \">\n        En esencia se solicita que esa terminal disponga de una conexi\u00f3n de los cruceros que atraquen en el muelle 14 con la pink el\u00e9ctrica native, de tal forma que puedan paralizarse los motores que suministran energ\u00eda para las tareas de mantenimiento del crucero (iluminaci\u00f3n, climatizaci\u00f3n, equipos de emergencia, bombas de trasiego&#8230;). Algunos cruceros pueden acoger miles de pasajeros y son un<strong> peque\u00f1a ciudad flotante<\/strong>.\n<\/p>\n<p class=\"article-body__text \">\n        Distintos puertos del Estado en varias ciudades espa\u00f1olas (<strong>M\u00e1laga, Barcelona, Cartagena, C\u00e1diz, Val\u00e8ncia<\/strong> \u2026) y en Europa (Southampton en Reino Unido, con m\u00e1s de 2 millones de pasajeros al a\u00f1o, Warnem\u00fcnde, Kiel en <strong>Alemania inaugur\u00f3 en junio de 2021 una conexi\u00f3n el\u00e9ctrica <\/strong>para los cruceros con una potencia de 16 MW, \u201cCruise Baltic\u201d, que incluye a 32 puertos y destinos en el Mar B\u00e1ltico firmaron un memor\u00e1ndum de entendimiento que incluye un compromiso de adaptaci\u00f3n de las redes el\u00e9ctricas locales para que los cruceros puedan utilizarlas en sus estancias portuarias a partir del 1 de enero de 2024 como muy tarde) han iniciado proyectos para hacer realidad una medida imprescindible en la descarbonizaci\u00f3n del tr\u00e1fico mar\u00edtimo para la consecuci\u00f3n de un stability neutro de emisiones de gases de efecto invernadero en 2050.\n<\/p>\n<aside class=\"new new__related\">\n            <a rel=\"nofollow noopener\" target=\"_blank\" href=\"https:\/\/www.informacion.es\/alicante\/2022\/11\/10\/electrificacion-muelles-puerto-alicante-evitara-78331854.html\" title=\"La electrificaci\u00f3n de los muelles del Puerto de Alicante evitar\u00e1 la emisi\u00f3n de 6.000 toneladas de CO2\" class=\"new__media\">\n            <picture class=\"image\">\n                <img alt=\"La electrificaci\u00f3n de los muelles del Puerto de Alicante evitar\u00e1 la emisi\u00f3n de 6.000 toneladas de CO2\" data-src=\"https:\/\/dimensionturistica.com\/es\/wp-content\/uploads\/2023\/01\/Ecologistas-en-Accion-exige-al-Puerto-que-la-terminal-de.jpg\" class=\"lozad\"\/>\n            <\/picture><!-- \/.image --><br \/>\n        <\/a><\/p>\n<header>\n        <a rel=\"nofollow noopener\" target=\"_blank\" href=\"https:\/\/www.informacion.es\/alicante\/2022\/11\/10\/electrificacion-muelles-puerto-alicante-evitara-78331854.html\" title=\"La electrificaci\u00f3n de los muelles del Puerto de Alicante evitar\u00e1 la emisi\u00f3n de 6.000 toneladas de CO2\" class=\"new__headline\"><\/p>\n<h2>La electrificaci\u00f3n de los muelles del Puerto de Alicante evitar\u00e1 la emisi\u00f3n de 6.000 toneladas de CO2<\/h2>\n<p>        <\/a><\/p>\n<\/header>\n<\/aside>\n<p><!-- \/.article-photo article-photo-- --><\/p>\n<p class=\"article-body__text \">\n        Un crucero estacionado en un muelle emite <strong>cantidades importantes de contaminantes<\/strong>, como part\u00edculas, \u00f3xidos de nitr\u00f3geno, \u00f3xido de azufre, mon\u00f3xido de carbono, di\u00f3xido de carbono y compuestos org\u00e1nicos vol\u00e1tiles, dado que la mayor\u00eda de los cruceros utilizan el di\u00e9sel como flamable ordinary. Todas esas emisiones se pueden evitar y m\u00e1s si se consumiera energ\u00eda el\u00e9ctrica de origen renovable.\n<\/p>\n<p class=\"article-body__text \">\n        Seg\u00fan la asociaci\u00f3n Transport &amp; Atmosphere los 203 cruceros en 2017 que transitaron por Europa emitieron alrededor de <strong>62.000 toneladas de \u00f3xido de azufre<\/strong>, 155.000 t de \u00f3xidos de nitr\u00f3geno, 10.000 t de part\u00edculas y m\u00e1s de 10 millones de toneladas de di\u00f3xido de carbono.\n<\/p>\n<p class=\"article-body__text \">\n        La memoria redactada por el promotor, en la solicitud de concesi\u00f3n para explotar la terminal mar\u00edtima en el muelle 14 y sometida a informaci\u00f3n p\u00fablica, <strong>no contempla la instalaci\u00f3n de esa conexi\u00f3n de los buques con la pink el\u00e9ctrica native<\/strong>. Se considera una demanda m\u00e1xima de un buque en r\u00e9gimen de puerto base (5.000 pasajeros) y otro buque en tr\u00e1nsito (2.500 pasajeros) simult\u00e1neos en el Muelle 14.\n<\/p>\n<p class=\"article-body__text \">\n        La memoria contempla medidas de aumento de la eficiencia energ\u00e9tica (ventilizaci\u00f3n-climatizaci\u00f3n, alumbrado) y la instalaci\u00f3n de fuentes generadoras de energ\u00eda renovables (una instalaci\u00f3n fotovoltaica en cubiertas de 100 kW con paneles flexibles y una e\u00f3lica de 15 kW con 5 miniturbinas, y un sistema de management que asegura un consumo de energ\u00eda primaria no renovable nulo), para <strong>consumo de la propia termina<\/strong>l. Esas medidas son positivas pero insuficientes para reducir la huella de carbono de esa actividad.\n<\/p>\n<\/p><\/div>\n\n<p><em> &#8221; Fuentes news.google.com &#8221; <\/em><\/p>\n","protected":false},"excerpt":{"rendered":"<p>La Colla Ecologista d\u2019Alacant-Ecologistes en Acci\u00f3, integrada en la Plataforma por un Puerto Sostenible, ha presentado alegaciones a la solicitud de concesi\u00f3n de la terminal de cruceros en el muelle 14 del puerto de Alicante, tramitada por la APA a instancias de las mercantiles GPH Cruise Port Finance y Servicios Portuarios Canarios, que fueron adjudicatarios [&hellip;]<\/p>\n","protected":false},"author":4,"featured_media":476064,"comment_status":"open","ping_status":"closed","sticky":false,"template":"","format":"standard","meta":{"om_disable_all_campaigns":false,"jnews-multi-image_gallery":[],"jnews_single_post":[],"jnews_primary_category":[],"jnews_social_meta":[],"footnotes":""},"categories":[41],"tags":[485,52075,41594,62400,57693,13183,1411,38390,10123],"class_list":["post-476063","post","type-post","status-publish","format-standard","has-post-thumbnail","hentry","category-cruceros","tag-accion","tag-ayuntamiento-de-alicante","tag-ecologistas","tag-ecologistas-en-accion","tag-el-turismo-en-alicante","tag-exige","tag-puerto","tag-puerto-de-alicante","tag-terminal"],"_links":{"self":[{"href":"https:\/\/dimensionturistica.com\/es\/wp-json\/wp\/v2\/posts\/476063","targetHints":{"allow":["GET"]}}],"collection":[{"href":"https:\/\/dimensionturistica.com\/es\/wp-json\/wp\/v2\/posts"}],"about":[{"href":"https:\/\/dimensionturistica.com\/es\/wp-json\/wp\/v2\/types\/post"}],"author":[{"embeddable":true,"href":"https:\/\/dimensionturistica.com\/es\/wp-json\/wp\/v2\/users\/4"}],"replies":[{"embeddable":true,"href":"https:\/\/dimensionturistica.com\/es\/wp-json\/wp\/v2\/comments?post=476063"}],"version-history":[{"count":0,"href":"https:\/\/dimensionturistica.com\/es\/wp-json\/wp\/v2\/posts\/476063\/revisions"}],"wp:featuredmedia":[{"embeddable":true,"href":"https:\/\/dimensionturistica.com\/es\/wp-json\/wp\/v2\/media\/476064"}],"wp:attachment":[{"href":"https:\/\/dimensionturistica.com\/es\/wp-json\/wp\/v2\/media?parent=476063"}],"wp:term":[{"taxonomy":"category","embeddable":true,"href":"https:\/\/dimensionturistica.com\/es\/wp-json\/wp\/v2\/categories?post=476063"},{"taxonomy":"post_tag","embeddable":true,"href":"https:\/\/dimensionturistica.com\/es\/wp-json\/wp\/v2\/tags?post=476063"}],"curies":[{"name":"wp","href":"https:\/\/api.w.org\/{rel}","templated":true}]}}