{"id":475253,"date":"2023-01-26T16:03:38","date_gmt":"2023-01-26T16:03:38","guid":{"rendered":"https:\/\/dimensionturistica.com\/es\/?p=475253"},"modified":"2023-01-26T16:03:39","modified_gmt":"2023-01-26T16:03:39","slug":"para-tus-vacaciones-estos-son-los-mejores-meses-para-viajar-a-cancun","status":"publish","type":"post","link":"https:\/\/dimensionturistica.com\/es\/para-tus-vacaciones-estos-son-los-mejores-meses-para-viajar-a-cancun\/","title":{"rendered":"\u00a1Para tus vacaciones! Estos son los mejores meses para viajar a Canc\u00fan"},"content":{"rendered":"<p> <br \/>\n<\/p>\n<div>\n<p> <span class=\"escrito\">Escrito en <\/span> <span class=\"seccion\">ESTILO DE VIDA<\/span> <span class=\"el\">el<\/span> <time class=\"fecha-time\" itemprop=\"datePublished\" datetime=\"2023-1-26T7:33:00\">26\/1\/2023 \u00b7 07:33 hs<\/time> <\/p>\n<\/p><\/div>\n<div>\n<p>Si este a\u00f1o tienes como prop\u00f3sito <strong>viajar <\/strong>y conocer nuevos lugares, esta informaci\u00f3n para <a rel=\"nofollow noopener\" target=\"_blank\" href=\"https:\/\/www.radioformula.com.mx\/nacional\/2022\/8\/1\/cancun-antes-despues-asi-es-la-historia-del-paraiso-turistico-casa-del-tren-maya-725969.html\">lanzarte a Canc\u00fan<\/a> te interesa.<\/p>\n<p>Antes de salir de viaje, es recomendable que tomes en cuenta algunas consideraciones para que no te salga en un \u2018ojo\u2019 de la cara. Por ello, te damos algunos consejos que Despegar tiene para ti.<\/p>\n<p>A trav\u00e9s de su herramienta <em>tendencia de precios<\/em>, la empresa de viajes l\u00edder en Am\u00e9rica Latina te presenta cu\u00e1les son los meses en los que puedes conseguir el vuelo m\u00e1s barato.<\/p>\n<p>Seg\u00fan informaci\u00f3n de la plataforma, en marzo o abril son los meses ideales para conseguir los precios m\u00e1s baratos a este fashionable destino playero, por lo que tu vuelo redondo puede llegar a costar desde mil 839 pesos por persona.<\/p>\n<p>Ya en el sureste mexicano, otro destino que puede interesarte es M\u00e9rida, Yucat\u00e1n. Aqu\u00ed el mejor precio que puedes encontrar tambi\u00e9n ser\u00e1 para marzo y abril.<\/p>\n<div class=\"image-align-center\">\n<figure class=\"image\"><amp-img alt=\"\" height=\"465\" src=\"https:\/\/news.google.com\/u\/fotografias\/m\/2023\/1\/26\/f768x1-631421_631548_4.jpg\" width=\"768\" layout=\"responsive\" class=\"imgcuerpo i-amphtml-layout-responsive i-amphtml-layout-size-defined\" lightbox=\"\" i-amphtml-layout=\"responsive\"><i-amphtml-sizer style=\"display:block;padding-top:60.5469%\"\/><\/amp-img><figcaption>Fuente:\u00a0www.chichenitza.com\/es.<\/figcaption><\/figure>\n<\/p><\/div>\n<p>\u00a1Hay vuelos ida y vuelta desde 2 mil 748 pesos por persona!, de acuerdo con informaci\u00f3n de Despegar.<\/p>\n<p>\u00a1Ojo! Estas tendencias de precios pueden variar en periodos vacacionales, como Semana Santa.<\/p>\n<h2>Vuelos baratos: \u00bfqu\u00e9 debes tomar en cuenta para conseguirlos?<\/h2>\n<p>Las vacaciones que tanto planeas para este a\u00f1o pueden tener un \u2018empuj\u00f3n\u2019 y salirte en un buen precio. Sin embargo, para ello debes considerar los siguientes factores, seg\u00fan <strong>Despegar<\/strong>: <\/p>\n<ul>\n<li>Temporada en la que se har\u00e1 el viaje.<\/li>\n<li>Anticipaci\u00f3n de compra.<\/li>\n<li>Disponibilidad del vuelo.<\/li>\n<\/ul>\n<p>Y t\u00fa, \u00bfya sabes qu\u00e9 d\u00eda har\u00e1s un <a rel=\"nofollow noopener\" target=\"_blank\" href=\"https:\/\/www.radioformula.com.mx\/economia\/2023\/1\/25\/aifa-asi-se-vera-en-100-anos-santa-lucia-para-los-vuelos-espaciales-fotos-747144.html\">viaje barato a Canc\u00fan<\/a>?  <\/p>\n<\/p><\/div>\n\n<p><em> &#8221; Fuentes news.google.com &#8221; <\/em><\/p>\n","protected":false},"excerpt":{"rendered":"<p>Escrito en ESTILO DE VIDA el 26\/1\/2023 \u00b7 07:33 hs Si este a\u00f1o tienes como prop\u00f3sito viajar y conocer nuevos lugares, esta informaci\u00f3n para lanzarte a Canc\u00fan te interesa. Antes de salir de viaje, es recomendable que tomes en cuenta algunas consideraciones para que no te salga en un \u2018ojo\u2019 de la cara. Por ello, [&hellip;]<\/p>\n","protected":false},"author":4,"featured_media":475255,"comment_status":"open","ping_status":"closed","sticky":false,"template":"","format":"standard","meta":{"om_disable_all_campaigns":false,"jnews-multi-image_gallery":[],"jnews_single_post":[],"jnews_primary_category":[],"jnews_social_meta":[],"footnotes":""},"categories":[39],"tags":[2010,1861,681,7329],"class_list":["post-475253","post","type-post","status-publish","format-standard","has-post-thumbnail","hentry","category-viajes","tag-cancun","tag-vacaciones","tag-viaje","tag-vuelos-baratos"],"_links":{"self":[{"href":"https:\/\/dimensionturistica.com\/es\/wp-json\/wp\/v2\/posts\/475253","targetHints":{"allow":["GET"]}}],"collection":[{"href":"https:\/\/dimensionturistica.com\/es\/wp-json\/wp\/v2\/posts"}],"about":[{"href":"https:\/\/dimensionturistica.com\/es\/wp-json\/wp\/v2\/types\/post"}],"author":[{"embeddable":true,"href":"https:\/\/dimensionturistica.com\/es\/wp-json\/wp\/v2\/users\/4"}],"replies":[{"embeddable":true,"href":"https:\/\/dimensionturistica.com\/es\/wp-json\/wp\/v2\/comments?post=475253"}],"version-history":[{"count":0,"href":"https:\/\/dimensionturistica.com\/es\/wp-json\/wp\/v2\/posts\/475253\/revisions"}],"wp:featuredmedia":[{"embeddable":true,"href":"https:\/\/dimensionturistica.com\/es\/wp-json\/wp\/v2\/media\/475255"}],"wp:attachment":[{"href":"https:\/\/dimensionturistica.com\/es\/wp-json\/wp\/v2\/media?parent=475253"}],"wp:term":[{"taxonomy":"category","embeddable":true,"href":"https:\/\/dimensionturistica.com\/es\/wp-json\/wp\/v2\/categories?post=475253"},{"taxonomy":"post_tag","embeddable":true,"href":"https:\/\/dimensionturistica.com\/es\/wp-json\/wp\/v2\/tags?post=475253"}],"curies":[{"name":"wp","href":"https:\/\/api.w.org\/{rel}","templated":true}]}}