{"id":474947,"date":"2023-01-26T06:20:29","date_gmt":"2023-01-26T06:20:29","guid":{"rendered":"https:\/\/dimensionturistica.com\/es\/?p=474947"},"modified":"2023-01-26T06:20:30","modified_gmt":"2023-01-26T06:20:30","slug":"viajes-iniciaticos","status":"publish","type":"post","link":"https:\/\/dimensionturistica.com\/es\/viajes-iniciaticos\/","title":{"rendered":"Viajes inici\u00e1ticos"},"content":{"rendered":"<p> <br \/>\n<\/p>\n<p>\n        Dec\u00eda Don Gregorio, el memorable maestro republicano de \u201cLa lengua de las mariposas\u201d, que \u201clos libros son como un hogar&#8230; en los libros podemos refugiar nuestros sue\u00f1os para que no se mueran de fr\u00edo\u201d. Mientras desempolvaba un ejemplar de \u201cLa isla del tesoro\u201d, el personaje encarnado por Fernando Fern\u00e1n G\u00f3mez, advert\u00eda sobre las experiencias que los libros nos tienen reservadas y que nos colocan nuevos mundos al alcance de la vista y de la mano. Esa misma pasi\u00f3n sobre los saberes escondidos detr\u00e1s de sus p\u00e1ginas es la que muchos docentes intentamos transmitir, con mayor o menor \u00e9xito, en nuestras clases. No obstante, siempre que se puede, es bueno dar un paso adelante al encuentro con esos mundos, bajar de la tarima, cerrar el pupitre y salir al aire libre a tomar temperatura.\n<\/p>\n<div>\n<p class=\"article-body__text \">\n        De instituto en instituto, esa convicci\u00f3n me ha llevado a estar enredado en preparativos de viajes y excursiones en los \u00faltimos a\u00f1os. Una pasi\u00f3n que hace apenas un mes me ha acercado a los pasillos del Museo del Prado y que en esta \u00faltima semana me ha hecho transitar las calles de Roma. Escribo estas l\u00edneas a\u00fan exhausto por el viaje, pero no puedo evitar sonre\u00edr al recordar las peripecias de estos d\u00edas con los chicos y chicas de bachillerato en la capital italiana. De cada viaje siempre vuelvo con alguna cana de m\u00e1s pero con la satisfacci\u00f3n de ver c\u00f3mo esos nuevos mundos se abren para ellos. Un viaje inici\u00e1tico para muchos que, por primera vez, est\u00e1n tan lejos de sus casas. Un viaje de conocimiento en el que edificios, avenidas y monumentos van ilustrando las lecciones encuadernadas en los tomos de sus mochilas. Y un viaje de descubrimiento en el que visitan lugares en los que la huella de la Historia se pos\u00f3 con especial fuerza.\n<\/p>\n<p class=\"article-body__text \">\n        Es inevitable sentirse afortunado de participar en estas experiencias decisivas que, con el paso de los a\u00f1os, rememorar\u00e1n con a\u00f1oranza. Caminando de la Piazza Navona a la del Pante\u00f3n y de las escalinatas de la Piazza Espa\u00f1a a la Fontana di Trevi, recordaba la impronta que me dej\u00f3 la primera visita a esta ciudad eterna. Avanzando desde la bas\u00edlica de San Pedro a la de San Pablo constataba el valor del aprendizaje en el terreno en los rostros de los alumnos. Paseando del Foro romano al Coliseo pensaba en c\u00f3mo el patrimonio mantiene vivo el recuerdo de las ciudades. Despu\u00e9s de estos d\u00edas fren\u00e9ticos de visitas aceleradas, voy haciendo inventario y veo con m\u00e1s claridad la importancia del patrimonio hist\u00f3rico y art\u00edstico en la reactivaci\u00f3n econ\u00f3mica de las ciudades y la imperiosa necesidad de que los gobiernos municipales apuesten por la protecci\u00f3n y promoci\u00f3n de su cultura como motor tur\u00edstico los 365 d\u00edas del a\u00f1o. Salvando las distancias y las particularidades, Zamora tiene mucho que ofrecer a viajeros y visitantes, y \u00e9stos mucho con lo que corresponder a nuestro comercio, a nuestra hosteler\u00eda y, en definitiva, a la prosperidad de todos los zamoranos.\n<\/p>\n<p class=\"article-body__text \">\n        Estos viajes inici\u00e1ticos, no son solo vitales para el aprendizaje de los alumnos, sino tambi\u00e9n para la labor de la ense\u00f1anza y para ampliar horizontes. El aprendizaje fuera del aula es al alumno, lo que conocer a pie de calle otras ciudades es al representante municipal. Por poner solo un ejemplo, la visita al Prado sirvi\u00f3 como acicate definitivo para la propuesta \u201cZamora Prado extendido\u201d, una iniciativa impulsada por el Grupo Socialista en el <a rel=\"nofollow noopener\" target=\"_blank\" href=\"https:\/\/www.laopiniondezamora.es\/tags\/ayuntamiento-de-zamora\/\" title=\"Ayuntamiento de Zamora\" class=\"link copy\">Ayuntamiento de Zamora<\/a> a finales del a\u00f1o pasado para poner en valor las obras del Museo del Prado depositadas en Zamora y convertirlas en un activo tur\u00edstico.\n<\/p>\n<p class=\"article-body__text \">\n        Se avecinan tiempos electorales en los que los distintos candidatos a la Alcald\u00eda de Zamora tendremos que defender qu\u00e9 ciudad queremos y qu\u00e9 vamos a hacer para conseguirlo, pero tambi\u00e9n en los que cada uno tendr\u00e1 que dar cuenta del bagaje recorrido. Tengo la suerte de contar con el respaldo de un gran equipo en el PSOE de Zamora-Ciudad y en el Grupo Municipal. Los concejales socialistas podemos decir con orgullo y humildad que hemos dedicado estos cuatro a\u00f1os de oposici\u00f3n a ser constructivos, a ofrecer constantemente alternativas, a pisar los barrios y conocer de cerca sus problemas, a acercarnos a otras ciudades de nuestro entorno, ver aquello que hacen y que funciona, y tratar de adaptarlo a las necesidades y peculiaridades de nuestra ciudad. No hemos estado quietos y siempre hemos estado dispuestos a dar el primer paso y a ofrecer estrecha y leal colaboraci\u00f3n.\n<\/p>\n<p class=\"article-body__text \">\n        Ya sea a pie de obra en el Prado, entre las calles romanas o en la ribera de un r\u00edo explorando la lengua de las mariposas, los viajes inici\u00e1ticos siempre nos plantean retos y ponen a prueba nuestra resistencia. Al igual que mis alumnos y alumnas, en las pr\u00f3ximas fechas me enfrentar\u00e9 a un viaje que no estar\u00e1 exento de dificultades, pero que afronto con ganas y optimismo. Llego al inicio de este camino con el equipaje preparado, la ethical dispuesta y las alforjas cargadas de trabajo y de propuestas. Mientras tanto sigo deshaciendo la maleta y, antes de dejarme vencer por el sue\u00f1o, me pregunto qu\u00e9 nuevos mundos me abrir\u00e1 este pr\u00f3ximo viaje.\n<\/p>\n<p class=\"article-body__text \">\n        <strong>(*) David Gago es candidato del PSOE a la Alcald\u00eda de Zamora<\/strong>\n<\/p>\n<\/p><\/div>\n\n<p><em> &#8221; Fuentes news.google.com &#8221; <\/em><\/p>\n","protected":false},"excerpt":{"rendered":"<p>Dec\u00eda Don Gregorio, el memorable maestro republicano de \u201cLa lengua de las mariposas\u201d, que \u201clos libros son como un hogar&#8230; en los libros podemos refugiar nuestros sue\u00f1os para que no se mueran de fr\u00edo\u201d. Mientras desempolvaba un ejemplar de \u201cLa isla del tesoro\u201d, el personaje encarnado por Fernando Fern\u00e1n G\u00f3mez, advert\u00eda sobre las experiencias que [&hellip;]<\/p>\n","protected":false},"author":4,"featured_media":474948,"comment_status":"open","ping_status":"closed","sticky":false,"template":"","format":"standard","meta":{"om_disable_all_campaigns":false,"jnews-multi-image_gallery":[],"jnews_single_post":[],"jnews_primary_category":[],"jnews_social_meta":[],"footnotes":""},"categories":[39],"tags":[62285,17954,62284,1635,545],"class_list":["post-474947","post","type-post","status-publish","format-standard","has-post-thumbnail","hentry","category-viajes","tag-fernando-fernan-gomez","tag-hogar","tag-iniciaticos","tag-libros","tag-viajes"],"_links":{"self":[{"href":"https:\/\/dimensionturistica.com\/es\/wp-json\/wp\/v2\/posts\/474947","targetHints":{"allow":["GET"]}}],"collection":[{"href":"https:\/\/dimensionturistica.com\/es\/wp-json\/wp\/v2\/posts"}],"about":[{"href":"https:\/\/dimensionturistica.com\/es\/wp-json\/wp\/v2\/types\/post"}],"author":[{"embeddable":true,"href":"https:\/\/dimensionturistica.com\/es\/wp-json\/wp\/v2\/users\/4"}],"replies":[{"embeddable":true,"href":"https:\/\/dimensionturistica.com\/es\/wp-json\/wp\/v2\/comments?post=474947"}],"version-history":[{"count":0,"href":"https:\/\/dimensionturistica.com\/es\/wp-json\/wp\/v2\/posts\/474947\/revisions"}],"wp:featuredmedia":[{"embeddable":true,"href":"https:\/\/dimensionturistica.com\/es\/wp-json\/wp\/v2\/media\/474948"}],"wp:attachment":[{"href":"https:\/\/dimensionturistica.com\/es\/wp-json\/wp\/v2\/media?parent=474947"}],"wp:term":[{"taxonomy":"category","embeddable":true,"href":"https:\/\/dimensionturistica.com\/es\/wp-json\/wp\/v2\/categories?post=474947"},{"taxonomy":"post_tag","embeddable":true,"href":"https:\/\/dimensionturistica.com\/es\/wp-json\/wp\/v2\/tags?post=474947"}],"curies":[{"name":"wp","href":"https:\/\/api.w.org\/{rel}","templated":true}]}}