{"id":474895,"date":"2023-01-26T03:21:31","date_gmt":"2023-01-26T03:21:31","guid":{"rendered":"https:\/\/dimensionturistica.com\/es\/?p=474895"},"modified":"2023-01-26T03:21:31","modified_gmt":"2023-01-26T03:21:31","slug":"los-pensionistas-pagaran-menos-por-sus-viajes-en-el-transporte-publico-de-oviedo-a-partir-del-1-de-febrero","status":"publish","type":"post","link":"https:\/\/dimensionturistica.com\/es\/los-pensionistas-pagaran-menos-por-sus-viajes-en-el-transporte-publico-de-oviedo-a-partir-del-1-de-febrero\/","title":{"rendered":"Los pensionistas pagar\u00e1n menos por sus viajes en el transporte p\u00fablico de Oviedo a partir del 1 de febrero"},"content":{"rendered":"<p> <br \/>\n<\/p>\n<p>\n        Utilizar el transporte urbano de Oviedo ser\u00e1 m\u00e1s barato para los pensionistas a partir del 1 de febrero. La Junta de Gobierno municipal tiene previsto dar hoy el visto bueno a una medida solicitada por la concejal\u00eda de Pol\u00edticas Sociales y tramitada por la de Movilidad y Transporte, consiste en un descuento de hasta el 50% para los bonos de viajes en los autobuses de la compa\u00f1\u00eda TUA.\n<\/p>\n<div>\n<p class=\"article-body__text \">\n        Los jubilados se beneficiaban hasta ahora de un descuento del 30%, por lo que la medida permitir\u00e1 abaratar el coste del viaje de manera appreciable. Concretamente, el coste del viaje pasar\u00e1 de los 50 a los 36 c\u00e9ntimos. &#8220;Se trata de una medida de ahorro para ayudar a los pensionistas que podemos y debemos facilitar desde la administraci\u00f3n local, a la vez que favorecemos el fomento del uso del transporte colectivo&#8221;, se\u00f1ala el primer teniente de alcalde, Nacho Cuesta.\n<\/p>\n<p class=\"article-body__text \">\n        Desde el ejecutivo municipal de Alfredo Canteli consideran que iniciativas como esta supondr\u00e1n un alivio para la poblaci\u00f3n mayor del municipio que a pesar de la revalorizaci\u00f3n de las pensiones no est\u00e1 exenta de los efectos de la elevada inflaci\u00f3n registrada a lo largo del \u00faltimo a\u00f1o.\n<\/p>\n<p class=\"article-body__text \">\n        Los descuentos a los jubilados se suman a los aprobados en septiembre por un Actual Decreto del Gobierno de Espa\u00f1a por el cual se reduc\u00edan en un 30% los billetes a todos los usuarios del autob\u00fas. Desde el ejecutivo de Pedro S\u00e1nchez se justific\u00f3 la medida en la necesidad de ahorrar costes a los ciudadanos y a la vez promover una mayor utilizaci\u00f3n de los servicios p\u00fablicos de transportes en detrimento del uso del coche propio. La medida tuvo un importante impacto positivo en cuanto al n\u00famero de viajeros diarios que se sumaron al uso de los autobuses para moverse por el casco urbano y otras zonas del municipio.\n<\/p>\n<\/p><\/div>\n\n<p><em> &#8221; Fuentes news.google.com &#8221; <\/em><\/p>\n","protected":false},"excerpt":{"rendered":"<p>Utilizar el transporte urbano de Oviedo ser\u00e1 m\u00e1s barato para los pensionistas a partir del 1 de febrero. La Junta de Gobierno municipal tiene previsto dar hoy el visto bueno a una medida solicitada por la concejal\u00eda de Pol\u00edticas Sociales y tramitada por la de Movilidad y Transporte, consiste en un descuento de hasta el [&hellip;]<\/p>\n","protected":false},"author":4,"featured_media":474896,"comment_status":"open","ping_status":"closed","sticky":false,"template":"","format":"standard","meta":{"om_disable_all_campaigns":false,"jnews-multi-image_gallery":[],"jnews_single_post":[],"jnews_primary_category":[],"jnews_social_meta":[],"footnotes":""},"categories":[39],"tags":[62276,18340,1520,653,545],"class_list":["post-474895","post","type-post","status-publish","format-standard","has-post-thumbnail","hentry","category-viajes","tag-pagaran","tag-pensionistas","tag-publico","tag-transporte","tag-viajes"],"_links":{"self":[{"href":"https:\/\/dimensionturistica.com\/es\/wp-json\/wp\/v2\/posts\/474895","targetHints":{"allow":["GET"]}}],"collection":[{"href":"https:\/\/dimensionturistica.com\/es\/wp-json\/wp\/v2\/posts"}],"about":[{"href":"https:\/\/dimensionturistica.com\/es\/wp-json\/wp\/v2\/types\/post"}],"author":[{"embeddable":true,"href":"https:\/\/dimensionturistica.com\/es\/wp-json\/wp\/v2\/users\/4"}],"replies":[{"embeddable":true,"href":"https:\/\/dimensionturistica.com\/es\/wp-json\/wp\/v2\/comments?post=474895"}],"version-history":[{"count":0,"href":"https:\/\/dimensionturistica.com\/es\/wp-json\/wp\/v2\/posts\/474895\/revisions"}],"wp:featuredmedia":[{"embeddable":true,"href":"https:\/\/dimensionturistica.com\/es\/wp-json\/wp\/v2\/media\/474896"}],"wp:attachment":[{"href":"https:\/\/dimensionturistica.com\/es\/wp-json\/wp\/v2\/media?parent=474895"}],"wp:term":[{"taxonomy":"category","embeddable":true,"href":"https:\/\/dimensionturistica.com\/es\/wp-json\/wp\/v2\/categories?post=474895"},{"taxonomy":"post_tag","embeddable":true,"href":"https:\/\/dimensionturistica.com\/es\/wp-json\/wp\/v2\/tags?post=474895"}],"curies":[{"name":"wp","href":"https:\/\/api.w.org\/{rel}","templated":true}]}}