{"id":474679,"date":"2023-01-25T19:21:12","date_gmt":"2023-01-25T19:21:12","guid":{"rendered":"https:\/\/dimensionturistica.com\/es\/?p=474679"},"modified":"2023-01-25T19:21:12","modified_gmt":"2023-01-25T19:21:12","slug":"se-preve-mayor-recuperacion-en-2023-para-agencias-de-viajes-el-sol-de-san-luis","status":"publish","type":"post","link":"https:\/\/dimensionturistica.com\/es\/se-preve-mayor-recuperacion-en-2023-para-agencias-de-viajes-el-sol-de-san-luis\/","title":{"rendered":"Se prev\u00e9 mayor recuperaci\u00f3n en 2023 para agencias de viajes &#8211; El Sol de San Luis"},"content":{"rendered":"<p> <br \/>\n<\/p>\n<div id=\"content-body-225-9520852\">\n<p>El 2023 podr\u00eda ser el a\u00f1o de recuperaci\u00f3n para las agencias de viajes, se\u00f1al\u00f3 Osladia D\u00edaz L\u00f3pez, vicepresidenta de la Asociaci\u00f3n Mexicana de Agencias de Viajes (AMAV).<\/p>\n<p>D\u00edaz L\u00f3pez manifest\u00f3 que si bien las agencias de viajes a\u00fan no alcanzan las cifras que manejaban previo a la pandemia, durante el 2022 comenz\u00f3 a repuntar la actividad comercial &#8220;y tuvimos en la mayor\u00eda de las agencias, proyecciones muy interesantes para 2023&#8221;.<\/p>\n<p>Indic\u00f3 que durante el a\u00f1o pasado, las agencias llegaron en promedio a un recuperaci\u00f3n del 60% en su actividad, por lo que estim\u00f3 que el 2023 ser\u00e1 el a\u00f1o de la recuperaci\u00f3n para este sector, &#8220;si no llegamos al 100%, s\u00ed vamos a alcanzar al menos 90% en la mayor\u00eda de las agencias&#8221;.<\/p>\n<p>Explic\u00f3 que una de las acciones de la AMAV para impulsar la recuperaci\u00f3n, es la profesionalizaci\u00f3n de los prestadores de servicios, pues destac\u00f3 que durante 2021 y 2022 hubo cifras alarmantes en cuanto a fraudes de supuestas agencias de viajes, sobre todo en la Capital potosina.<\/p>\n<p>Indic\u00f3 que ese tipo de hechos, divulgados principalmente en redes sociales, afectan a las agencias legalmente establecidas y profesionales, por lo que cuando llegan clientes que fueron v\u00edctima de un fraude tratando de buscar ayuda, se les apoya en la medida de lo posible, &#8220;muchas veces no es algo que podamos resolver, pero buscamos mejorarles el precio o alguna promoci\u00f3n para que al menos se sientan atendidos&#8221;.<\/p>\n<p>D\u00edaz L\u00f3pez reconoci\u00f3 que entre los miembros de la AMAV hay pocos agentes certificados, por lo que se ha convocado a todas las agencias a que antes de que termine el primer semestre de este a\u00f1o, todos sus agentes est\u00e9n certificados, pues adem\u00e1s de contar con su Registro Nacional de Turismo (RNT) brindan m\u00e1s confianza a los clientes.<\/p>\n<\/div>\n<p><script>(function(d, s, id) {\nvar js, fjs = d.getElementsByTagName(s)[0];\nif (d.getElementById(id)) return;\njs = d.createElement(s); js.id = id;\njs.src=\"https:\/\/connect.facebook.net\/es_LA\/sdk.js#xfbml=1&version=v3.2&appId=915007949399016&autoLogAppEvents=1\";\nfjs.parentNode.insertBefore(js, fjs);\n}(document, 'script', 'facebook-jssdk'));\n<\/script><br \/>\n<br \/><\/p>\n<p><em> &#8221; Fuentes news.google.com &#8221; <\/em><\/p>\n","protected":false},"excerpt":{"rendered":"<p>El 2023 podr\u00eda ser el a\u00f1o de recuperaci\u00f3n para las agencias de viajes, se\u00f1al\u00f3 Osladia D\u00edaz L\u00f3pez, vicepresidenta de la Asociaci\u00f3n Mexicana de Agencias de Viajes (AMAV). D\u00edaz L\u00f3pez manifest\u00f3 que si bien las agencias de viajes a\u00fan no alcanzan las cifras que manejaban previo a la pandemia, durante el 2022 comenz\u00f3 a repuntar la [&hellip;]<\/p>\n","protected":false},"author":4,"featured_media":474680,"comment_status":"open","ping_status":"closed","sticky":false,"template":"","format":"standard","meta":{"om_disable_all_campaigns":false,"jnews-multi-image_gallery":[],"jnews_single_post":[],"jnews_primary_category":[],"jnews_social_meta":[],"footnotes":""},"categories":[40],"tags":[569,1456,544],"class_list":["post-474679","post","type-post","status-publish","format-standard","has-post-thumbnail","hentry","category-industria","tag-agencias-de-viajes","tag-san-luis-potosi","tag-turismo"],"_links":{"self":[{"href":"https:\/\/dimensionturistica.com\/es\/wp-json\/wp\/v2\/posts\/474679","targetHints":{"allow":["GET"]}}],"collection":[{"href":"https:\/\/dimensionturistica.com\/es\/wp-json\/wp\/v2\/posts"}],"about":[{"href":"https:\/\/dimensionturistica.com\/es\/wp-json\/wp\/v2\/types\/post"}],"author":[{"embeddable":true,"href":"https:\/\/dimensionturistica.com\/es\/wp-json\/wp\/v2\/users\/4"}],"replies":[{"embeddable":true,"href":"https:\/\/dimensionturistica.com\/es\/wp-json\/wp\/v2\/comments?post=474679"}],"version-history":[{"count":0,"href":"https:\/\/dimensionturistica.com\/es\/wp-json\/wp\/v2\/posts\/474679\/revisions"}],"wp:featuredmedia":[{"embeddable":true,"href":"https:\/\/dimensionturistica.com\/es\/wp-json\/wp\/v2\/media\/474680"}],"wp:attachment":[{"href":"https:\/\/dimensionturistica.com\/es\/wp-json\/wp\/v2\/media?parent=474679"}],"wp:term":[{"taxonomy":"category","embeddable":true,"href":"https:\/\/dimensionturistica.com\/es\/wp-json\/wp\/v2\/categories?post=474679"},{"taxonomy":"post_tag","embeddable":true,"href":"https:\/\/dimensionturistica.com\/es\/wp-json\/wp\/v2\/tags?post=474679"}],"curies":[{"name":"wp","href":"https:\/\/api.w.org\/{rel}","templated":true}]}}