{"id":474611,"date":"2023-01-25T17:28:20","date_gmt":"2023-01-25T17:28:20","guid":{"rendered":"https:\/\/dimensionturistica.com\/es\/?p=474611"},"modified":"2023-01-25T17:28:21","modified_gmt":"2023-01-25T17:28:21","slug":"finaliza-el-registro-y-trasladan-a-madrid-al-detenido-por-cartas-pirotecnicas","status":"publish","type":"post","link":"https:\/\/dimensionturistica.com\/es\/finaliza-el-registro-y-trasladan-a-madrid-al-detenido-por-cartas-pirotecnicas\/","title":{"rendered":"Finaliza el registro y trasladan a Madrid al detenido por cartas pirot\u00e9cnicas"},"content":{"rendered":"<p> <br \/>\n<\/p>\n<div>\n<p class=\"p_1\">L<b>a Polic\u00eda Nacional ha concluido el registro del domicilio del hombre de 74 a\u00f1os detenido en Miranda de Ebro (Burgos) <\/b>por el env\u00edo de cartas con materials pirot\u00e9cnico al presidente del Gobierno, Pedro S\u00e1nchez, y a la ministra de Defensa, Margarita Robles, entre otros destinatarios, y los agentes trasladan al sospechoso a Madrid.<\/p>\n<p class=\"p_2\">Agentes de la Comisar\u00eda Basic de Informaci\u00f3n han arrestado a las 10 horas de este mi\u00e9rcoles en plena calle al \u00fanico sospechoso de todos los env\u00edos realizados entre noviembre y diciembre de 2022, seg\u00fan han precisado a EFE fuentes policiales y jur\u00eddicas.<\/p>\n<p class=\"p_3\">El detenido es un exfuncionario jubilado del Ayuntamiento de Vitoria de 74 a\u00f1os, seg\u00fan han indicado fuentes del consistorio vitoriano.<\/p>\n<p class=\"p_4\">Posteriormente, los agentes se han trasladado a su vivienda, ubicada en la calle Clavel de Miranda de Ebro, en el barrio de La Charca, donde ha comenzado el registro con la presencia del detenido y que ha durado hasta poco antes de las 16:30 horas.<\/p>\n<p class=\"p_5\">Como resultado de este registro, los agentes se han incautado de abundante documentaci\u00f3n que han sacado en numerosas cajas, como ha podido comprobar EFE.<\/p>\n<p class=\"p_6\">Antes de su traslado a las dependencias policiales de Canillas en Madrid, la Polic\u00eda va a llevar al hombre, de 74 a\u00f1os, a un centro m\u00e9dico para que los profesionales sanitarios revisen su estado de salud.<\/p>\n<p class=\"p_7\">En complete se le atribuye el env\u00edo de seis sobres de shade marr\u00f3n con materials pirot\u00e9cnico casero comparable a la p\u00f3lvora en su inside al presidente del Gobierno, Pedro S\u00e1nchez; a las embajadas de Ucrania y EEUU; y a la ministra de Defensa, Margarita Robles, a un empresa de armamento en Zaragoza y a la base a\u00e9rea de Torrej\u00f3n de Ardoz entre noviembre y diciembre de 2022.<\/p>\n<p class=\"p_8\"><b>Conocimientos inform\u00e1ticos<\/b><\/p>\n<p class=\"p_9\">La investigaci\u00f3n, que la Polic\u00eda Nacional califica de compleja y laboriosa, y que ha afectado a varias provincias de Espa\u00f1a, ha podido determinar que todos los env\u00edos de las seis cartas se hicieron desde la ciudad de Burgos.<\/p>\n<p class=\"p_10\">No obstante, si bien se presume que el detenido confeccion\u00f3 y envi\u00f3 los artefactos en solitario, la Polic\u00eda Nacional no descarta la participaci\u00f3n o influencia de otras personas en los hechos, seg\u00fan indica la Direcci\u00f3n Basic del cuerpo.<\/p>\n<p class=\"p_11\">La Polic\u00eda outline al arrestado como una persona muy activa en redes sociales y con conocimientos t\u00e9cnicos e inform\u00e1ticos.<\/p>\n<p class=\"p_12\"><b>Delitos de terrorismo<\/b><\/p>\n<p class=\"p_13\">Por su parte, fuentes jur\u00eddicas han explicado que se mantiene el secreto de las actuaciones emprendidas para localizar al sospechoso por seguridad, pero no as\u00ed la pieza principal en la que se ha dictado el auto de detenci\u00f3n y registro del domicilio.<\/p>\n<p class=\"p_14\">Las mismas fuentes apuntan que, en principio, los delitos que se le imputan son terrorismo aunque a la espera de determinar su motivaci\u00f3n, un delito contra las altas instituciones del Estado y otro de lesiones por las heridas leves causados a un trabajador de la embajada de Ucrania.<\/p>\n<p class=\"p_15\">Una vecina del detenido -que se jubil\u00f3 en 2013, seg\u00fan ha confirmado el Ayuntamiento de Vitoria- ha explicado que este viv\u00eda solo en un piso ubicado en la calle Clavel de Miranda de Ebro, en el barrio de La Charca, que esta ma\u00f1ana se ha despertado con un fuerte dispositivo policial.<\/p>\n<p class=\"p_16\">Otro vecino, de un portal que est\u00e1 justo al lado de la vivienda del detenido, ha explicado que ha visto a primera hora de esta ma\u00f1ana \u00abtodo el revuelo\u00bb cuando ha salido a la galer\u00eda de su vivienda para sacar la basura.<\/p>\n<p class=\"p_17\">\u00abLa calle estaba llena de polic\u00edas, parec\u00eda un ej\u00e9rcito\u00bb, ha explicado. Despu\u00e9s, ha visto como algunos polic\u00edas sacaban de la vivienda varias bolsas y materials inform\u00e1tico.<\/p>\n<\/p><\/div>\n\n<p><em> &#8221; Fuentes news.google.com &#8221; <\/em><\/p>\n","protected":false},"excerpt":{"rendered":"<p>La Polic\u00eda Nacional ha concluido el registro del domicilio del hombre de 74 a\u00f1os detenido en Miranda de Ebro (Burgos) por el env\u00edo de cartas con materials pirot\u00e9cnico al presidente del Gobierno, Pedro S\u00e1nchez, y a la ministra de Defensa, Margarita Robles, entre otros destinatarios, y los agentes trasladan al sospechoso a Madrid. Agentes de [&hellip;]<\/p>\n","protected":false},"author":4,"featured_media":474612,"comment_status":"open","ping_status":"closed","sticky":false,"template":"","format":"standard","meta":{"om_disable_all_campaigns":false,"jnews-multi-image_gallery":[],"jnews_single_post":[],"jnews_primary_category":[],"jnews_social_meta":[],"footnotes":""},"categories":[40],"tags":[700],"class_list":["post-474611","post","type-post","status-publish","format-standard","has-post-thumbnail","hentry","category-industria","tag-madrid"],"_links":{"self":[{"href":"https:\/\/dimensionturistica.com\/es\/wp-json\/wp\/v2\/posts\/474611","targetHints":{"allow":["GET"]}}],"collection":[{"href":"https:\/\/dimensionturistica.com\/es\/wp-json\/wp\/v2\/posts"}],"about":[{"href":"https:\/\/dimensionturistica.com\/es\/wp-json\/wp\/v2\/types\/post"}],"author":[{"embeddable":true,"href":"https:\/\/dimensionturistica.com\/es\/wp-json\/wp\/v2\/users\/4"}],"replies":[{"embeddable":true,"href":"https:\/\/dimensionturistica.com\/es\/wp-json\/wp\/v2\/comments?post=474611"}],"version-history":[{"count":0,"href":"https:\/\/dimensionturistica.com\/es\/wp-json\/wp\/v2\/posts\/474611\/revisions"}],"wp:featuredmedia":[{"embeddable":true,"href":"https:\/\/dimensionturistica.com\/es\/wp-json\/wp\/v2\/media\/474612"}],"wp:attachment":[{"href":"https:\/\/dimensionturistica.com\/es\/wp-json\/wp\/v2\/media?parent=474611"}],"wp:term":[{"taxonomy":"category","embeddable":true,"href":"https:\/\/dimensionturistica.com\/es\/wp-json\/wp\/v2\/categories?post=474611"},{"taxonomy":"post_tag","embeddable":true,"href":"https:\/\/dimensionturistica.com\/es\/wp-json\/wp\/v2\/tags?post=474611"}],"curies":[{"name":"wp","href":"https:\/\/api.w.org\/{rel}","templated":true}]}}