{"id":474132,"date":"2023-01-25T03:07:53","date_gmt":"2023-01-25T03:07:53","guid":{"rendered":"https:\/\/dimensionturistica.com\/es\/?p=474132"},"modified":"2023-01-25T03:07:53","modified_gmt":"2023-01-25T03:07:53","slug":"el-velero-con-2-500-kilos-de-coca-iba-a-descargar-en-el-archipielago","status":"publish","type":"post","link":"https:\/\/dimensionturistica.com\/es\/el-velero-con-2-500-kilos-de-coca-iba-a-descargar-en-el-archipielago\/","title":{"rendered":"El velero con 2.500 kilos de \u2018coca\u2019 iba a descargar en el Archipi\u00e9lago"},"content":{"rendered":"<p> <br \/>\n<\/p>\n<p>\n        Los cuatro tripulantes detenidos con  cerca de 2.500 kilos de coca\u00edna en el inside de un velero cuando navegaban cerca del Archipi\u00e9lago evaluaban descargar la droga en alg\u00fan muelle de las Islas antes de que fueran interceptados en plena tormenta por una patrullera de Vigilancia Aduanera y los agentes de la Polic\u00eda Nacional.\n<\/p>\n<div>\n<p class=\"article-body__text \">\n        Los investigadores de los dos cuerpos hab\u00edan analizado el pasado verano el comportamiento del barco de recreo Mambo, de unos 15 metros de eslora, que naveg\u00f3 por el Archipi\u00e9lago durante la \u00e9poca estival. Estos viajes, unido a las estancias y a los comportamientos de los tripulantes, hac\u00edan que los indicios apuntaran a que podr\u00edan estar reconociendo la zona geogr\u00e1fica y los puertos deportivos de las Islas para una futura operaci\u00f3n de introducci\u00f3n de sustancias estupefacientes, en este caso coca\u00edna, como a posteriori se pudo constatar.\n<\/p>\n<p class=\"article-body__text \">\n        As\u00ed, la operaci\u00f3n Horti\u00f1a, que ya fue adelantada por este peri\u00f3dico, fue explotada el pasado 5 de diciembre cuando las fuerzas de seguridad sospecharon de que el velero Mambo transportaba droga. El barco de recreo hab\u00eda zarpado del Caribe y se dirig\u00eda al Archipi\u00e9lago con cuatro personas a bordo.\n<\/p>\n<p class=\"article-body__text \">\n        El buque de operaciones Fulmar de Vigilancia Aduanera acudi\u00f3 a alta mar para proceder a su abordaje, un operativo que se vio dificultado por las condiciones meteorol\u00f3gicas. La embarcaci\u00f3n parti\u00f3 de C\u00e1diz el pasado 28 de noviembre y naveg\u00f3 hacia poniente entre tormentas en busca de la embarcaci\u00f3n, que fue finalmente localizada en una zona de baja presi\u00f3n, con importantes vientos y oleaje que dificultaron considerablemente el asalto y abordaje, seg\u00fan informaron ayer ambos cuerpos en una nota de prensa.\n<\/p>\n<p class=\"article-body__text \">\n        Ya desde que visualizaron el velero, los tripulantes del Fulmar informaron de que transportaban sustancias estupefacientes debido a que los fardos se apreciaban en la cubierta de la embarcaci\u00f3n. Una vez procedido el abordaje, los agentes de la Polic\u00eda Nacional procedieron a la detenci\u00f3n de los cuatro tripulantes, dos hombres y una mujer de nacionalidad colombiana y otro hombre de origen franc\u00e9s, como presuntos autores de un delito contra la salud p\u00fablica por narcotr\u00e1fico.\n<\/p>\n<p class=\"article-body__text \">\n        La Fulmar se ocup\u00f3 de remolcar al Mambo hasta el Puerto de La Luz, donde arribaron el pasado 12 de diciembre con cerca de 2.500 kilos de coca\u00edna. El barco de recreo qued\u00f3 posteriormente atracado en el Muelle Deportivo de Las Palmas de Gran Canaria a la espera de la decisi\u00f3n de los juzgados sobre su futura subasta, como ocurre en estos casos.\n<\/p>\n<p class=\"article-body__text \">\n         La nota indica que la operaci\u00f3n Horti\u00f1a fue fruto de la coordinaci\u00f3n aduanera y policial, que, mediante intercambio y an\u00e1lisis de la informaci\u00f3n obtenida en sus respectivos \u00e1mbitos, en este caso por parte del \u00c1rea Regional de Vigilancia Aduanera en Canarias y de Greco Galicia de Polic\u00eda Nacional; permiti\u00f3 que se desarrollara con \u00e9xito al incautarse de la coca\u00edna.\n<\/p>\n<\/p><\/div>\n\n<p><em> &#8221; Fuentes news.google.com &#8221; <\/em><\/p>\n","protected":false},"excerpt":{"rendered":"<p>Los cuatro tripulantes detenidos con cerca de 2.500 kilos de coca\u00edna en el inside de un velero cuando navegaban cerca del Archipi\u00e9lago evaluaban descargar la droga en alg\u00fan muelle de las Islas antes de que fueran interceptados en plena tormenta por una patrullera de Vigilancia Aduanera y los agentes de la Polic\u00eda Nacional. Los investigadores [&hellip;]<\/p>\n","protected":false},"author":4,"featured_media":474133,"comment_status":"open","ping_status":"closed","sticky":false,"template":"","format":"standard","meta":{"om_disable_all_campaigns":false,"jnews-multi-image_gallery":[],"jnews_single_post":[],"jnews_primary_category":[],"jnews_social_meta":[],"footnotes":""},"categories":[40],"tags":[4535,19734,5352,4694,23381,5252,12882,12930,2873],"class_list":["post-474132","post","type-post","status-publish","format-standard","has-post-thumbnail","hentry","category-industria","tag-4535","tag-19734","tag-coca","tag-drogas","tag-kilos","tag-policia-nacional","tag-tormenta","tag-velero","tag-verano"],"_links":{"self":[{"href":"https:\/\/dimensionturistica.com\/es\/wp-json\/wp\/v2\/posts\/474132","targetHints":{"allow":["GET"]}}],"collection":[{"href":"https:\/\/dimensionturistica.com\/es\/wp-json\/wp\/v2\/posts"}],"about":[{"href":"https:\/\/dimensionturistica.com\/es\/wp-json\/wp\/v2\/types\/post"}],"author":[{"embeddable":true,"href":"https:\/\/dimensionturistica.com\/es\/wp-json\/wp\/v2\/users\/4"}],"replies":[{"embeddable":true,"href":"https:\/\/dimensionturistica.com\/es\/wp-json\/wp\/v2\/comments?post=474132"}],"version-history":[{"count":0,"href":"https:\/\/dimensionturistica.com\/es\/wp-json\/wp\/v2\/posts\/474132\/revisions"}],"wp:featuredmedia":[{"embeddable":true,"href":"https:\/\/dimensionturistica.com\/es\/wp-json\/wp\/v2\/media\/474133"}],"wp:attachment":[{"href":"https:\/\/dimensionturistica.com\/es\/wp-json\/wp\/v2\/media?parent=474132"}],"wp:term":[{"taxonomy":"category","embeddable":true,"href":"https:\/\/dimensionturistica.com\/es\/wp-json\/wp\/v2\/categories?post=474132"},{"taxonomy":"post_tag","embeddable":true,"href":"https:\/\/dimensionturistica.com\/es\/wp-json\/wp\/v2\/tags?post=474132"}],"curies":[{"name":"wp","href":"https:\/\/api.w.org\/{rel}","templated":true}]}}