{"id":474000,"date":"2023-01-25T00:26:51","date_gmt":"2023-01-25T00:26:51","guid":{"rendered":"https:\/\/dimensionturistica.com\/es\/?p=474000"},"modified":"2023-01-25T00:26:51","modified_gmt":"2023-01-25T00:26:51","slug":"sociedad-hoteles-del-peru-urge-restablecer-el-orden-y-la-paz-a-fin-de-trabajar-protestas-turismo-peru","status":"publish","type":"post","link":"https:\/\/dimensionturistica.com\/es\/sociedad-hoteles-del-peru-urge-restablecer-el-orden-y-la-paz-a-fin-de-trabajar-protestas-turismo-peru\/","title":{"rendered":"Sociedad Hoteles del Per\u00fa: Urge restablecer el orden y la paz a fin de trabajar | protestas| turismo| | PERU"},"content":{"rendered":"<p> <br \/>\n<\/p>\n<div id=\"\">\n<p itemprop=\"description\" class=\"story-contents__font-paragraph \"><b>El presidente de la Sociedad de <\/b><a rel=\"nofollow noopener\" target=\"_blank\" itemprop=\"url\" href=\"https:\/\/gestion.pe\/noticias\/hoteles\/\"><b>Hoteles <\/b><\/a><b>del Per\u00fa (SHP), Ricardo Bracale, manifest\u00f3 que es necesario restablecer el orden social y las comunicaciones, a fin de \u201cvolver a ser un pa\u00eds seguro para quienes nos visitan\u201d.<\/b><\/p>\n<p itemprop=\"description\" class=\"story-contents__font-paragraph \">En ese sentido, se\u00f1al\u00f3 que desde el 2020, el<a rel=\"nofollow noopener\" target=\"_blank\" itemprop=\"url\" href=\"https:\/\/gestion.pe\/noticias\/turismo\/\"> turismo<\/a> en nuestro pa\u00eds est\u00e1 desapareciendo debido a la Pandemia que golpe\u00f3 duramente a una industria que depende de las visitas de extranjeros y nacionales.<\/p>\n<p itemprop=\"description\" class=\"story-contents__font-paragraph \">\u201c<b>Luego, la inestabilidad social y pol\u00edtica y, por \u00faltimo, la violencia que ha terminado por lapidar a nuestra industria<\/b>\u201d, agreg\u00f3.<\/p>\n<p itemprop=\"description\" class=\"story-contents__font-paragraph \">Bracale precis\u00f3 que desde mediados de diciembre del a\u00f1o pasado que empezaron las protestas en varias regiones de nuestro pa\u00eds, la imagen del Per\u00fa ante el mundo se ha deteriorado.<\/p>\n<p itemprop=\"description\" class=\"story-contents__font-paragraph \">Ello, \u201c<b>a tal punto que los paquetes tur\u00edsticos han sido cancelados casi en su totalidad<\/b>, afectando a hoteles, restaurantes, servicios de transporte, gu\u00edas, agencias de viaje, artesanos entre otros\u201d.<\/p>\n<p itemprop=\"description\" class=\"story-contents__font-paragraph \"><b>\u201cM\u00e1s de un mill\u00f3n de personas que viven de \u00e9sta actividad, se encuentran nuevamente sin trabajo<\/b>\u201d, revel\u00f3.<\/p>\n<blockquote class=\"story-contents__blockquote\"><p>LEA TAMBI\u00c9N: <a rel=\"nofollow noopener\" target=\"_blank\" href=\"https:\/\/gestion.pe\/economia\/hoteles-del-cusco-solo-tienen-un-4-de-ocupabilidad-por-las-protestas-crisis-politica-trabajo-empleo-sociedad-hoteles-del-peru-noticia\/?ref=gesr\">Hoteles del Cusco solo tienen un 4% de ocupabilidad por las protestas, \u00bfy los empleos? <\/a><\/p><\/blockquote>\n<p itemprop=\"description\" class=\"story-contents__font-paragraph \">Cabe recordar que el gobierno dispuso el estado de emergencia el pasado 14 de diciembre en respuesta a los conflictos sociales originados por el fallido golpe de estado perpetrado por Pedro Castillo Terrones y, de ah\u00ed en adelante, se ha adoptado distintas medidas legales con la intenci\u00f3n de procurar el restablecimiento del orden y la paz.<\/p>\n<p itemprop=\"description\" class=\"story-contents__font-paragraph \">Al respecto,  el titular de la SHP dijo que las medidas adoptadas por el gobierno no han logrado persuadir a quienes quiebran la ley y las carreteras siguen bloqueadas, la inseguridad impera y el atractivo m\u00e1s importante de nuestro pa\u00eds ha tenido que cerrar sus puertas de forma indefinida.<\/p>\n<p itemprop=\"description\" class=\"story-contents__font-paragraph \">Por ello, Bracale indic\u00f3 que la SHP reclama que las protestas sean pac\u00edficas, que no se bloquee el libre tr\u00e1nsito, que no haya m\u00e1s muertes, que no se ataquen aeropuertos y que no se incendien comisar\u00edas.<\/p>\n<blockquote class=\"story-contents__blockquote\"><p>LEA TAMBI\u00c9N: <a rel=\"nofollow noopener\" target=\"_blank\" href=\"https:\/\/gestion.pe\/economia\/ahora-peru-advierte-que-cerca-de-300-mil-personas-del-sector-turismo-perderian-su-trabajo-por-la-crisis-noticia\/\">Ahora Per\u00fa advierte que cerca de 300 mil personas del sector turismo perder\u00edan su trabajo por la crisis<\/a><\/p><\/blockquote>\n<p itemprop=\"description\" class=\"story-contents__font-paragraph \">El empresario hotelero enfatiz\u00f3 que el ciudadano nacional y visitante extranjero puedan transitar tranquilamente por nuestro pa\u00eds y \u201cquienes reclaman y quienes no, podamos convivir respet\u00e1ndonos unos a otros\u201d.<\/p>\n<p itemprop=\"description\" class=\"story-contents__font-paragraph \">\u201cEl gobierno debe garantizar los derechos ciudadanos y restablecer la paz y el orden. Es inmoral permitir que esta situaci\u00f3n persista\u201d, finaliz\u00f3.<\/p>\n<\/div>\n\n<p><em> &#8221; Fuentes news.google.com &#8221; <\/em><\/p>\n","protected":false},"excerpt":{"rendered":"<p>El presidente de la Sociedad de Hoteles del Per\u00fa (SHP), Ricardo Bracale, manifest\u00f3 que es necesario restablecer el orden social y las comunicaciones, a fin de \u201cvolver a ser un pa\u00eds seguro para quienes nos visitan\u201d. En ese sentido, se\u00f1al\u00f3 que desde el 2020, el turismo en nuestro pa\u00eds est\u00e1 desapareciendo debido a la Pandemia [&hellip;]<\/p>\n","protected":false},"author":4,"featured_media":474001,"comment_status":"open","ping_status":"closed","sticky":false,"template":"","format":"standard","meta":{"om_disable_all_campaigns":false,"jnews-multi-image_gallery":[],"jnews_single_post":[],"jnews_primary_category":[],"jnews_social_meta":[],"footnotes":""},"categories":[40],"tags":[1289,62180,544],"class_list":["post-474000","post","type-post","status-publish","format-standard","has-post-thumbnail","hentry","category-industria","tag-hoteles","tag-sociedad-hoteles-del-peru","tag-turismo"],"_links":{"self":[{"href":"https:\/\/dimensionturistica.com\/es\/wp-json\/wp\/v2\/posts\/474000","targetHints":{"allow":["GET"]}}],"collection":[{"href":"https:\/\/dimensionturistica.com\/es\/wp-json\/wp\/v2\/posts"}],"about":[{"href":"https:\/\/dimensionturistica.com\/es\/wp-json\/wp\/v2\/types\/post"}],"author":[{"embeddable":true,"href":"https:\/\/dimensionturistica.com\/es\/wp-json\/wp\/v2\/users\/4"}],"replies":[{"embeddable":true,"href":"https:\/\/dimensionturistica.com\/es\/wp-json\/wp\/v2\/comments?post=474000"}],"version-history":[{"count":0,"href":"https:\/\/dimensionturistica.com\/es\/wp-json\/wp\/v2\/posts\/474000\/revisions"}],"wp:featuredmedia":[{"embeddable":true,"href":"https:\/\/dimensionturistica.com\/es\/wp-json\/wp\/v2\/media\/474001"}],"wp:attachment":[{"href":"https:\/\/dimensionturistica.com\/es\/wp-json\/wp\/v2\/media?parent=474000"}],"wp:term":[{"taxonomy":"category","embeddable":true,"href":"https:\/\/dimensionturistica.com\/es\/wp-json\/wp\/v2\/categories?post=474000"},{"taxonomy":"post_tag","embeddable":true,"href":"https:\/\/dimensionturistica.com\/es\/wp-json\/wp\/v2\/tags?post=474000"}],"curies":[{"name":"wp","href":"https:\/\/api.w.org\/{rel}","templated":true}]}}