{"id":473827,"date":"2023-01-24T19:50:44","date_gmt":"2023-01-24T19:50:44","guid":{"rendered":"https:\/\/dimensionturistica.com\/es\/?p=473827"},"modified":"2023-01-24T19:50:44","modified_gmt":"2023-01-24T19:50:44","slug":"chanel-presentara-su-proxima-coleccion-crucero-en-los-angeles","status":"publish","type":"post","link":"https:\/\/dimensionturistica.com\/es\/chanel-presentara-su-proxima-coleccion-crucero-en-los-angeles\/","title":{"rendered":"Chanel presentar\u00e1 su pr\u00f3xima colecci\u00f3n crucero en Los \u00c1ngeles"},"content":{"rendered":"<p> <br \/>\n<\/p>\n<div id=\"content\">\n<aside class=\"right-column\"> <\/aside>\n<div class=\"land-see-story-copy land-see-body-content max-width-3 mx-auto py2 px4\">\n<h2 class=\"land-see-subtitle\">La marca vuelve a California despu\u00e9s de 17 a\u00f1os.<\/h2>\n<div class=\"land-see-author__info\">\n<div class=\"land-see-author__line\">  <time class=\"land-see-author__time\">24 de Enero 2023 \u00b7 12:07 hs<\/time> <\/div>\n<\/div>\n<p><a rel=\"nofollow noopener\" target=\"_blank\" href=\"https:\/\/www.estilomusa.com\/moda\/Chanel-realiza-su-desfile-de-modas-en-Dakar-Senegal-20221220-0004.html\">Chanel<\/a> tiene todo listo para su regreso a California en d\u00f3nde exhibir\u00e1 su <strong>colecci\u00f3n crucero 2023\/24<\/strong> en<strong> Los \u00c1ngeles.<\/strong><\/p>\n<p>La lujosa casa francesa dijo en un comunicado que su exhibici\u00f3n de cruceros, el cual se llevar\u00e1 a cabo el 9 de mayo, <strong>&#8220;marcar\u00e1 un nuevo cap\u00edtulo&#8221;<\/strong> en su historia compartida con los EE. UU.<\/p>\n<p>Adem\u00e1s record\u00f3 su presentaci\u00f3n de cruceros 2007\/08, la cual se llev\u00f3 a cabo de igual manera en California y fue dise\u00f1ada por su difunto director creativo <strong>Karl Lagerfeld <\/strong>dentro del aeropuerto de Santa M\u00f3nica.<\/p>\n<h2>\u00bfQu\u00e9 esperar?<\/h2>\n<p>Chanel no especific\u00f3 la ubicaci\u00f3n del<strong> evento de pasarela<\/strong>, solo que ser\u00eda una oportunidad para que la casa \u201ccelebre sus conexiones con la Ciudad de los \u00c1ngeles\u201d.<\/p>\n<p>Los v\u00ednculos de la marca de lujo con Los \u00c1ngeles se remontan a 1931, cuando la propia Gabrielle Chanel visit\u00f3 la ciudad por primera vez, siguiendo una invitaci\u00f3n del productor Samuel Goldwyn para vestir a las actrices de <strong>Hollywood.<\/strong><\/p>\n<p>Se espera que las tonalidades azules, verdosas y amarillas sean las grandes protagonistas del evento.<\/p>\n<\/div>\n<\/div>\n\n<p><em> &#8221; Fuentes news.google.com &#8221; <\/em><\/p>\n","protected":false},"excerpt":{"rendered":"<p>La marca vuelve a California despu\u00e9s de 17 a\u00f1os. 24 de Enero 2023 \u00b7 12:07 hs Chanel tiene todo listo para su regreso a California en d\u00f3nde exhibir\u00e1 su colecci\u00f3n crucero 2023\/24 en Los \u00c1ngeles. La lujosa casa francesa dijo en un comunicado que su exhibici\u00f3n de cruceros, el cual se llevar\u00e1 a cabo el [&hellip;]<\/p>\n","protected":false},"author":4,"featured_media":473828,"comment_status":"open","ping_status":"closed","sticky":false,"template":"","format":"standard","meta":{"om_disable_all_campaigns":false,"jnews-multi-image_gallery":[],"jnews_single_post":[],"jnews_primary_category":[],"jnews_social_meta":[],"footnotes":""},"categories":[41],"tags":[4664],"class_list":["post-473827","post","type-post","status-publish","format-standard","has-post-thumbnail","hentry","category-cruceros","tag-chanel"],"_links":{"self":[{"href":"https:\/\/dimensionturistica.com\/es\/wp-json\/wp\/v2\/posts\/473827","targetHints":{"allow":["GET"]}}],"collection":[{"href":"https:\/\/dimensionturistica.com\/es\/wp-json\/wp\/v2\/posts"}],"about":[{"href":"https:\/\/dimensionturistica.com\/es\/wp-json\/wp\/v2\/types\/post"}],"author":[{"embeddable":true,"href":"https:\/\/dimensionturistica.com\/es\/wp-json\/wp\/v2\/users\/4"}],"replies":[{"embeddable":true,"href":"https:\/\/dimensionturistica.com\/es\/wp-json\/wp\/v2\/comments?post=473827"}],"version-history":[{"count":0,"href":"https:\/\/dimensionturistica.com\/es\/wp-json\/wp\/v2\/posts\/473827\/revisions"}],"wp:featuredmedia":[{"embeddable":true,"href":"https:\/\/dimensionturistica.com\/es\/wp-json\/wp\/v2\/media\/473828"}],"wp:attachment":[{"href":"https:\/\/dimensionturistica.com\/es\/wp-json\/wp\/v2\/media?parent=473827"}],"wp:term":[{"taxonomy":"category","embeddable":true,"href":"https:\/\/dimensionturistica.com\/es\/wp-json\/wp\/v2\/categories?post=473827"},{"taxonomy":"post_tag","embeddable":true,"href":"https:\/\/dimensionturistica.com\/es\/wp-json\/wp\/v2\/tags?post=473827"}],"curies":[{"name":"wp","href":"https:\/\/api.w.org\/{rel}","templated":true}]}}