{"id":473750,"date":"2023-01-24T17:58:44","date_gmt":"2023-01-24T17:58:44","guid":{"rendered":"https:\/\/dimensionturistica.com\/es\/?p=473750"},"modified":"2023-01-24T17:58:45","modified_gmt":"2023-01-24T17:58:45","slug":"estados-unidos-emite-advertencia-de-viaje-para-cancun-mexico-telemundo-52","status":"publish","type":"post","link":"https:\/\/dimensionturistica.com\/es\/estados-unidos-emite-advertencia-de-viaje-para-cancun-mexico-telemundo-52\/","title":{"rendered":"Estados Unidos emite advertencia de viaje para Canc\u00fan, M\u00e9xico \u2013 Telemundo 52"},"content":{"rendered":"<p> <br \/>\n<\/p>\n<div>\n<p>El <a rel=\"nofollow noopener\" target=\"_blank\" href=\"https:\/\/www.state.gov\/\" data-type=\"URL\" data-id=\"https:\/\/www.state.gov\/\">Departamento de Estado de EEUU <\/a>emiti\u00f3 el lunes una advertencia de viaje para la costa caribe\u00f1a de M\u00e9xico, llena de centros tur\u00edsticos, despu\u00e9s de que los taxistas empezaran a acosar y atacar a los conductores de la aplicaci\u00f3n de viajes compartidos Uber y a sus clientes.<\/p>\n<p>Los taxistas llegaron a bloquear el lunes una de las principales carreteras de acceso a la zona hotelera de Canc\u00fan. Esto oblig\u00f3 a algunos turistas a caminar o a coger camionetas de la polic\u00eda para coger sus vuelos o facturar.<\/p>\n<p>El Departamento de Estado advirti\u00f3 a los viajeros de que &#8220;las disputas pasadas entre estos servicios y los sindicatos locales de taxis se han vuelto violentas en ocasiones, resultando heridos ciudadanos estadounidenses en algunos casos&#8221;.<\/p>\n<p>El departamento de polic\u00eda de Canc\u00fan comparti\u00f3 fotos de viajeros subiendo a la cama de camiones policiales, y dijo que &#8220;dados los bloqueos en el bulevar Kukulc\u00e1n, nuestros agentes de tr\u00e1nsito ayudaron a la gente a llegar al aeropuerto.&#8221;<\/p>\n<p>El alcalde de Canc\u00fan pidi\u00f3 a los taxistas,enfadados por la competencia de los conductores de Uber, que mostraran moderaci\u00f3n.<\/p>\n<p>&#8220;No voy a permitir que un peque\u00f1o grupo da\u00f1e la reputaci\u00f3n del balneario y la seguridad humana&#8221;, dijo la alcaldesa Ana Patricia Peralta en un mensaje grabado.<\/p>\n<p>Las redes sociales se han llenado en los \u00faltimos dos d\u00edas de v\u00eddeos en los que se ve a turistas siendo reprendidos,y en un caso, aparentemente manoseados, por grupos de varios taxistas uniformados.<\/p>\n<p>&#8220;Es ilegal, ilegal&#8221;, se oye gritar a un taxista a una familia de turistas.<\/p>\n<p>De hecho, las aplicaciones de transporte m\u00f3vil hab\u00edan estado bloqueadas en Canc\u00fan hasta principios de este mes, cuando un tribunal concedi\u00f3 una orden judicial que permit\u00eda operar a Uber.<\/p>\n<p>Dado el elevado coste de los taxis locales en Canc\u00fan, muchos viajeros prefieren utilizar las aplicaciones.<\/p>\n<p>Algunos residentes de Canc\u00fan tambi\u00e9n publicaron v\u00eddeos o fotos de taxis rodeando a presuntos coches de ride-hailing, y un hombre dijo que estaba dando un paseo a algunas personas cuando su coche fue apedreado y abollado por los taxistas<\/p>\n<\/p><\/div>\n\n<p><em> &#8221; Fuentes news.google.com &#8221; <\/em><\/p>\n","protected":false},"excerpt":{"rendered":"<p>El Departamento de Estado de EEUU emiti\u00f3 el lunes una advertencia de viaje para la costa caribe\u00f1a de M\u00e9xico, llena de centros tur\u00edsticos, despu\u00e9s de que los taxistas empezaran a acosar y atacar a los conductores de la aplicaci\u00f3n de viajes compartidos Uber y a sus clientes. Los taxistas llegaron a bloquear el lunes una [&hellip;]<\/p>\n","protected":false},"author":4,"featured_media":473751,"comment_status":"open","ping_status":"closed","sticky":false,"template":"","format":"standard","meta":{"om_disable_all_campaigns":false,"jnews-multi-image_gallery":[],"jnews_single_post":[],"jnews_primary_category":[],"jnews_social_meta":[],"footnotes":""},"categories":[40],"tags":[2010,769],"class_list":["post-473750","post","type-post","status-publish","format-standard","has-post-thumbnail","hentry","category-industria","tag-cancun","tag-mexico"],"_links":{"self":[{"href":"https:\/\/dimensionturistica.com\/es\/wp-json\/wp\/v2\/posts\/473750","targetHints":{"allow":["GET"]}}],"collection":[{"href":"https:\/\/dimensionturistica.com\/es\/wp-json\/wp\/v2\/posts"}],"about":[{"href":"https:\/\/dimensionturistica.com\/es\/wp-json\/wp\/v2\/types\/post"}],"author":[{"embeddable":true,"href":"https:\/\/dimensionturistica.com\/es\/wp-json\/wp\/v2\/users\/4"}],"replies":[{"embeddable":true,"href":"https:\/\/dimensionturistica.com\/es\/wp-json\/wp\/v2\/comments?post=473750"}],"version-history":[{"count":0,"href":"https:\/\/dimensionturistica.com\/es\/wp-json\/wp\/v2\/posts\/473750\/revisions"}],"wp:featuredmedia":[{"embeddable":true,"href":"https:\/\/dimensionturistica.com\/es\/wp-json\/wp\/v2\/media\/473751"}],"wp:attachment":[{"href":"https:\/\/dimensionturistica.com\/es\/wp-json\/wp\/v2\/media?parent=473750"}],"wp:term":[{"taxonomy":"category","embeddable":true,"href":"https:\/\/dimensionturistica.com\/es\/wp-json\/wp\/v2\/categories?post=473750"},{"taxonomy":"post_tag","embeddable":true,"href":"https:\/\/dimensionturistica.com\/es\/wp-json\/wp\/v2\/tags?post=473750"}],"curies":[{"name":"wp","href":"https:\/\/api.w.org\/{rel}","templated":true}]}}