{"id":473681,"date":"2023-01-24T16:18:54","date_gmt":"2023-01-24T16:18:54","guid":{"rendered":"https:\/\/dimensionturistica.com\/es\/?p=473681"},"modified":"2023-01-24T16:18:55","modified_gmt":"2023-01-24T16:18:55","slug":"este-es-el-mes-mas-barato-para-viajar-por-europa-en-2023","status":"publish","type":"post","link":"https:\/\/dimensionturistica.com\/es\/este-es-el-mes-mas-barato-para-viajar-por-europa-en-2023\/","title":{"rendered":"Este es el mes m\u00e1s barato para viajar por Europa en 2023"},"content":{"rendered":"<p> <br \/>\n<\/p>\n<div id=\"article-body-content\" data-action=\"toggle\" data-status=\"on\">\n<p class=\"paragraph\" id=\"paragraph_1\">Si quieres salir de Espa\u00f1a y hacer <strong>un viaje barato por Europa<\/strong> puedes empezar a planearlo ya&#8230; Tendr\u00e1s que tener en cuenta que en un viaje <strong>influyen muchos factores<\/strong> para que se dispare el precio: el lugar al que quieras viajar, el tipo de vuelo que escojas<span>\u00a0(madrugada, por la ma\u00f1ana, en hora punta&#8230;), la calidad del resort que reserves y, sobre todo, el momento del a\u00f1o en el que viajes.<\/span><\/p>\n<p class=\"paragraph\" id=\"paragraph_2\"><span>Para este 2023 <em>Skyscanner<\/em>\u00a0apunta que el 41% de los viajeros ha decidido dar prioridad a las vacaciones frente a otro tipo de grandes gastos y el 82 % afirma que prev\u00e9 gastarse lo mismo o m\u00e1s en viajar al extranjero durante este a\u00f1o.\u00a0<\/span><\/p>\n<p class=\"paragraph\" id=\"paragraph_3\"><span>Sin embargo, si lo tuyo son <strong>los viajes <\/strong><em><strong>low price<\/strong>,<\/em> toma nota del estudio que ha hecho\u00a0<em>Viajestic<\/em>\u00a0que permite conocer cu\u00e1l es <strong>el mes m\u00e1s barato para viajar en 2023 por Europa<\/strong>. \u00bfQuieres saberlo?\u00a0<\/span><\/p>\n<h3 class=\"content__summary-title\">Febrero, el mes m\u00e1s barato<\/h3>\n<p class=\"paragraph\" id=\"paragraph_4\"><span>Comparando los precios de los distintos destinos, los vuelos y el alojamiento, el resultado muestra que\u00a0<\/span><strong>el mes m\u00e1s barato para viajar a Europa en 2023 es febrero. <\/strong>\u00bfSabes por qu\u00e9?\u00a0<\/p>\n<p class=\"paragraph\" id=\"paragraph_5\">Hay que tener en cuenta que se considera &#8220;temporada alta&#8221; los meses de agosto, septiembre, octubre, diciembre&#8230; Sin embargo, otros meses son <strong>&#8220;temporada baja&#8221;<\/strong> y entre ellos se encuentra febrero, por lo que es posible que encuentres precios m\u00e1s razonables, sobre todo, en las aerol\u00edneas.\u00a0<\/p>\n<h3 class=\"content__summary-title\">Precios vuelos baratos<\/h3>\n<p class=\"paragraph\" id=\"paragraph_6\">Comparando precios con p\u00e1ginas net como <em>Skyscanner<\/em> encontramos algunos de los destinos m\u00e1s baratos para viajar por Europa en febrero. Estos son los m\u00e1s destacados. Algunos llegan a tener <strong>hasta un descuento del 50%<\/strong>.\u00a0<\/p>\n<ul class=\"content__summary-list content__summary-list--bullets\">\n<li class=\"summary-list__item\"><strong>Roma (desde 52 euros)<\/strong><\/li>\n<li class=\"summary-list__item\"><strong>Par\u00eds (desde 51 euros)<\/strong><\/li>\n<li class=\"summary-list__item\"><strong>Londres (desde 34 euros)<\/strong><\/li>\n<li class=\"summary-list__item\"><strong>Lisboa (desde 48 euros)<\/strong><\/li>\n<li class=\"summary-list__item\"><strong>Dubl\u00edn (desde 99 euros)<\/strong><\/li>\n<li class=\"summary-list__item\"><strong>Viena (desde 166 euros)<\/strong><\/li>\n<li class=\"summary-list__item\"><strong>Venecia (desde 200 euros)<\/strong><\/li>\n<\/ul>\n<p class=\"paragraph\" id=\"paragraph_7\">Los precios no solo descender\u00e1n en los vuelos, sino tambi\u00e9n en los <strong>alojamientos<\/strong>.\u00a0Sin embargo, tendr\u00e1s que tener en cuenta que en la mayor\u00eda de estos destinos durante el mes de febrero hace<strong> peor tiempo<\/strong> que en otras \u00e9pocas del a\u00f1o, motivo por el que se rebajan los precios para atraer a los turistas.<\/p>\n<p class=\"paragraph\" id=\"paragraph_8\">Esto ocurrir\u00e1, sobre todo, en pa\u00edses como Inglaterra, Italia o Francia, por lo que prepara la ropa de invierno para disfrutar de tu escapada por Europa. En cualquier caso, ser\u00e1 oportunidad perfecta para escaparte y celebrar San Valent\u00edn.<\/p>\n<h3 class=\"content__summary-title\">Tambi\u00e9n te puede interesar&#8230;\u00a0<\/h3>\n<p><span class=\"follow-topics-title__icon\"\/>Sigue los temas que te interesan<\/p>\n<\/p><\/div>\n\n<p><em> &#8221; Fuentes news.google.com &#8221; <\/em><\/p>\n","protected":false},"excerpt":{"rendered":"<p>Si quieres salir de Espa\u00f1a y hacer un viaje barato por Europa puedes empezar a planearlo ya&#8230; Tendr\u00e1s que tener en cuenta que en un viaje influyen muchos factores para que se dispare el precio: el lugar al que quieras viajar, el tipo de vuelo que escojas\u00a0(madrugada, por la ma\u00f1ana, en hora punta&#8230;), la calidad [&hellip;]<\/p>\n","protected":false},"author":4,"featured_media":473682,"comment_status":"open","ping_status":"closed","sticky":false,"template":"","format":"standard","meta":{"om_disable_all_campaigns":false,"jnews-multi-image_gallery":[],"jnews_single_post":[],"jnews_primary_category":[],"jnews_social_meta":[],"footnotes":""},"categories":[39],"tags":[1653,22818,544,545,740],"class_list":["post-473681","post","type-post","status-publish","format-standard","has-post-thumbnail","hentry","category-viajes","tag-europa","tag-ocio-y-tiempo-libre","tag-turismo","tag-viajes","tag-vuelos"],"_links":{"self":[{"href":"https:\/\/dimensionturistica.com\/es\/wp-json\/wp\/v2\/posts\/473681","targetHints":{"allow":["GET"]}}],"collection":[{"href":"https:\/\/dimensionturistica.com\/es\/wp-json\/wp\/v2\/posts"}],"about":[{"href":"https:\/\/dimensionturistica.com\/es\/wp-json\/wp\/v2\/types\/post"}],"author":[{"embeddable":true,"href":"https:\/\/dimensionturistica.com\/es\/wp-json\/wp\/v2\/users\/4"}],"replies":[{"embeddable":true,"href":"https:\/\/dimensionturistica.com\/es\/wp-json\/wp\/v2\/comments?post=473681"}],"version-history":[{"count":0,"href":"https:\/\/dimensionturistica.com\/es\/wp-json\/wp\/v2\/posts\/473681\/revisions"}],"wp:featuredmedia":[{"embeddable":true,"href":"https:\/\/dimensionturistica.com\/es\/wp-json\/wp\/v2\/media\/473682"}],"wp:attachment":[{"href":"https:\/\/dimensionturistica.com\/es\/wp-json\/wp\/v2\/media?parent=473681"}],"wp:term":[{"taxonomy":"category","embeddable":true,"href":"https:\/\/dimensionturistica.com\/es\/wp-json\/wp\/v2\/categories?post=473681"},{"taxonomy":"post_tag","embeddable":true,"href":"https:\/\/dimensionturistica.com\/es\/wp-json\/wp\/v2\/tags?post=473681"}],"curies":[{"name":"wp","href":"https:\/\/api.w.org\/{rel}","templated":true}]}}