{"id":473321,"date":"2023-01-24T07:56:02","date_gmt":"2023-01-24T07:56:02","guid":{"rendered":"https:\/\/dimensionturistica.com\/es\/?p=473321"},"modified":"2023-01-24T07:56:03","modified_gmt":"2023-01-24T07:56:03","slug":"grupos-hoteleros-espanoles-como-nh-melia-lopesan-o-palladium-apuestan-por-la-republica-dominicana-como-destino-turistico-lider-en-informacion-social","status":"publish","type":"post","link":"https:\/\/dimensionturistica.com\/es\/grupos-hoteleros-espanoles-como-nh-melia-lopesan-o-palladium-apuestan-por-la-republica-dominicana-como-destino-turistico-lider-en-informacion-social\/","title":{"rendered":"Grupos hoteleros espa\u00f1oles como NH, Meli\u00e1, Lopesan o Palladium apuestan por la Rep\u00fablica Dominicana como destino tur\u00edstico | L\u00edder en Informaci\u00f3n Social"},"content":{"rendered":"<p> <br \/>\n<\/p>\n<p><h2>Los grandes grupos hoteleros espa\u00f1oles fomentan su presencia en la Rep\u00fablica Dominicana, una de las referencias del turismo en el Caribe y en el continente americano. El a\u00f1o pasado recibieron m\u00e1s de siete millones de turistas, datos que, seg\u00fan el Ministerio de Turismo, colocan a 2022 como \u201cel mejor a\u00f1o de la historia del turismo dominicano\u201d. <\/h2>\n<\/p>\n<div>\n<p>En esta l\u00ednea de trabajo conf\u00edan los m\u00e1ximos directivos de las compa\u00f1\u00edas espa\u00f1olas al apostar por la zona Alfredo Fern\u00e1ndez Agras, presidente de NH; Gabriel Escarrer Juli\u00e1, presidente de Meli\u00e1; Eustasio L\u00f3pez, presidente de Lopesan; y Abel Matutes Prat, presidente de Palladium. <\/p>\n<p>La semana pasada el ministro de Turismo de la Rep\u00fablica Domicana, David Collado, asegur\u00f3 que su objetivo \u201cera seguir siendo el referente en turismo para el continente; por eso vamos a seguir innovando y agotaremos una agenda de m\u00e1s de 60 reuniones donde cerraremos acuerdos con l\u00edneas a\u00e9reas, nuevos hoteles e inversiones tur\u00edsticas, as\u00ed como tour operadores, para que podamos seguir impulsando la llegada los turistas a nuestro pa\u00eds\u201d.  <\/p>\n<p>Al pabell\u00f3n en Fitur de la Rep\u00fablica Dominicana asisti\u00f3 el rey Felipe VI y la reina Letizia. Y tambi\u00e9n acudieron el presidente Banco Widespread dominicano, Cristopher Paniagua; el administrador del Banco de Reservas, Samuel Pereyra; el presidente de la Asociaci\u00f3n Dominicana de Hoteles y Turismo, David Llibre, as\u00ed como el embajador dominicano en Espa\u00f1a, Juan Bol\u00edvar D\u00edaz. Adem\u00e1s, destacados empresarios ligados al sector tur\u00edstico del pa\u00eds y otras autoridades dominicanas estuvieron presentes en el evento. <\/p>\n<p>Tanto el presidente del Banco Widespread, Cristopher Paniagua, como el administrador de Banco de Reservas, Samuel Pereyra, destacaron la importancia del turismo para el pa\u00eds y su econom\u00eda, y resaltaron el esfuerzo de todos los sectores involucrados para lograr las crecientes cifras de visitantes extranjeros.<\/p>\n<p>La semana pasada se firmaron acuerdos con Iberia y TUI, la agencia de viajes de El Corte Ingl\u00e9s, y encuentros con los tour operadores World 2 Fly y World 2 Meet, as\u00ed como con la plataforma de viajes en l\u00ednea E desires. <\/p>\n<p>Entre los asistentes en la apertura del stand tambi\u00e9n estuvieron Gabriel Escarrer, de Grupo Meli\u00e1; Encarna Pi\u00f1ero, de Inverhotel; Frank Rainieri y Hayd\u00e9e Kuret de Rainieri, de Grupo Punta Cana; Adriana Cisneros, de Grupo Cisneros, tambi\u00e9n Juan Vicini, H\u00e9ctor Jos\u00e9 Rizek, Carlos Jos\u00e9 Mart\u00ed, entre otros. <\/p>\n<p>El ministro de Turismo dominicano, David Collado, destac\u00f3 que \u201csomos un pa\u00eds abierto, de gente buena, que recibe al turista con una sonrisa\u201d y con atractivos tur\u00edsticos como la Ciudad Colonial y las paradis\u00edacas playas dominicanas (entre las mejores del mundo), adem\u00e1s del arte internacional de Iv\u00e1n Tovar y el famoso merengue, declarado en 2016 por la Unesco como Patrimonio Cultural Inmaterial de la Humanidad.<\/p>\n<\/p><\/div>\n\n<p><em> &#8221; Fuentes news.google.com &#8221; <\/em><\/p>\n","protected":false},"excerpt":{"rendered":"<p>Los grandes grupos hoteleros espa\u00f1oles fomentan su presencia en la Rep\u00fablica Dominicana, una de las referencias del turismo en el Caribe y en el continente americano. El a\u00f1o pasado recibieron m\u00e1s de siete millones de turistas, datos que, seg\u00fan el Ministerio de Turismo, colocan a 2022 como \u201cel mejor a\u00f1o de la historia del turismo [&hellip;]<\/p>\n","protected":false},"author":4,"featured_media":473322,"comment_status":"open","ping_status":"closed","sticky":false,"template":"","format":"standard","meta":{"om_disable_all_campaigns":false,"jnews-multi-image_gallery":[],"jnews_single_post":[],"jnews_primary_category":[],"jnews_social_meta":[],"footnotes":""},"categories":[39],"tags":[715,770,1289,1430,544],"class_list":["post-473321","post","type-post","status-publish","format-standard","has-post-thumbnail","hentry","category-viajes","tag-economia","tag-espana","tag-hoteles","tag-republica-dominicana","tag-turismo"],"_links":{"self":[{"href":"https:\/\/dimensionturistica.com\/es\/wp-json\/wp\/v2\/posts\/473321","targetHints":{"allow":["GET"]}}],"collection":[{"href":"https:\/\/dimensionturistica.com\/es\/wp-json\/wp\/v2\/posts"}],"about":[{"href":"https:\/\/dimensionturistica.com\/es\/wp-json\/wp\/v2\/types\/post"}],"author":[{"embeddable":true,"href":"https:\/\/dimensionturistica.com\/es\/wp-json\/wp\/v2\/users\/4"}],"replies":[{"embeddable":true,"href":"https:\/\/dimensionturistica.com\/es\/wp-json\/wp\/v2\/comments?post=473321"}],"version-history":[{"count":0,"href":"https:\/\/dimensionturistica.com\/es\/wp-json\/wp\/v2\/posts\/473321\/revisions"}],"wp:featuredmedia":[{"embeddable":true,"href":"https:\/\/dimensionturistica.com\/es\/wp-json\/wp\/v2\/media\/473322"}],"wp:attachment":[{"href":"https:\/\/dimensionturistica.com\/es\/wp-json\/wp\/v2\/media?parent=473321"}],"wp:term":[{"taxonomy":"category","embeddable":true,"href":"https:\/\/dimensionturistica.com\/es\/wp-json\/wp\/v2\/categories?post=473321"},{"taxonomy":"post_tag","embeddable":true,"href":"https:\/\/dimensionturistica.com\/es\/wp-json\/wp\/v2\/tags?post=473321"}],"curies":[{"name":"wp","href":"https:\/\/api.w.org\/{rel}","templated":true}]}}