{"id":473061,"date":"2023-01-23T23:32:16","date_gmt":"2023-01-23T23:32:16","guid":{"rendered":"https:\/\/dimensionturistica.com\/es\/?p=473061"},"modified":"2023-01-23T23:32:17","modified_gmt":"2023-01-23T23:32:17","slug":"queretaro-apuesta-por-la-cooperacion-turistica-internacional-contrareplica","status":"publish","type":"post","link":"https:\/\/dimensionturistica.com\/es\/queretaro-apuesta-por-la-cooperacion-turistica-internacional-contrareplica\/","title":{"rendered":"Quer\u00e9taro apuesta por la cooperaci\u00f3n tur\u00edstica internacional &#8211; ContraR\u00e9plica"},"content":{"rendered":"<p> <br \/>\n<\/p>\n<div id=\"contenidonota\">\n<p>Durante la participaci\u00f3n del estado de <b>Quer\u00e9taro en la Feria Internacional de Turismo de Madrid, la secretaria del ramo, Adriana Vega V\u00e1zquez Mellado<\/b>, encabez\u00f3 una agenda de reuniones que apuestan a la cooperaci\u00f3n tur\u00edstica internacional para la proyecci\u00f3n del estado como destino.\n<\/p>\n<p>Bajo esta perspectiva, <b>Adriana Vega<\/b> recibi\u00f3 en el stand de Quer\u00e9taro la visita de cortes\u00eda de la Ministra de la Agencia Estatal para el Desarrollo del Turismo de la Delegaci\u00f3n de Ucrania, Olha Rabiichuk, a quien refrend\u00f3 la solidaridad y el apoyo de Quer\u00e9taro para impulsar al turismo como una industria capaz de generar econom\u00eda en todos los escenarios.\n<\/p>\n<p>En otro momento, la secretaria de Turismo de Quer\u00e9taro se reuni\u00f3 con la presidenta del Consejo Mundial de Viajes y Turismo (WTTC), Julia Simpson, con quien comparti\u00f3 la visi\u00f3n de hacer del estado un destino m\u00e1s competitivo a nivel internacional, apegado a los lineamientos internacionales y tender lazos de colaboraci\u00f3n con este organismo, considerado el m\u00e1s importante del mundo entre el sector privado en materia tur\u00edstica.\n<\/p>\n<p>Adicional, se establecieron importantes acercamientos y alianzas como la firma de convenio con la Universidad de Nebrija (Espa\u00f1a), representada por la Decana, Ana Fern\u00e1ndez Ardav\u00edn, y cuyo objetivo es participar en intercambio de conocimientos y cooperar en la formaci\u00f3n de profesionales del sector tur\u00edstico, intercambio de estudiantes y catedr\u00e1ticos; as\u00ed como el desarrollo de investigaciones conjuntas.\n<\/p>\n<p>Con el objetivo de seguir posicionando el enoturismo de Quer\u00e9taro, la secretaria se reuni\u00f3 con el director common de Turismo de Valladolid, Juan Manuel Guimerans, as\u00ed como con el director del Competition FINE Wine and Expo, Alberto Alonso, con quienes se buscar\u00e1 atraer a Quer\u00e9taro una edici\u00f3n mexicana de este importante pageant que es reconocido entre los m\u00e1s importantes del mundo v\u00ednico. En este mismo sentido, sostuvo un encuentro con la Consejal de Turismo de la provincia de Jerez (Espa\u00f1a), Isabel Gallardo.\n<\/p>\n<p>Entre las reuniones de la jornada destaca el encuentro de la delegaci\u00f3n queretana con la alcaldesa de Segovia, Clara Mart\u00edn y el Consejal de Turismo, Miguel Merino. Ah\u00ed acordaron trabajar sobre un hermanamiento cultural, enotur\u00edstico y patrimonial, ya que ambas entidades cuentan con acueductos milenarios e hist\u00f3ricos.\n<\/p>\n<p>Finalmente, la secretaria de turismo de Quer\u00e9taro tuvo encuentros con empresas touroperadoras internacionales como CATAI y Juli\u00e1 Excursions, la aerol\u00ednea Avoris, el presidente del Concurso Mundial de Brusellas, Baudouin Havaux; entre otras personalidades.\n<\/p>\n<\/p><\/div>\n<p><script>!function(f,b,e,v,n,t,s){if(f.fbq)return;n=f.fbq=function(){n.callMethod?n.callMethod.apply(n,arguments):n.queue.push(arguments)};if(!f._fbq)f._fbq=n;n.push=n;n.loaded=!0;n.version='2.0';n.queue=[];t=b.createElement(e);t.async=!0;t.src=v;s=b.getElementsByTagName(e)[0];s.parentNode.insertBefore(t,s)}(window,document,'script','https:\/\/connect.facebook.net\/en_US\/fbevents.js');fbq('init','335314113974215');fbq('track','PageView');<\/script><br \/>\n<br \/><\/p>\n<p><em> &#8221; Fuentes news.google.com &#8221; <\/em><\/p>\n","protected":false},"excerpt":{"rendered":"<p>Durante la participaci\u00f3n del estado de Quer\u00e9taro en la Feria Internacional de Turismo de Madrid, la secretaria del ramo, Adriana Vega V\u00e1zquez Mellado, encabez\u00f3 una agenda de reuniones que apuestan a la cooperaci\u00f3n tur\u00edstica internacional para la proyecci\u00f3n del estado como destino. Bajo esta perspectiva, Adriana Vega recibi\u00f3 en el stand de Quer\u00e9taro la visita [&hellip;]<\/p>\n","protected":false},"author":4,"featured_media":473062,"comment_status":"open","ping_status":"closed","sticky":false,"template":"","format":"standard","meta":{"om_disable_all_campaigns":false,"jnews-multi-image_gallery":[],"jnews_single_post":[],"jnews_primary_category":[],"jnews_social_meta":[],"footnotes":""},"categories":[40],"tags":[770,1875,2553,544],"class_list":["post-473061","post","type-post","status-publish","format-standard","has-post-thumbnail","hentry","category-industria","tag-espana","tag-inversion","tag-queretaro","tag-turismo"],"_links":{"self":[{"href":"https:\/\/dimensionturistica.com\/es\/wp-json\/wp\/v2\/posts\/473061","targetHints":{"allow":["GET"]}}],"collection":[{"href":"https:\/\/dimensionturistica.com\/es\/wp-json\/wp\/v2\/posts"}],"about":[{"href":"https:\/\/dimensionturistica.com\/es\/wp-json\/wp\/v2\/types\/post"}],"author":[{"embeddable":true,"href":"https:\/\/dimensionturistica.com\/es\/wp-json\/wp\/v2\/users\/4"}],"replies":[{"embeddable":true,"href":"https:\/\/dimensionturistica.com\/es\/wp-json\/wp\/v2\/comments?post=473061"}],"version-history":[{"count":0,"href":"https:\/\/dimensionturistica.com\/es\/wp-json\/wp\/v2\/posts\/473061\/revisions"}],"wp:featuredmedia":[{"embeddable":true,"href":"https:\/\/dimensionturistica.com\/es\/wp-json\/wp\/v2\/media\/473062"}],"wp:attachment":[{"href":"https:\/\/dimensionturistica.com\/es\/wp-json\/wp\/v2\/media?parent=473061"}],"wp:term":[{"taxonomy":"category","embeddable":true,"href":"https:\/\/dimensionturistica.com\/es\/wp-json\/wp\/v2\/categories?post=473061"},{"taxonomy":"post_tag","embeddable":true,"href":"https:\/\/dimensionturistica.com\/es\/wp-json\/wp\/v2\/tags?post=473061"}],"curies":[{"name":"wp","href":"https:\/\/api.w.org\/{rel}","templated":true}]}}