{"id":472852,"date":"2023-01-23T18:20:17","date_gmt":"2023-01-23T18:20:17","guid":{"rendered":"https:\/\/dimensionturistica.com\/es\/?p=472852"},"modified":"2023-01-23T18:20:18","modified_gmt":"2023-01-23T18:20:18","slug":"la-feria-de-la-enchilada-y-el-torito-en-tacicuaro-michoacan-2023","status":"publish","type":"post","link":"https:\/\/dimensionturistica.com\/es\/la-feria-de-la-enchilada-y-el-torito-en-tacicuaro-michoacan-2023\/","title":{"rendered":"La Feria de la Enchilada y el Torito en Tacicuaro, Michoac\u00e1n 2023"},"content":{"rendered":"<p> <br \/>\n<\/p>\n<div>\n<p>Morelia, Michoac\u00e1n.- \u00bfBuscas una experiencia aut\u00e9ntica en <a rel=\"nofollow noopener\" target=\"_blank\" href=\"https:\/\/www.debate.com.mx\/policiacas\/Trailer-se-voltea-y-se-incendia-en-la-carretera-Morelia---Guadalajara-20230123-0034.html\">Morelia<\/a>? No te pierdas la <strong>Feria de la Enchilada y el Torito<\/strong> en la tenencia de Tacicuaro, la cual se\u00a0llevar\u00e1 a cabo los d\u00edas <strong>1 y 2 de febrero,<\/strong> prepara tus maletas y l\u00e1nzate a la aventura.<\/p>\n<p>La feria comenzar\u00e1 con una inauguraci\u00f3n a las 10 de la ma\u00f1ana de 1 de febrero, seguida por una cabalgata que saldr\u00e1 del crucero de Capula y las entradas del pueblo, con la procesi\u00f3n con la virgen, hasta llegar a la plaza. All\u00ed, podr\u00e1s ver a las <strong>reinas con su traje t\u00edpico<\/strong>, las cuales participar\u00e1n para coronarse como <strong>la Reina de la Enchilada<\/strong>.<\/p>\n<p>El segundo d\u00eda, se conmemorar\u00e1n las fiestas patronales con diversas actividades culturales t\u00edpicas de <a rel=\"nofollow noopener\" target=\"_blank\" href=\"https:\/\/www.debate.com.mx\/michoacan\/VIDEO-Usuario-de-Tik-Tok-captura-bello-paseo-de-ballenas-en-costas-de-Michoacan-20230122-0208.html\">Michoac\u00e1n<\/a>\u00a0y la coronaci\u00f3n de la reina.<\/p>\n<p>La feria no solo es una oportunidad para disfrutar de la <strong>comida <\/strong>y la cultura native, sino tambi\u00e9n para apoyar a los emprendedores y artesanos de la zona.<\/p>\n<p><strong>La Feria de la Enchilada contar\u00e1 con 10 puestos de enchiladas<\/strong>, 10 emprendedores ofertando artesan\u00eda native, 2 puestos de mezcal,\u00a0 m\u00e1s otros 10 puestos gastron\u00f3micos de diferentes comidas y 8 artesanos de otras zonas. Tambi\u00e9n se llevar\u00e1 a cabo el <strong>tradicional baile del Torito de Petate<\/strong>.<\/p>\n<p>La secretaria de Fomento Econ\u00f3mico, Guadalupe Herrera Calder\u00f3n, se\u00f1al\u00f3 que la expectativa es que asistan al menos mil personas a la feria, y que el objetivo es tener un acercamiento con cada una de las tenencias.<\/p>\n<p>Te recomendamos leer:<\/p>\n<p>No te pierdas la oportunidad de disfrutar de una <strong>experiencia \u00fanica en Morelia<\/strong> y de probar la deliciosa <strong><a rel=\"nofollow noopener\" target=\"_blank\" href=\"https:\/\/www.debate.com.mx\/mundo\/Abandona-mas-de-40-dias-a-sus-hijos-sin-comida-ni-dinero-se-va-a-Marruecos-a-buscar-a-su-esposa-20230121-0109.html\">comida<\/a> native<\/strong> y conocer el tradicional <strong>Torito de Petate<\/strong>. No olvides traer tu c\u00e1mara para capturar los hermosos paisajes y trajes t\u00edpicos de la zona. \u00a1Te esperamos en la Feria de la Enchilada y el Torito en Tacicuaro!<\/p>\n<p><amp-facebook data-href=\"https:\/\/www.facebook.com\/periodicoeldebate\/videos\/1958328541030331\/\" width=\"267\" height=\"476\" layout=\"responsive\" data-embed-as=\"video\" class=\"i-amphtml-layout-responsive i-amphtml-layout-size-defined\" i-amphtml-layout=\"responsive\"><i-amphtml-sizer style=\"display:block;padding-top:178.2772%\"\/><\/amp-facebook><\/div>\n<div>\n<p class=\"authorbox__description\">Me conocen como Eliza Flores, soy egresada de la licenciatura en Derecho y Ciencias Sociales, de la Universidad Michoacana de San Nicol\u00e1s de Hidalgo. Desde peque\u00f1a tuve la curiosidad de trabajar para revistas de divulgaci\u00f3n cient\u00edfica. He trabajado como fotoperiodista y co conductora en la radio native. Desde el 5 de abril del 2022 ingres\u00e9 a laborar para El Debate, desempe\u00f1ando el puesto de Reportera Net, cubriendo el estado de Michoac\u00e1n. Estoy lista para escuchar todo tipo de historias, me puedes contactar en mi correo electr\u00f3nico elizabeth.flores@debate.com.mx<\/p>\n<p>  <a rel=\"nofollow noopener\" target=\"_blank\" href=\"https:\/\/www.debate.com.mx\/staff\/elizabeth.flores\" title=\"Eliza Flores\" class=\"authorbox__link\">Ver m\u00e1s<\/a> <\/div>\n\n<p><em> &#8221; Fuentes news.google.com &#8221; <\/em><\/p>\n","protected":false},"excerpt":{"rendered":"<p>Morelia, Michoac\u00e1n.- \u00bfBuscas una experiencia aut\u00e9ntica en Morelia? No te pierdas la Feria de la Enchilada y el Torito en la tenencia de Tacicuaro, la cual se\u00a0llevar\u00e1 a cabo los d\u00edas 1 y 2 de febrero, prepara tus maletas y l\u00e1nzate a la aventura. La feria comenzar\u00e1 con una inauguraci\u00f3n a las 10 de la [&hellip;]<\/p>\n","protected":false},"author":4,"featured_media":472853,"comment_status":"open","ping_status":"closed","sticky":false,"template":"","format":"standard","meta":{"om_disable_all_campaigns":false,"jnews-multi-image_gallery":[],"jnews_single_post":[],"jnews_primary_category":[],"jnews_social_meta":[],"footnotes":""},"categories":[41],"tags":[872,6037,545],"class_list":["post-472852","post","type-post","status-publish","format-standard","has-post-thumbnail","hentry","category-cruceros","tag-festival","tag-michoacan","tag-viajes"],"_links":{"self":[{"href":"https:\/\/dimensionturistica.com\/es\/wp-json\/wp\/v2\/posts\/472852","targetHints":{"allow":["GET"]}}],"collection":[{"href":"https:\/\/dimensionturistica.com\/es\/wp-json\/wp\/v2\/posts"}],"about":[{"href":"https:\/\/dimensionturistica.com\/es\/wp-json\/wp\/v2\/types\/post"}],"author":[{"embeddable":true,"href":"https:\/\/dimensionturistica.com\/es\/wp-json\/wp\/v2\/users\/4"}],"replies":[{"embeddable":true,"href":"https:\/\/dimensionturistica.com\/es\/wp-json\/wp\/v2\/comments?post=472852"}],"version-history":[{"count":0,"href":"https:\/\/dimensionturistica.com\/es\/wp-json\/wp\/v2\/posts\/472852\/revisions"}],"wp:featuredmedia":[{"embeddable":true,"href":"https:\/\/dimensionturistica.com\/es\/wp-json\/wp\/v2\/media\/472853"}],"wp:attachment":[{"href":"https:\/\/dimensionturistica.com\/es\/wp-json\/wp\/v2\/media?parent=472852"}],"wp:term":[{"taxonomy":"category","embeddable":true,"href":"https:\/\/dimensionturistica.com\/es\/wp-json\/wp\/v2\/categories?post=472852"},{"taxonomy":"post_tag","embeddable":true,"href":"https:\/\/dimensionturistica.com\/es\/wp-json\/wp\/v2\/tags?post=472852"}],"curies":[{"name":"wp","href":"https:\/\/api.w.org\/{rel}","templated":true}]}}