{"id":472267,"date":"2023-01-22T20:19:07","date_gmt":"2023-01-22T20:19:07","guid":{"rendered":"https:\/\/dimensionturistica.com\/es\/?p=472267"},"modified":"2023-01-22T20:19:08","modified_gmt":"2023-01-22T20:19:08","slug":"berlin-conoce-uno-de-los-destinos-mas-populares-de-europa","status":"publish","type":"post","link":"https:\/\/dimensionturistica.com\/es\/berlin-conoce-uno-de-los-destinos-mas-populares-de-europa\/","title":{"rendered":"Berl\u00edn: Conoce uno de los destinos m\u00e1s populares de Europa"},"content":{"rendered":"<p> <br \/>\n<\/p>\n<div>\n<p><strong>La capital germana es la ciudad m\u00e1s poblada del pa\u00eds, con m\u00e1s de cuatro millones de habitantes.<\/strong> Es uno de los centros de mayor actividad econ\u00f3mica, tanto en Europa como en el mundo, y una de las ciudades m\u00e1s visitadas por los turistas.<\/p>\n<p><strong>No ayuda al turismo el clima, muy fr\u00edo en las \u00e9pocas invernales<\/strong>, frecuentemente con temperaturas bajo cero.<\/p>\n<p>Sin embargo, no todo ha sido esplendor en Berl\u00edn. A lo largo de su historia, ha sufrido varios varapalos que la han mermado, pero sin duda el m\u00e1s doloroso fue el que se produjo al last de la Segunda Guerra Mundial.<\/p>\n<p><strong>\u00daltimo reducto de la Alemania nazi,<\/strong> la capital fue bombardeada sin cuartel por el Ej\u00e9rcito sovi\u00e9tico, que dej\u00f3 la ciudad completamente en ruinas. Lejos quedaron los gloriosos sue\u00f1os de Hitler, que ansiaba convertirla en una urbe comparable a las antiguas y fastuosas ciudades romanas.<\/p>\n<p>Pero el calvario no acabar\u00eda aqu\u00ed. En los acuerdos que pon\u00edan fin a la guerra, se decidi\u00f3, por parte de las cuatro potencias vencedoras, esto es, Francia, Gran Breta\u00f1a, Estados Unidos y la Uni\u00f3n Sovi\u00e9tica, dividir el pa\u00eds en cuatro partes, cada una de ellas controlada por un pa\u00eds.<\/p>\n<p><strong>La tarea se presum\u00eda inabarcable desde el principio<\/strong>, y solo tuvieron que pasar tres a\u00f1os para que, en 1948, los tres pa\u00edses del bloque occidental unificaran sus zonas y adoptaran una moneda com\u00fan, pasando a conocerse la zona occidental como Rep\u00fablica Federal de Alemania.<\/p>\n<p><strong>Los sovi\u00e9ticos replicaron con la creaci\u00f3n de la Rep\u00fablica Democr\u00e1tica de Alemania, con capital en la propia Berl\u00edn,<\/strong> que a su vez tambi\u00e9n quedaba dividida en dos zonas. La zona sovi\u00e9tica impuso un bloqueo y, posteriormente, levant\u00f3 un muro que ser\u00eda el icono de la horrible separaci\u00f3n del mundo en dos bloques. El muro de Berl\u00edn se convirti\u00f3 en la imagen de la Guerra Fr\u00eda.<\/p>\n<p>En la zona sovi\u00e9tica se sucedieron a\u00f1os de penurias, intentos de pasar de la frontera sovi\u00e9tica a la occidental, con varios capturados y numerosos muertos, hasta que, con el desmoronamiento sovi\u00e9tico, cay\u00f3 tambi\u00e9n el muro de Berl\u00edn. Un 9 de noviembre de 1989, la imagen que daba la tremenda construcci\u00f3n period la opuesta: la del derribo de un viejo sistema que ya nadie quer\u00eda ver. C\u00e9lebres son ya las im\u00e1genes de alemanes derribando el muro con lo que ten\u00edan m\u00e1s a mano, ante la pasividad de los centinelas. <\/p>\n<p><strong>Si bien las secuelas del distinto desarrollo econ\u00f3mico que tuvieron las dos zonas de Alemania a\u00fan no est\u00e1n superadas<\/strong>, Berl\u00edn ha vuelto a ser lo que fue all\u00e1 en los principios de siglo: uno de los epicentros culturales de Europa. De un lado, contin\u00faan las tradiciones; del otro, se impone la vanguardia. <\/p>\n<h2><strong>La ciudad de los artistas<\/strong><\/h2>\n<p><strong>Berl\u00edn tiene una gran tradici\u00f3n en el campo del jazz y del swing <\/strong>que se ha mantenido hasta nuestros d\u00edas, con la celebraci\u00f3n de uno de los m\u00e1s importantes eventos jazz\u00edsticos que se pueden ver, el pageant de jazz de Berl\u00edn. Esta m\u00fasica tradicional contrasta con la impresionante vanguardia musical que hace de la capital germana el punto de peregrinaci\u00f3n de los amantes de la m\u00fasica electr\u00f3nica. <\/p>\n<p>Adem\u00e1s de la m\u00fasica, Berl\u00edn tambi\u00e9n es conocida en el \u00e1mbito cultural por albergar la Berlinale, pageant cinematogr\u00e1fico que cada a??o escoge las mejores pel\u00edculas que se han filmado en el curso. <\/p>\n<p><strong>Est\u00e1 enfocado sobre todo al cine independiente, intentando alejarse de las grandes superproducciones y centr\u00e1ndose en los filmes europeos. <\/strong>Grande es el prestigio que obtiene aquel que consigue un Oso, el galard\u00f3n con el que este pageant premia a directores, actores, guionistas y por supuesto, pel\u00edculas. <\/p>\n<p>A la hora de visitar Berl\u00edn, se distinguen dos momentos para hacerlo:<strong> durante el d\u00eda, el turista est\u00e1 casi obligado a contemplar lo que queda del muro<\/strong>, o la reconstrucci\u00f3n del Reichstag, hoy conocido como Bundestag; tambi\u00e9n la puerta de Brandeburgo, que simboliza la reunificaci\u00f3n alemana. <\/p>\n<p><strong>Durante la noche, lo m\u00e1s frecuente es visitar las numerosas y c\u00e9lebres cervecer\u00edas berlinesas antes de internarse en la vanguardista ruta de los clubes<\/strong>, donde la fiesta se hace algo m\u00e1s ruidosa. Aunque todo esto depende del perfil del turista, por supuesto. <\/p>\n<p><strong>Berl\u00edn es tan amplia, ofrece tantas posibilidades, <\/strong>que cualquier viajero se sentir\u00e1 satisfecho de su visita.  <\/p>\n<\/p><\/div>\n\n<p><em> &#8221; Fuentes news.google.com &#8221; <\/em><\/p>\n","protected":false},"excerpt":{"rendered":"<p>La capital germana es la ciudad m\u00e1s poblada del pa\u00eds, con m\u00e1s de cuatro millones de habitantes. Es uno de los centros de mayor actividad econ\u00f3mica, tanto en Europa como en el mundo, y una de las ciudades m\u00e1s visitadas por los turistas. No ayuda al turismo el clima, muy fr\u00edo en las \u00e9pocas invernales, [&hellip;]<\/p>\n","protected":false},"author":4,"featured_media":472268,"comment_status":"open","ping_status":"closed","sticky":false,"template":"","format":"standard","meta":{"om_disable_all_campaigns":false,"jnews-multi-image_gallery":[],"jnews_single_post":[],"jnews_primary_category":[],"jnews_social_meta":[],"footnotes":""},"categories":[39],"tags":[13096,1653,545],"class_list":["post-472267","post","type-post","status-publish","format-standard","has-post-thumbnail","hentry","category-viajes","tag-berlin","tag-europa","tag-viajes"],"_links":{"self":[{"href":"https:\/\/dimensionturistica.com\/es\/wp-json\/wp\/v2\/posts\/472267","targetHints":{"allow":["GET"]}}],"collection":[{"href":"https:\/\/dimensionturistica.com\/es\/wp-json\/wp\/v2\/posts"}],"about":[{"href":"https:\/\/dimensionturistica.com\/es\/wp-json\/wp\/v2\/types\/post"}],"author":[{"embeddable":true,"href":"https:\/\/dimensionturistica.com\/es\/wp-json\/wp\/v2\/users\/4"}],"replies":[{"embeddable":true,"href":"https:\/\/dimensionturistica.com\/es\/wp-json\/wp\/v2\/comments?post=472267"}],"version-history":[{"count":0,"href":"https:\/\/dimensionturistica.com\/es\/wp-json\/wp\/v2\/posts\/472267\/revisions"}],"wp:featuredmedia":[{"embeddable":true,"href":"https:\/\/dimensionturistica.com\/es\/wp-json\/wp\/v2\/media\/472268"}],"wp:attachment":[{"href":"https:\/\/dimensionturistica.com\/es\/wp-json\/wp\/v2\/media?parent=472267"}],"wp:term":[{"taxonomy":"category","embeddable":true,"href":"https:\/\/dimensionturistica.com\/es\/wp-json\/wp\/v2\/categories?post=472267"},{"taxonomy":"post_tag","embeddable":true,"href":"https:\/\/dimensionturistica.com\/es\/wp-json\/wp\/v2\/tags?post=472267"}],"curies":[{"name":"wp","href":"https:\/\/api.w.org\/{rel}","templated":true}]}}