{"id":472038,"date":"2023-01-22T10:29:05","date_gmt":"2023-01-22T10:29:05","guid":{"rendered":"https:\/\/dimensionturistica.com\/es\/?p=472038"},"modified":"2023-01-22T10:29:07","modified_gmt":"2023-01-22T10:29:07","slug":"los-hoteles-y-alojamientos-de-alicante-refuerzan-relaciones-comerciales-e-institucionales-en-fitur-2","status":"publish","type":"post","link":"https:\/\/dimensionturistica.com\/es\/los-hoteles-y-alojamientos-de-alicante-refuerzan-relaciones-comerciales-e-institucionales-en-fitur-2\/","title":{"rendered":"Los Hoteles y Alojamientos de Alicante refuerzan relaciones comerciales e institucionales en Fitur"},"content":{"rendered":"<p> <br \/>\n<\/p>\n<div id=\"article-body-content\" data-action=\"toggle\" data-status=\"on\">\n<p class=\"paragraph\" id=\"paragraph_1\">La delegaci\u00f3n de la <a rel=\"nofollow noopener\" target=\"_blank\" href=\"https:\/\/www.elespanol.com\/alicante\/economia\/turismo\/20230120\/prediccion-hoteles-alicantinos-fitur-ano-fin-recuperacion\/735176598_0.html\">Asociaci\u00f3n Provincial de Hoteles y Alojamientos Tur\u00edsticos de la provincia de Alicante (APHA)<\/a> ha estado presente en la Feria Internacional de Turismo celebrada en Madrid. Al acto ha acudido su presidente, Luis Castillo, qui\u00e9n ha desempe\u00f1ado una gran labor para promocionar los establecimientos hoteleros y alojamientos alicantinos.<\/p>\n<p class=\"paragraph\" id=\"paragraph_2\">Las reuniones se han sucedido con <strong>turoperadores y navieras y las participaciones en actos institucionales<\/strong> con las administraciones tur\u00edsticas de la Comunitat Valenciana, Patronato Costa Blanca y Patronato Municipal de Turismo de Alicante han sido m\u00faltiples. Junto al alcalde de Alicante, Luis Barcala, que ha valorado muy positivamente la implicaci\u00f3n de los hoteles de Alicante en los proyectos de la ciudad:<\/p>\n<p class=\"paragraph\" id=\"paragraph_3\">En la <strong>presentaci\u00f3n de la certificaci\u00f3n Starlight para la Isla de Tabarca<\/strong>, un reconocimiento a la calidad de su cielo, un elemento clave para los amantes de la astronom\u00eda y los paisajes nocturnos, y que contribuye a la desestacionalizaci\u00f3n del turismo en la isla alicantina.<\/p>\n<p class=\"paragraph\" id=\"paragraph_4\"><a rel=\"nofollow noopener\" target=\"_blank\" cmp-ltrk=\"links-parrafos\" cmp-ltrk-idx=\"2\" href=\"https:\/\/www.elespanol.com\/alicante\/economia\/turismo\/20230119\/radiografia-turismo-valenciano-sin-turistica-millones-pib\/734676771_0.html\" mrfobservableid=\"7addf5ae-7b69-40ae-b43e-10c18b846372\"><em>[Radiograf\u00eda del turismo valenciano sin tasa tur\u00edstica: ya aporta 19.402 millones al PIB, m\u00e1s que en 2019]<\/em><\/a><\/p>\n<h3 class=\"content__summary-title\">Fortaleciendo relaciones<\/h3>\n<p class=\"paragraph\" id=\"paragraph_5\">En Fitur, APHA tambi\u00e9n ha aprovechado la ocasi\u00f3n <strong>para fortalecer relaciones con otras instituciones alicantinas,<\/strong> como las siguientes:\u00a0 el presidente de APHA, Luis Castillo, y Adri\u00e1n Pastor, del Resort Bonalba, han mantenido una conversaci\u00f3n con \u00c1stor L\u00f3pez Caballero, Affiliate Market Supervisor de Expedia Group.\u00a0<\/p>\n<p class=\"paragraph\" id=\"paragraph_6\">Redoblando la apuesta precise y futura por el canal de agencias de viaje, Cristina<br \/>Tudusciuc, directora comercial del Resort Almirante se ha reunido con Miguel Jim\u00e9nez<br \/>Mart\u00ednez, presidente de la Asociaci\u00f3n Empresarial Valenciana de Agencias de Viaje<br \/>(AEVAV)<\/p>\n<p class=\"paragraph\" id=\"paragraph_7\">Tambi\u00e9n Cristina Tudusciuc ha mantenido un encuentro con Miguel \u00c1ngel Sotillos,<br \/>presidente de la Asociaci\u00f3n de Empresas de Apartamentos Tur\u00edsticos de la Comunidad<br \/>Valenciana.<\/p>\n<p class=\"paragraph\" id=\"paragraph_8\">Adem\u00e1s, la representaci\u00f3n de APHA ha estrechado lazos con<strong> Vectalia, que ya avanza en el metaverso<\/strong>, una herramienta de futuro que representa ya una oportunidad de<br \/>promoci\u00f3n y venta y en la que APHA tienen depositada su confianza.<\/p>\n<p class=\"paragraph\" id=\"paragraph_9\">Adem\u00e1s, la representaci\u00f3n de APHA ha estrechado lazos con Vectalia, que ya avanza en el metaverso, una herramienta de futuro que representa ya una oportunidad de<br \/>promoci\u00f3n y venta y en la que APHA tienen depositada su confianza.<\/p>\n<h3 class=\"content__summary-title\">The Ocean Race<\/h3>\n<p class=\"paragraph\" id=\"paragraph_10\">Por otro lado, APHA todav\u00eda est\u00e1 de enhorabujena por las buenas cifras recogidas del evento de la <strong>Vuelta al Mundo a Vela The Ocean Race<\/strong>, que tuvo lugar en Alicante la semana pasada.<\/p>\n<p class=\"paragraph\" id=\"paragraph_11\">Seg\u00fan los datos facilitados por los <strong>establecimientos asociados a APHA, entre los d\u00edas 12 y 15 de enero<\/strong> (los d\u00edas m\u00e1s concurridos) se ha logrado una tasa del 65,5%. Por su parte, la alicantina playa de San Juan ha logrado mejores cifras incluso, con una ocupaci\u00f3n del 87,9%.<\/p>\n<p>Se trata de una tasa modesta, pero significativa para esta \u00e9poca del a\u00f1o, ya que genera pernoctaciones<strong> en un momento de muy baja demanda<\/strong>. Estas cifras, no obstante, est\u00e1n por debajo de las alcanzadas en ediciones que se celebraron en fechas fuera del invierno y <strong>bajo el patrocinio de la firma Volvo<\/strong>.<\/p>\n<p>El steadiness del acontecimiento n\u00e1utico es muy positivo en su conjunto. Las buenas cifras de ocupaci\u00f3n se dan en el momento menos concurrido de la temporada. Por otro lado, y sin duda se trata del impacto m\u00e1s relevante, e<strong>l nombre de Alicante llega a todos los rincones del mundo<\/strong> por unos d\u00edas, aparecen im\u00e1genes y noticias en todos los medios internacionales y se genera una imagen positiva del destino asociada a una aventura n\u00e1utica de primer orden.<\/p>\n<p>APHA coincide, por tanto, en reconocer la relevancia que tiene The Ocean Race para Alicante y manifiesta su m\u00e1ximo<strong> apoyo a las gestiones para conseguir la continuidad de este evento<\/strong> en la ciudad en futuras ediciones.<\/p>\n<p><span class=\"follow-topics-title__icon\"\/>Sigue los temas que te interesan<\/p>\n<\/p><\/div>\n\n<p><em> &#8221; Fuentes news.google.com &#8221; <\/em><\/p>\n","protected":false},"excerpt":{"rendered":"<p>La delegaci\u00f3n de la Asociaci\u00f3n Provincial de Hoteles y Alojamientos Tur\u00edsticos de la provincia de Alicante (APHA) ha estado presente en la Feria Internacional de Turismo celebrada en Madrid. Al acto ha acudido su presidente, Luis Castillo, qui\u00e9n ha desempe\u00f1ado una gran labor para promocionar los establecimientos hoteleros y alojamientos alicantinos. Las reuniones se han [&hellip;]<\/p>\n","protected":false},"author":4,"featured_media":471047,"comment_status":"open","ping_status":"closed","sticky":false,"template":"","format":"standard","meta":{"om_disable_all_campaigns":false,"jnews-multi-image_gallery":[],"jnews_single_post":[],"jnews_primary_category":[],"jnews_social_meta":[],"footnotes":""},"categories":[39],"tags":[19663,3005,715,4593,1289],"class_list":["post-472038","post","type-post","status-publish","format-standard","has-post-thumbnail","hentry","category-viajes","tag-alicante-provincia","tag-comunidad-valenciana","tag-economia","tag-fitur","tag-hoteles"],"_links":{"self":[{"href":"https:\/\/dimensionturistica.com\/es\/wp-json\/wp\/v2\/posts\/472038","targetHints":{"allow":["GET"]}}],"collection":[{"href":"https:\/\/dimensionturistica.com\/es\/wp-json\/wp\/v2\/posts"}],"about":[{"href":"https:\/\/dimensionturistica.com\/es\/wp-json\/wp\/v2\/types\/post"}],"author":[{"embeddable":true,"href":"https:\/\/dimensionturistica.com\/es\/wp-json\/wp\/v2\/users\/4"}],"replies":[{"embeddable":true,"href":"https:\/\/dimensionturistica.com\/es\/wp-json\/wp\/v2\/comments?post=472038"}],"version-history":[{"count":0,"href":"https:\/\/dimensionturistica.com\/es\/wp-json\/wp\/v2\/posts\/472038\/revisions"}],"wp:featuredmedia":[{"embeddable":true,"href":"https:\/\/dimensionturistica.com\/es\/wp-json\/wp\/v2\/media\/471047"}],"wp:attachment":[{"href":"https:\/\/dimensionturistica.com\/es\/wp-json\/wp\/v2\/media?parent=472038"}],"wp:term":[{"taxonomy":"category","embeddable":true,"href":"https:\/\/dimensionturistica.com\/es\/wp-json\/wp\/v2\/categories?post=472038"},{"taxonomy":"post_tag","embeddable":true,"href":"https:\/\/dimensionturistica.com\/es\/wp-json\/wp\/v2\/tags?post=472038"}],"curies":[{"name":"wp","href":"https:\/\/api.w.org\/{rel}","templated":true}]}}