{"id":471883,"date":"2023-01-21T23:54:24","date_gmt":"2023-01-21T23:54:24","guid":{"rendered":"https:\/\/dimensionturistica.com\/es\/?p=471883"},"modified":"2023-01-21T23:54:24","modified_gmt":"2023-01-21T23:54:24","slug":"hotels-viva-arranca-la-temporada-con-la-reapertura-de-2-hoteles-en-febrero","status":"publish","type":"post","link":"https:\/\/dimensionturistica.com\/es\/hotels-viva-arranca-la-temporada-con-la-reapertura-de-2-hoteles-en-febrero\/","title":{"rendered":"Hotels VIVA arranca la temporada con la reapertura de 2 hoteles en febrero"},"content":{"rendered":"<p> <br \/>\n<\/p>\n<div>\n<div class=\"wysiwyg-photo\"><img decoding=\"async\" src=\"https:\/\/static.hosteltur.com\/app\/public\/uploads\/img\/releases\/2023\/01\/19\/L_130721_vivagolf-277-rtq.jpg\" alt=\"Imagen nota de prensa Hosteltur\" width=\"2000\" height=\"1334\"\/><\/div>\n<p>Las fechas escogidas para volver a abrir sus puertas son, en el caso del lodge VIVA Golf 18+ el 3 de febrero y para el VIVA Blue &amp; Spa el 17 de febrero. Esto supone empezar la temporada muy pronto y dar un paso m\u00e1s de cara a la reducci\u00f3n de la estacionalizaci\u00f3n, que tanto impacta la industria tur\u00edstica balear. Este ha sido siempre uno de los principales objetivos globales de la cadena hotelera en el norte de Mallorca, con lo que abrir este a\u00f1o 2023 dos de sus establecimientos dentro de los 20 primeros d\u00edas de febrero es todo un \u00e9xito para Accommodations VIVA.<\/p>\n<p><em><strong>M\u00e1s variedad de oferta, menos estacionalidad<\/strong><\/em><\/p>\n<p>Parte de este avance hacia la desestacionalizaci\u00f3n viene marcado por su apuesta por unas instalaciones muy completas con todo tipo de servicios, lo que convierte su oferta en un gran atractivo para un variado rango de hu\u00e9spedes durante todo el a\u00f1o. Por ejemplo, el VIVA Golf, lodge que reabrir\u00e1 el primero, se ha convertido desde hace a\u00f1os en el segundo hogar para el equipo ciclista INEOS, que acuden a Mallorca para preparar la temporada. Tener a este grupo de deportistas de \u00e9lite ha permitido al lodge poder subir la barrera m\u00e1s pronto, con lo que ello implica no solo para la plantilla, sino tambi\u00e9n para otros negocios de la zona donde est\u00e1 ubicado el establecimiento, que del mismo modo se benefician de su estancia en la isla durante los meses de invierno.<\/p>\n<p>De esta manera, Accommodations VIVA encara el inicio de la temporada 2023 desde el mes de febrero. Entre otras novedades, contin\u00faa ampliando su categor\u00eda Choice Membership ofreci\u00e9ndose, ahora tambi\u00e9n, en su establecimiento VIVA Dawn. Garantiza con esta opci\u00f3n unas vacaciones a medida para esos clientes que buscan a\u00f1adir un plus de exclusividad a su estancia.<\/p>\n<p>VIVA Golf, lodge destinado \u00fanicamente a hu\u00e9spedes adultos y ubicado muy cerca de los mejores campos de golf de Mallorca, ha sido objeto de numerosas mejoras en sus habitaciones, comedores, terrazas y piscinas durante los dos \u00faltimos a\u00f1os. Por su parte, el VIVA Blue &amp; Spa, que es un aparthotel con instalaciones premium y una ubicaci\u00f3n fant\u00e1stica junto al Parque Pure de S\u00b4Albufera y a escasos 100 metros de una de las mejores playas del mundo, Playa de Muro, cuenta, desde el a\u00f1o pasado, con todos los servicios y ventajas asociadas a Choice Membership, la categor\u00eda m\u00e1s exclusiva de la cadena.<\/p>\n<\/p><\/div>\n\n<p><em> &#8221; Fuentes news.google.com &#8221; <\/em><\/p>\n","protected":false},"excerpt":{"rendered":"<p>Las fechas escogidas para volver a abrir sus puertas son, en el caso del lodge VIVA Golf 18+ el 3 de febrero y para el VIVA Blue &amp; Spa el 17 de febrero. Esto supone empezar la temporada muy pronto y dar un paso m\u00e1s de cara a la reducci\u00f3n de la estacionalizaci\u00f3n, que tanto [&hellip;]<\/p>\n","protected":false},"author":4,"featured_media":471884,"comment_status":"open","ping_status":"closed","sticky":false,"template":"","format":"standard","meta":{"om_disable_all_campaigns":false,"jnews-multi-image_gallery":[],"jnews_single_post":[],"jnews_primary_category":[],"jnews_social_meta":[],"footnotes":""},"categories":[39],"tags":[1140],"class_list":["post-471883","post","type-post","status-publish","format-standard","has-post-thumbnail","hentry","category-viajes","tag-hoteles-y-alojamientos"],"_links":{"self":[{"href":"https:\/\/dimensionturistica.com\/es\/wp-json\/wp\/v2\/posts\/471883","targetHints":{"allow":["GET"]}}],"collection":[{"href":"https:\/\/dimensionturistica.com\/es\/wp-json\/wp\/v2\/posts"}],"about":[{"href":"https:\/\/dimensionturistica.com\/es\/wp-json\/wp\/v2\/types\/post"}],"author":[{"embeddable":true,"href":"https:\/\/dimensionturistica.com\/es\/wp-json\/wp\/v2\/users\/4"}],"replies":[{"embeddable":true,"href":"https:\/\/dimensionturistica.com\/es\/wp-json\/wp\/v2\/comments?post=471883"}],"version-history":[{"count":0,"href":"https:\/\/dimensionturistica.com\/es\/wp-json\/wp\/v2\/posts\/471883\/revisions"}],"wp:featuredmedia":[{"embeddable":true,"href":"https:\/\/dimensionturistica.com\/es\/wp-json\/wp\/v2\/media\/471884"}],"wp:attachment":[{"href":"https:\/\/dimensionturistica.com\/es\/wp-json\/wp\/v2\/media?parent=471883"}],"wp:term":[{"taxonomy":"category","embeddable":true,"href":"https:\/\/dimensionturistica.com\/es\/wp-json\/wp\/v2\/categories?post=471883"},{"taxonomy":"post_tag","embeddable":true,"href":"https:\/\/dimensionturistica.com\/es\/wp-json\/wp\/v2\/tags?post=471883"}],"curies":[{"name":"wp","href":"https:\/\/api.w.org\/{rel}","templated":true}]}}